{"id":324696,"date":"2020-01-17T17:36:36","date_gmt":"2020-01-17T21:36:36","guid":{"rendered":"http:\/\/primermomento.com\/?p=324696"},"modified":"2020-01-17T17:36:37","modified_gmt":"2020-01-17T21:36:37","slug":"30-mil-hogares-recibirian-energia-solar-del-parque-canoa","status":"publish","type":"post","link":"https:\/\/primermomento.com\/?p=324696","title":{"rendered":"30 mil hogares recibir\u00edan energ\u00eda solar del parque Canoa"},"content":{"rendered":"\n<p>BARAHONA,<strong> <\/strong>Rep\u00fablica Dominicana.- El presidente Danilo Medina asisti\u00f3 al  inicio de operaciones del parque Solar Canoa, que abastecer\u00e1 de luz a 30  mil hogares al a\u00f1o.<\/p>\n\n\n\n<figure class=\"wp-block-image size-large\"><img loading=\"lazy\" decoding=\"async\" width=\"1024\" height=\"575\" src=\"http:\/\/primermomento.com\/wp-content\/uploads\/2020\/01\/energia-renovable-barahona-rd-1024x575.jpeg\" alt=\"\" class=\"wp-image-324697\" srcset=\"https:\/\/primermomento.com\/wp-content\/uploads\/2020\/01\/energia-renovable-barahona-rd-1024x575.jpeg 1024w, https:\/\/primermomento.com\/wp-content\/uploads\/2020\/01\/energia-renovable-barahona-rd-300x169.jpeg 300w, https:\/\/primermomento.com\/wp-content\/uploads\/2020\/01\/energia-renovable-barahona-rd-768x432.jpeg 768w, https:\/\/primermomento.com\/wp-content\/uploads\/2020\/01\/energia-renovable-barahona-rd-1536x863.jpeg 1536w, https:\/\/primermomento.com\/wp-content\/uploads\/2020\/01\/energia-renovable-barahona-rd-216x120.jpeg 216w, https:\/\/primermomento.com\/wp-content\/uploads\/2020\/01\/energia-renovable-barahona-rd-500x281.jpeg 500w, https:\/\/primermomento.com\/wp-content\/uploads\/2020\/01\/energia-renovable-barahona-rd-280x157.jpeg 280w, https:\/\/primermomento.com\/wp-content\/uploads\/2020\/01\/energia-renovable-barahona-rd-638x358.jpeg 638w, https:\/\/primermomento.com\/wp-content\/uploads\/2020\/01\/energia-renovable-barahona-rd-118x66.jpeg 118w, https:\/\/primermomento.com\/wp-content\/uploads\/2020\/01\/energia-renovable-barahona-rd-479x269.jpeg 479w, https:\/\/primermomento.com\/wp-content\/uploads\/2020\/01\/energia-renovable-barahona-rd.jpeg 1600w\" sizes=\"auto, (max-width: 1024px) 100vw, 1024px\" \/><\/figure>\n\n\n\n<p>Este parque solar, ubicado en el kil\u00f3metro 156 de la Carretera \nS\u00e1nchez, en la comunidad Canoa, tiene una capacidad de 25 megavatios en \nsu primera fase.<\/p>\n\n\n\n<p>Se trata de una inversi\u00f3n de 45 millones de d\u00f3lares que gener\u00f3 \ndurante su construcci\u00f3n 450 empleos aproximadamente. Los inversionistas \nson Potentia Renewables, a trav\u00e9s de su subsidiaria Emerald Solar \nEnergy.<\/p>\n\n\n\n<p>Canoa Solar forma parte del Plan de Apoyo a los Proyectos de Energ\u00edas\n Renovables, promovido por el Estado dominicano e impulsado por la \nCorporaci\u00f3n Dominicana de Empresas El\u00e9ctricas Estatales (CDEEE).<\/p>\n\n\n\n<p>Ocupa una superficie de 325,109.5 metros cuadrados.<\/p>\n\n\n\n<p>Durante el acto habl\u00f3 el vicepresidente de la Corporaci\u00f3n Dominicana \nde Empresas El\u00e9ctricas Estatales (CDEE), Rub\u00e9n Jim\u00e9nez Bichara, quien \nmanifest\u00f3 que con Canoa Solar se evitar\u00e1 la emisi\u00f3n de m\u00e1s de 21,193 \ntoneladas de CO2 a la atm\u00f3sfera y la reducci\u00f3n de 12,850 barriles de \npetr\u00f3leo al a\u00f1o.<\/p>\n\n\n\n<p>\u00abNo hay dudas de que superaremos con creces la meta del 25 por ciento  de inyecci\u00f3n de energ\u00eda producto de fuentes renovables al SENI, mucho  antes de la fecha prevista que es el 2025. Ya estamos en un 22 por  ciento\u00bb.<\/p>\n\n\n\n<p class=\"has-text-align-right\">DICOM<\/p>\n","protected":false},"excerpt":{"rendered":"<p>BARAHONA, Rep\u00fablica Dominicana.- El presidente Danilo Medina asisti\u00f3 al inicio de operaciones del parque Solar Canoa, que abastecer\u00e1 de luz a 30 mil hogares al a\u00f1o. Este parque solar, ubicado en el kil\u00f3metro 156 de la Carretera S\u00e1nchez, en la comunidad Canoa, tiene una capacidad de 25 megavatios en su primera fase. Se trata de [&hellip;]<\/p>\n","protected":false},"author":1,"featured_media":0,"comment_status":"open","ping_status":"open","sticky":false,"template":"","format":"standard","meta":{"_bbp_topic_count":0,"_bbp_reply_count":0,"_bbp_total_topic_count":0,"_bbp_total_reply_count":0,"_bbp_voice_count":0,"_bbp_anonymous_reply_count":0,"_bbp_topic_count_hidden":0,"_bbp_reply_count_hidden":0,"_bbp_forum_subforum_count":0,"footnotes":""},"categories":[60,32],"tags":[],"class_list":{"0":"post-324696","1":"post","2":"type-post","3":"status-publish","4":"format-standard","6":"category-titulares-del-dia","7":"category-lo-ultimo"},"_links":{"self":[{"href":"https:\/\/primermomento.com\/index.php?rest_route=\/wp\/v2\/posts\/324696","targetHints":{"allow":["GET"]}}],"collection":[{"href":"https:\/\/primermomento.com\/index.php?rest_route=\/wp\/v2\/posts"}],"about":[{"href":"https:\/\/primermomento.com\/index.php?rest_route=\/wp\/v2\/types\/post"}],"author":[{"embeddable":true,"href":"https:\/\/primermomento.com\/index.php?rest_route=\/wp\/v2\/users\/1"}],"replies":[{"embeddable":true,"href":"https:\/\/primermomento.com\/index.php?rest_route=%2Fwp%2Fv2%2Fcomments&post=324696"}],"version-history":[{"count":1,"href":"https:\/\/primermomento.com\/index.php?rest_route=\/wp\/v2\/posts\/324696\/revisions"}],"predecessor-version":[{"id":324698,"href":"https:\/\/primermomento.com\/index.php?rest_route=\/wp\/v2\/posts\/324696\/revisions\/324698"}],"wp:attachment":[{"href":"https:\/\/primermomento.com\/index.php?rest_route=%2Fwp%2Fv2%2Fmedia&parent=324696"}],"wp:term":[{"taxonomy":"category","embeddable":true,"href":"https:\/\/primermomento.com\/index.php?rest_route=%2Fwp%2Fv2%2Fcategories&post=324696"},{"taxonomy":"post_tag","embeddable":true,"href":"https:\/\/primermomento.com\/index.php?rest_route=%2Fwp%2Fv2%2Ftags&post=324696"}],"curies":[{"name":"wp","href":"https:\/\/api.w.org\/{rel}","templated":true}]}}