{"id":325686,"date":"2020-02-22T15:25:12","date_gmt":"2020-02-22T19:25:12","guid":{"rendered":"http:\/\/primermomento.com\/?p=325686"},"modified":"2020-02-22T15:26:48","modified_gmt":"2020-02-22T19:26:48","slug":"bajo-protestas-y-ante-la-marcha-opositora-el-gobierno-admite-crisis-y-busca-negociar","status":"publish","type":"post","link":"https:\/\/primermomento.com\/?p=325686","title":{"rendered":"Bajo protestas y ante la marcha opositora, el gobierno admite crisis y busca negociar"},"content":{"rendered":"\n<p>SANTO DOMINGO, Rep\u00fablica Dominicana.- El crecimiento exponencial de las protestas por lo que se entiende  como sabotaje de las elecciones municipales el pasado domingo, y la  convocatoria para ma\u00f1ana de una marcha&nbsp; de los 14 partidos de oposici\u00f3n y  grupos sociales parece haber convencido al gobierno de que el pa\u00eds  afronta una fuerte crisis pol\u00edtica e institucional y a disponerse a  buscar soluci\u00f3n.<\/p>\n\n\n\n<figure class=\"wp-block-image size-large\"><img loading=\"lazy\" decoding=\"async\" width=\"546\" height=\"350\" src=\"http:\/\/primermomento.com\/wp-content\/uploads\/2020\/02\/protestas-por-la-democracia.jpeg\" alt=\"\" class=\"wp-image-325687\" srcset=\"https:\/\/primermomento.com\/wp-content\/uploads\/2020\/02\/protestas-por-la-democracia.jpeg 546w, https:\/\/primermomento.com\/wp-content\/uploads\/2020\/02\/protestas-por-la-democracia-300x192.jpeg 300w, https:\/\/primermomento.com\/wp-content\/uploads\/2020\/02\/protestas-por-la-democracia-500x321.jpeg 500w, https:\/\/primermomento.com\/wp-content\/uploads\/2020\/02\/protestas-por-la-democracia-280x179.jpeg 280w, https:\/\/primermomento.com\/wp-content\/uploads\/2020\/02\/protestas-por-la-democracia-118x76.jpeg 118w, https:\/\/primermomento.com\/wp-content\/uploads\/2020\/02\/protestas-por-la-democracia-479x307.jpeg 479w\" sizes=\"auto, (max-width: 546px) 100vw, 546px\" \/><\/figure>\n\n\n\n<p>El presidente Danilo Medina dispuso ayer suspender la \u201cpantomima de \ninvestigaci\u00f3n\u201d de su Ministerio P\u00fablico que implicaba a un escolta del \ncandidato presidencial opositor Luis Abinader, mientras la Junta Central\n Electoral (JCE) suspend\u00eda a su director de inform\u00e1tica y la embajada de\n Estados Unidos informaba que espera elecciones libres, justas y \ntransparentes.<\/p>\n\n\n\n<p><strong>M\u00faltiples acontecimientos<\/strong><\/p>\n\n\n\n<p>Al caer la semana y en la sexta jornada tras lo que ha parecido como \nsabotaje a las elecciones municipales, el gobierno pareci\u00f3 ayer admitir \nque el pa\u00eds afronta una seria crisis pol\u00edtico-institucional y se abri\u00f3 a\n una negociaci\u00f3n con la oposici\u00f3n, disponiendo de inmediato la \nsuspensi\u00f3n de la \u201cinvestigaci\u00f3n\u201d que llevaba a cabo la Procuradur\u00eda \nGeneral de la Rep\u00fablica, incluyendo torturas, enfocada en inculpar del \ncolapso electoral al coronel Antonio Guzm\u00e1n Peralta, escolta del \ncandidato presidencial de 7 partidos, Luis Abinader, y al t\u00e9cnico de \ntelecomunicaciones Manuel Regalado, libertados de inmediato. Mientras el\n Comit\u00e9 de Derechos Humanos declaraba que ambos han sido utilizados como\n \u201cchivos expiatorios\u201d para tapar a los autores y responsables del \nintento de fraude electoral\u201d.<\/p>\n\n\n\n<p>Por otro lado el pleno de la JCE solicit\u00f3 ayer el apoyo a la \nOrganizaci\u00f3n de los Estados Americanos (OEA) para conformar un equipo de\n t\u00e9cnicos que puedan auditar los equipos del Sistema de Voto \nAutomatizado que se utilizar\u00eda en las elecciones municipales, dando \n\u201crespuesta a la&nbsp; ciudadan\u00eda que demanda, leg\u00edtimamente, una explicaci\u00f3n \nde lo acontecido\u201d, y anunci\u00f3 la suspensi\u00f3n de su&nbsp; director de \ninform\u00e1tica, Miguel \u00c1ngel Garc\u00eda, hasta que se realice la investigaci\u00f3n \ninternacional para establecer las causas que impidieron el voto \nautom\u00e1tico y determinaron la suspensi\u00f3n de los comicios municipales.<\/p>\n\n\n\n<p>Al mismo tiempo el consejero de asuntos p\u00fablicos de la embajada de \nEstados Unidos, Chase Beamer, inform\u00f3 que \u201cEstados Unidos sigue de cerca\n los acontecimientos electorales en la Rep\u00fablica Dominicana\u201d y reiter\u00f3 \nsu \u201capoyo a los procesos electorales, con elecciones libres, justas y \ntransparentes\u201d.<\/p>\n\n\n\n<figure class=\"wp-block-image size-large\"><img loading=\"lazy\" decoding=\"async\" width=\"640\" height=\"426\" src=\"http:\/\/primermomento.com\/wp-content\/uploads\/2020\/02\/Participacion-Ciudadana1.jpg\" alt=\"\" class=\"wp-image-325690\" srcset=\"https:\/\/primermomento.com\/wp-content\/uploads\/2020\/02\/Participacion-Ciudadana1.jpg 640w, https:\/\/primermomento.com\/wp-content\/uploads\/2020\/02\/Participacion-Ciudadana1-300x200.jpg 300w, https:\/\/primermomento.com\/wp-content\/uploads\/2020\/02\/Participacion-Ciudadana1-73x50.jpg 73w, https:\/\/primermomento.com\/wp-content\/uploads\/2020\/02\/Participacion-Ciudadana1-500x333.jpg 500w, https:\/\/primermomento.com\/wp-content\/uploads\/2020\/02\/Participacion-Ciudadana1-280x186.jpg 280w, https:\/\/primermomento.com\/wp-content\/uploads\/2020\/02\/Participacion-Ciudadana1-60x40.jpg 60w, https:\/\/primermomento.com\/wp-content\/uploads\/2020\/02\/Participacion-Ciudadana1-638x425.jpg 638w, https:\/\/primermomento.com\/wp-content\/uploads\/2020\/02\/Participacion-Ciudadana1-118x79.jpg 118w, https:\/\/primermomento.com\/wp-content\/uploads\/2020\/02\/Participacion-Ciudadana1-479x319.jpg 479w\" sizes=\"auto, (max-width: 640px) 100vw, 640px\" \/><\/figure>\n\n\n\n<p>Y Participaci\u00f3n Ciudadana acus\u00f3 al Procurador Jean Alain Rodr\u00edguez de\n intento de desplazar gran parte de los fiscales para garantizar control\n e impunidad desde&nbsp; el Ministerio P\u00fablico.<\/p>\n\n\n\n<p><strong>Como si no pasara nada<\/strong><\/p>\n\n\n\n<p>La crisis electoral empez\u00f3 a trascender la noche del s\u00e1bado por \ndenuncias de la oposici\u00f3n de que estaban manipulando las computadoras a \nutilizarse en las elecciones del d\u00eda 16 y estallar\u00eda temprano del \ndomingo cuando fue generalizado que las boletas electr\u00f3nicas aparec\u00edan \nincompletas. Luego se inform\u00f3 que los t\u00e9cnicos de la JCE supieron del \nproblema desde el mediod\u00eda sabatino, y por eso concurrieron a los \ncentros de votaci\u00f3n tratando, in\u00fatilmente, de corregir la anomal\u00eda, sin \nhaber informado a los delegados de los partidos ni a los asesores y \nobservadores.<\/p>\n\n\n\n<p>La JCE repiti\u00f3 el error al reconvocar las elecciones, ahora para el \n15 de marzo, sin previa consulta con los partidos, que desde el domingo \nse acusaban unos a otros. El PLD y aliados dijeron en comunicado que lo \nocurrido hab\u00eda sido \u201cun sabotaje\u201d y culpaban a \u201cdiferentes sectores de \nla oposici\u00f3n\u201d. Los partidos opositores culpaban a los oficialistas del \ncolapso del sistema automatizado \u201cpara evitar una aplastante derrota\u201d.<\/p>\n\n\n\n<p>Con la convocatoria a nuevos comicios y un discurso del presidente \nDanilo Medina en la jornada del lunes, llamando a la moderaci\u00f3n y la \nprudencia, con discreto pedido de investigaci\u00f3n, tanto la JCE como el \ngobierno actuaban \u201ccomo si no pasara nada\u201d, y el partido de gobierno \nguardaba silencio, &nbsp;aunque toda la oposici\u00f3n los responsabilizaba del \ncolapso sin precedente y se generalizaba la percepci\u00f3n de una grave \ncrisis.<\/p>\n\n\n\n<p>El mi\u00e9rcoles la JCE celebr\u00f3 una marat\u00f3nica audiencia con los \ndelegados t\u00e9cnicos de los partidos y el jueves se inform\u00f3 que se dispuso\n otorgar otros 1,506 millones de pesos a los partidos para \u201ccompensar \nsus gastos perdidos\u201d y ayer en la ma\u00f1ana el candidato oficialista,&nbsp; \nGonzalo Castillo, reanudaba la publicaci\u00f3n de p\u00e1ginas de promoci\u00f3n en \nlos diarios y propaganda en los medios electr\u00f3nicos, en violaci\u00f3n de la \nley electoral que la proh\u00edbe hasta que se proclame el inicio de la \ncampa\u00f1a presidencial, lo que ha hecho por meses sin intervenci\u00f3n de la \nabrumada JCE.<\/p>\n\n\n\n<p><strong>\u201cJusticia o esto se va a jod\u00e9\u201d<\/strong><\/p>\n\n\n\n<p>De repente apareci\u00f3 un actor inesperado, cuando grupos de j\u00f3venes sin\n militancia partidista y miembros del partido Alianza Pa\u00eds comenzaron a \nconcurrir a la Plaza de la Bandera, frente a la JCE a demandar \nexplicaciones sobre por qu\u00e9 les impidieron ejercer su derecho al voto. \nEl lunes aparecieron apenas dos o trescientos, que se multiplicar\u00edan \nexponencialmente cada noche, hasta sumar de 8 a 10 mil el jueves. Pero \nlas convocatorias se reproduc\u00edan y en Santiago tambi\u00e9n se hicieron \ndiarias y masivas.<\/p>\n\n\n\n<p>Las protestas se extender\u00edan por otras ciudades grandes como Puerto \nplata, La Vega, San Crist\u00f3bal y hasta en peque\u00f1as como Villa Altagracia y\n Ver\u00f3n, y en el exterior a Nueva York, Par\u00eds, Londres, Madrid, \nBarcelona, Amsterdam, Zurich y Florida. Por todas partes se incorporaban\n artistas&nbsp; y comunicadores que llenaban las redes con afiches y \nexpresiones art\u00edsticas. El poeta callejero Rosado mont\u00f3 una canci\u00f3n en \nel escenario de la Plaza de la Bandera, con fuertes expresiones de apoyo\n incluyendo un estribillo de \u201cjusticia o esto se va a jod\u00e9\u201d, que se \nreproduc\u00eda por todas las redes y en peri\u00f3dicos digitales.<\/p>\n\n\n\n<p>La rapid\u00edsima condena de la JCE y del gobierno a las bombas \nlacrim\u00f3genas lanzadas contra los j\u00f3venes de la plaza la noche del \nmartes, no impidi\u00f3 la multiplicaci\u00f3n de las protestas y la indignaci\u00f3n \nque desde entonces dominan las redes sociales, mientras los analistas \nvinculan el estallido con los protagonismos de los j\u00f3venes en las crisis\n de los \u00faltimos a\u00f1os en Egipto, Grecia, Espa\u00f1a, Nueva York y Chile. La \ncaracter\u00edstica com\u00fan es que los protagonistas iniciales han sido j\u00f3venes\n de las clases medias sin militancia partidista.<\/p>\n\n\n\n<p><strong>El gobierno se preocupa<\/strong><\/p>\n\n\n\n<p>El estallido de las protestas comenz\u00f3 a preocupar al gobierno desde \nel mi\u00e9rcoles, cuando ministros acudieron a los medios de comunicaci\u00f3n y a\n entidades empresariales expresando disposici\u00f3n a respaldar la \ninvestigaci\u00f3n internacional que desde el comienzo reclamaba la oposici\u00f3n\n y los manifestantes. Desde ese d\u00eda se generaliz\u00f3 la convicci\u00f3n de que \nhay una crisis pol\u00edtico institucional, despu\u00e9s que fuera admitida por el\n presidente de la JCE, quien concedi\u00f3 que ten\u00eda su credibilidad en \nsuspenso, pidi\u00f3 excusa a la poblaci\u00f3n, y lleg\u00f3 a proclamar que \u201cla Junta\n tiene que nacer de nuevo\u201d.<\/p>\n\n\n\n<p>El anuncio de los 14 partidos de la oposici\u00f3n, respaldados por grupos\n sociales, de una \u201cGran Marcha por la Democracia\u201d para ma\u00f1ana domingo \npor la avenida 27 de febrero, hasta la plaza de la Bandera, facilitar\u00eda \nque el gobierno aceptara una mediaci\u00f3n del Consejo Nacional de la \nEmpresa Privada para promover alg\u00fan acuerdo. Los partidos adelantaron \nque en su manifestaci\u00f3n presentar\u00e1n demandas de garant\u00edas para \nelecciones libres con equidad y sin irrupci\u00f3n del Estado, tanto en marzo\n como en las presidenciales y congresuales de mayo.<\/p>\n\n\n\n<p>En la ma\u00f1ana de ayer el presidente del CONEP, Pedro Brache, hac\u00eda \ncontactos con l\u00edderes de oposici\u00f3n, con una propuesta de tregua hasta \nque se realice la investigaci\u00f3n por parte de la OEA o de la Fundaci\u00f3n \nInternacional para Sistemas Electorales (IFES), como demandaba la \noposici\u00f3n, que hab\u00eda pedido la permanencia en el pa\u00eds de personal de \nesas instituciones hasta las elecciones presidenciales.<\/p>\n\n\n\n<p><strong>La proclama opositora &nbsp;&nbsp;<\/strong><\/p>\n\n\n\n<p>Dirigentes de los 14 partidos opositores, que incluyen las dos \ncoaliciones que postulan a Luis Abinader y a Leonel Fern\u00e1ndez, de 7 y 6 \npartidos respectivamente, y Alianza Pa\u00eds que sustenta la candidatura de \nGuillermo Moreno, establec\u00edan las demandas que formular\u00e1n al gobierno y a\n la coalici\u00f3n que postula a Gonzalo Castillo, las cuales ser\u00e1n \nproclamadas en la marcha de ma\u00f1ana, cuando les lleg\u00f3 informaci\u00f3n sobre \nla disposici\u00f3n del gobierno.<\/p>\n\n\n\n<p>Predomin\u00f3 saludar que el oficialismo reconociera la existencia de una\n crisis y mostrara apertura a la b\u00fasqueda de acuerdo, m\u00e1s a\u00fan cuando se \nenteraron de las resoluciones del pleno de la JCE y la disposici\u00f3n del \ngobierno para que la PGR suspendiera su \u201cinvestigaci\u00f3n\u201d dejando libre al\n coronel Guzm\u00e1n y al t\u00e9cnico Regalado. Pero remitiendo a las demandas \nespec\u00edficas para la equidad electoral que presentar\u00e1n este domingo.<\/p>\n\n\n\n<p>Los opositores se inclinan por un di\u00e1logo al m\u00e1s alto nivel, que \nincluya al presidente Danilo Medina, por considerar que \u00e9l es un actor \nprotagonista del proceso de crisis pol\u00edtica e institucional que se viene\n configurando hace m\u00e1s de un a\u00f1o, que incluyeron los intentos de otra \nreforma constitucional reeleccionista y los abusos del Estado \ndenunciados para las elecciones primarias, as\u00ed como en la campa\u00f1a para \nlas municipales.<\/p>\n\n\n\n<p>En los c\u00edrculos opositores existe la determinaci\u00f3n de no defraudar  las demandas de esclarecimiento del boicot electoral, y sanciones a los  responsables, y de garant\u00edas para unas elecciones a celebrarse en solo  tres semanas, y especialmente para las presidenciales y congresuales  cuando estar\u00e1 en juego todo el poder del Estado. Hay quienes plantean  que ser\u00eda una tonter\u00eda tirar la toalla al gobierno sin lograr garant\u00edas  espec\u00edficas que reduzcan los abusos del Estado en las campa\u00f1as  electorales.-<\/p>\n\n\n\n<p class=\"has-text-align-right\">Juan Bol\u00edvar D\u00edaz<\/p>\n","protected":false},"excerpt":{"rendered":"<p>SANTO DOMINGO, Rep\u00fablica Dominicana.- El crecimiento exponencial de las protestas por lo que se entiende como sabotaje de las elecciones municipales el pasado domingo, y la convocatoria para ma\u00f1ana de una marcha&nbsp; de los 14 partidos de oposici\u00f3n y grupos sociales parece haber convencido al gobierno de que el pa\u00eds afronta una fuerte crisis pol\u00edtica [&hellip;]<\/p>\n","protected":false},"author":1,"featured_media":0,"comment_status":"open","ping_status":"open","sticky":false,"template":"","format":"standard","meta":{"_bbp_topic_count":0,"_bbp_reply_count":0,"_bbp_total_topic_count":0,"_bbp_total_reply_count":0,"_bbp_voice_count":0,"_bbp_anonymous_reply_count":0,"_bbp_topic_count_hidden":0,"_bbp_reply_count_hidden":0,"_bbp_forum_subforum_count":0,"footnotes":""},"categories":[60,31],"tags":[],"class_list":{"0":"post-325686","1":"post","2":"type-post","3":"status-publish","4":"format-standard","6":"category-titulares-del-dia","7":"category-estados-unidos"},"_links":{"self":[{"href":"https:\/\/primermomento.com\/index.php?rest_route=\/wp\/v2\/posts\/325686","targetHints":{"allow":["GET"]}}],"collection":[{"href":"https:\/\/primermomento.com\/index.php?rest_route=\/wp\/v2\/posts"}],"about":[{"href":"https:\/\/primermomento.com\/index.php?rest_route=\/wp\/v2\/types\/post"}],"author":[{"embeddable":true,"href":"https:\/\/primermomento.com\/index.php?rest_route=\/wp\/v2\/users\/1"}],"replies":[{"embeddable":true,"href":"https:\/\/primermomento.com\/index.php?rest_route=%2Fwp%2Fv2%2Fcomments&post=325686"}],"version-history":[{"count":2,"href":"https:\/\/primermomento.com\/index.php?rest_route=\/wp\/v2\/posts\/325686\/revisions"}],"predecessor-version":[{"id":325691,"href":"https:\/\/primermomento.com\/index.php?rest_route=\/wp\/v2\/posts\/325686\/revisions\/325691"}],"wp:attachment":[{"href":"https:\/\/primermomento.com\/index.php?rest_route=%2Fwp%2Fv2%2Fmedia&parent=325686"}],"wp:term":[{"taxonomy":"category","embeddable":true,"href":"https:\/\/primermomento.com\/index.php?rest_route=%2Fwp%2Fv2%2Fcategories&post=325686"},{"taxonomy":"post_tag","embeddable":true,"href":"https:\/\/primermomento.com\/index.php?rest_route=%2Fwp%2Fv2%2Ftags&post=325686"}],"curies":[{"name":"wp","href":"https:\/\/api.w.org\/{rel}","templated":true}]}}