{"id":326490,"date":"2020-03-19T18:53:00","date_gmt":"2020-03-19T22:53:00","guid":{"rendered":"http:\/\/primermomento.com\/?p=326490"},"modified":"2020-03-19T21:24:25","modified_gmt":"2020-03-20T01:24:25","slug":"medina-emite-decreto-agiliza-compra-de-medicamentos-y-construccion-de-hospitales","status":"publish","type":"post","link":"https:\/\/primermomento.com\/?p=326490","title":{"rendered":"Medina emite decreto agiliza compra de medicamentos y construcci\u00f3n de hospitales"},"content":{"rendered":"\n<p>SANTO DOMINGO, Rep\u00fablica Dominicana.- El presidente Danilo Medina emiti\u00f3 el decreto 133-20, que ampl\u00eda la  declaratoria de emergencia a 5 instituciones, para ejecutar iniciativas  de prevenci\u00f3n, asistencia m\u00e9dica y construcci\u00f3n de infraestructura de  salud p\u00fablica ante el coronavirus (COVID-19).<\/p>\n\n\n\n<figure class=\"wp-block-image size-large\"><img loading=\"lazy\" decoding=\"async\" width=\"705\" height=\"529\" src=\"http:\/\/primermomento.com\/wp-content\/uploads\/2020\/03\/Ciudad-NY-con-mayor-foco-coronavirus-en-EE.UU_.jpg\" alt=\"\" class=\"wp-image-326234\" srcset=\"https:\/\/primermomento.com\/wp-content\/uploads\/2020\/03\/Ciudad-NY-con-mayor-foco-coronavirus-en-EE.UU_.jpg 705w, https:\/\/primermomento.com\/wp-content\/uploads\/2020\/03\/Ciudad-NY-con-mayor-foco-coronavirus-en-EE.UU_-300x225.jpg 300w, https:\/\/primermomento.com\/wp-content\/uploads\/2020\/03\/Ciudad-NY-con-mayor-foco-coronavirus-en-EE.UU_-120x90.jpg 120w, https:\/\/primermomento.com\/wp-content\/uploads\/2020\/03\/Ciudad-NY-con-mayor-foco-coronavirus-en-EE.UU_-500x375.jpg 500w, https:\/\/primermomento.com\/wp-content\/uploads\/2020\/03\/Ciudad-NY-con-mayor-foco-coronavirus-en-EE.UU_-280x210.jpg 280w, https:\/\/primermomento.com\/wp-content\/uploads\/2020\/03\/Ciudad-NY-con-mayor-foco-coronavirus-en-EE.UU_-638x479.jpg 638w, https:\/\/primermomento.com\/wp-content\/uploads\/2020\/03\/Ciudad-NY-con-mayor-foco-coronavirus-en-EE.UU_-118x89.jpg 118w, https:\/\/primermomento.com\/wp-content\/uploads\/2020\/03\/Ciudad-NY-con-mayor-foco-coronavirus-en-EE.UU_-479x359.jpg 479w\" sizes=\"auto, (max-width: 705px) 100vw, 705px\" \/><\/figure>\n\n\n\n<p>La disposici\u00f3n del Poder Ejecutivo permitir\u00e1 agilizar y ampliar las \ncompras y contrataciones de insumos de salud para responder a la \npresente situaci\u00f3n de emergencia por el COVID-19.<\/p>\n\n\n\n<p>Fue dada a conocer por el portavoz del Gobierno y director general de\n Comunicaci\u00f3n, Roberto Rodr\u00edguez Marchena, a trav\u00e9s de su cuenta de la \nred social Twitter @RodrigMarchena.<\/p>\n\n\n\n<p>Las instituciones son:<\/p>\n\n\n\n<p>\u2022Ministerio de Salud P\u00fablica y Asistencia Social (MISPAS)<\/p>\n\n\n\n<p>\u2022Servicio Nacional de Salud (SNS)<\/p>\n\n\n\n<p>\u2022Programa de Medicamentos Esenciales Central de Apoyo Log\u00edstico (PROMESE\/CAL)<\/p>\n\n\n\n<p>\u2022Ministerio de Obras P\u00fablicas y Comunicaciones (MOPC)<\/p>\n\n\n\n<p>\u2022Oficina de Ingenieros Supervisores de Obras del Estado (OISOE)<\/p>\n\n\n\n<p>Esto permitir\u00e1 la finalizaci\u00f3n urgente de hospitales y centros de salud cuya construcci\u00f3n ya se encuentra avanzada.<\/p>\n\n\n\n<p>\u201cSi bien el resto de obras del pa\u00eds han sido paralizadas por las \nmedidas excepcionales, la construcci\u00f3n de infraestructuras cr\u00edticas de \nsalud podr\u00e1 continuar, por ser prioritarias en este momento\u201d, asegur\u00f3 el\n ministro de la Presidencia, Gustavo Montalvo, coordinador de la \nComisi\u00f3n de Alto Nivel para el Control y la Prevenci\u00f3n del COVID-19.<\/p>\n\n\n\n<p>Asimismo, el decreto liber\u00f3 el mecanismo que centralizaba las compras\n de &nbsp;Promese CAL, Ministerio de Salud P\u00fablica y Servicio Nacional de \nSalud.<\/p>\n\n\n\n<p>\u201cAntes, las tres instituciones deb\u00edan aprobar las compras y \nposteriormente el Ministerio de Salud era el \u00fanico que las ejecutaba, \nahora cada una de ellas podr\u00e1 realizar las compras por separado, lo que \nagilizar\u00e1 la adquisici\u00f3n de estos importantes insumos de prevenci\u00f3n y \ntratamiento\u201d, explic\u00f3 Montalvo.<\/p>\n\n\n\n<p><strong>Designan nuevo asesor m\u00e9dico<\/strong><\/p>\n\n\n\n<p>Por otra parte, la Comisi\u00f3n tambi\u00e9n reforz\u00f3 sus capacidades \noperativas con la designaci\u00f3n, mediante el decreto 131-20, del doctor \nJorge Marte B\u00e1ez como asesor m\u00e9dico del Poder Ejecutivo, quien de \ninmediato se incorporar\u00e1 a los trabajos de la comisi\u00f3n. &nbsp;<\/p>\n\n\n\n<p><strong>Dos nuevas comisiones dar\u00e1n seguimiento a medidas de atenci\u00f3n social y econ\u00f3micas<\/strong><\/p>\n\n\n\n<p>Se design\u00f3, asimismo, una comisi\u00f3n encargada de coordinar la \nejecuci\u00f3n de los planes sociales del gobierno, que ampliar\u00e1n \nsustancialmente su apoyo a la poblaci\u00f3n ante las medidas excepcionales \npuestas en marcha.<\/p>\n\n\n\n<p>Dicha comisi\u00f3n ser\u00e1 &nbsp;presidida por el ministro Administrativo de la Presidencia, Jos\u00e9 Ram\u00f3n Peralta.<\/p>\n\n\n\n<p>De la misma forma, se ha establecido una comisi\u00f3n para la \ncoordinaci\u00f3n &nbsp;de las medidas econ\u00f3micas y relativas a la preservaci\u00f3n \ndel empleo, que ser\u00e1 presidida por el ministro de Hacienda, Donald \nGuerrero.<\/p>\n\n\n\n<p>Ambas comisiones tienen por objeto paliar las consecuencias de las medidas instauradas para hacer frente a la epidemia.<\/p>\n\n\n\n<p>\u201cEstamos trabajando en todos los frentes para proteger a la \npoblaci\u00f3n. Por una parte, preservando la salud, pero por otra, dando \napoyo directo a aquellos que son m\u00e1s vulnerables econ\u00f3micamente y, al \nmismo tiempo, aliviando la carga a los empresarios y empleados. Todo \nello para que, a pesar de las dificultades, se preserven los empleos y \nlos ingresos de la gente\u201d.<\/p>\n\n\n\n<p><strong>Actualizaci\u00f3n evoluci\u00f3n coronavirus en el pa\u00eds<\/strong><\/p>\n\n\n\n<p>Finalmente, se informa a la ciudadan\u00eda que, a partir de ma\u00f1ana y  todos los d\u00edas, a las 10 de la ma\u00f1ana, el Ministerio de Salud P\u00fablica  ofrecer\u00e1 informaciones actualizadas acerca de la evoluci\u00f3n de la  situaci\u00f3n del Coronavirus en el pa\u00eds.<\/p>\n\n\n\n<p class=\"has-text-align-right\">DICOM \u00a0<\/p>\n","protected":false},"excerpt":{"rendered":"<p>SANTO DOMINGO, Rep\u00fablica Dominicana.- El presidente Danilo Medina emiti\u00f3 el decreto 133-20, que ampl\u00eda la declaratoria de emergencia a 5 instituciones, para ejecutar iniciativas de prevenci\u00f3n, asistencia m\u00e9dica y construcci\u00f3n de infraestructura de salud p\u00fablica ante el coronavirus (COVID-19). La disposici\u00f3n del Poder Ejecutivo permitir\u00e1 agilizar y ampliar las compras y contrataciones de insumos de [&hellip;]<\/p>\n","protected":false},"author":1,"featured_media":0,"comment_status":"open","ping_status":"open","sticky":false,"template":"","format":"standard","meta":{"_bbp_topic_count":0,"_bbp_reply_count":0,"_bbp_total_topic_count":0,"_bbp_total_reply_count":0,"_bbp_voice_count":0,"_bbp_anonymous_reply_count":0,"_bbp_topic_count_hidden":0,"_bbp_reply_count_hidden":0,"_bbp_forum_subforum_count":0,"footnotes":""},"categories":[60,36],"tags":[],"class_list":{"0":"post-326490","1":"post","2":"type-post","3":"status-publish","4":"format-standard","6":"category-titulares-del-dia","7":"category-salud"},"_links":{"self":[{"href":"https:\/\/primermomento.com\/index.php?rest_route=\/wp\/v2\/posts\/326490","targetHints":{"allow":["GET"]}}],"collection":[{"href":"https:\/\/primermomento.com\/index.php?rest_route=\/wp\/v2\/posts"}],"about":[{"href":"https:\/\/primermomento.com\/index.php?rest_route=\/wp\/v2\/types\/post"}],"author":[{"embeddable":true,"href":"https:\/\/primermomento.com\/index.php?rest_route=\/wp\/v2\/users\/1"}],"replies":[{"embeddable":true,"href":"https:\/\/primermomento.com\/index.php?rest_route=%2Fwp%2Fv2%2Fcomments&post=326490"}],"version-history":[{"count":1,"href":"https:\/\/primermomento.com\/index.php?rest_route=\/wp\/v2\/posts\/326490\/revisions"}],"predecessor-version":[{"id":326491,"href":"https:\/\/primermomento.com\/index.php?rest_route=\/wp\/v2\/posts\/326490\/revisions\/326491"}],"wp:attachment":[{"href":"https:\/\/primermomento.com\/index.php?rest_route=%2Fwp%2Fv2%2Fmedia&parent=326490"}],"wp:term":[{"taxonomy":"category","embeddable":true,"href":"https:\/\/primermomento.com\/index.php?rest_route=%2Fwp%2Fv2%2Fcategories&post=326490"},{"taxonomy":"post_tag","embeddable":true,"href":"https:\/\/primermomento.com\/index.php?rest_route=%2Fwp%2Fv2%2Ftags&post=326490"}],"curies":[{"name":"wp","href":"https:\/\/api.w.org\/{rel}","templated":true}]}}