{"id":326575,"date":"2020-03-23T14:20:00","date_gmt":"2020-03-23T18:20:00","guid":{"rendered":"http:\/\/primermomento.com\/?p=326575"},"modified":"2020-03-23T20:13:14","modified_gmt":"2020-03-24T00:13:14","slug":"trump-anuncia-pruebas-clinicas-en-ny-por-covid-19","status":"publish","type":"post","link":"https:\/\/primermomento.com\/?p=326575","title":{"rendered":"Trump anuncia pruebas cl\u00ednicas en NY por COVID-19"},"content":{"rendered":"\n<p> WASHINGTON, EEUU.- El presidente de Estados Unidos, Donald Trump dijo en una conferencia  de prensa este lunes que pr\u00f3ximamente comenzar\u00e1n las pruebas cl\u00ednicas  para pacientes del nuevo coronavirus.<\/p>\n\n\n\n<figure class=\"wp-block-image size-large\"><img loading=\"lazy\" decoding=\"async\" width=\"1023\" height=\"575\" src=\"http:\/\/primermomento.com\/wp-content\/uploads\/2020\/03\/trump-y-covid-19.jpg\" alt=\"\" class=\"wp-image-326576\" srcset=\"https:\/\/primermomento.com\/wp-content\/uploads\/2020\/03\/trump-y-covid-19.jpg 1023w, https:\/\/primermomento.com\/wp-content\/uploads\/2020\/03\/trump-y-covid-19-300x169.jpg 300w, https:\/\/primermomento.com\/wp-content\/uploads\/2020\/03\/trump-y-covid-19-768x432.jpg 768w, https:\/\/primermomento.com\/wp-content\/uploads\/2020\/03\/trump-y-covid-19-478x270.jpg 478w, https:\/\/primermomento.com\/wp-content\/uploads\/2020\/03\/trump-y-covid-19-216x120.jpg 216w, https:\/\/primermomento.com\/wp-content\/uploads\/2020\/03\/trump-y-covid-19-500x281.jpg 500w, https:\/\/primermomento.com\/wp-content\/uploads\/2020\/03\/trump-y-covid-19-280x157.jpg 280w, https:\/\/primermomento.com\/wp-content\/uploads\/2020\/03\/trump-y-covid-19-638x359.jpg 638w, https:\/\/primermomento.com\/wp-content\/uploads\/2020\/03\/trump-y-covid-19-118x66.jpg 118w, https:\/\/primermomento.com\/wp-content\/uploads\/2020\/03\/trump-y-covid-19-479x269.jpg 479w\" sizes=\"auto, (max-width: 1023px) 100vw, 1023px\" \/><figcaption> El presidente Trump anuncia el lunes nuevas medidas para enfrentar la pandemia del nuevo coronavirus en Estados Unidos. <\/figcaption><\/figure>\n\n\n\n<p>Trump adem\u00e1s envi\u00f3 un mensaje de aliento las personas que padecen la enfermedad COVID-19 producida por el nuevo coronavirus.<\/p>\n\n\n\n<p>Trump dijo que su administraci\u00f3n contin\u00faa trabajando para enfrentar la pandemia.<\/p>\n\n\n\n<p>\u00abNo estamos hechos para estar quietos\u00bb, dijo.<\/p>\n\n\n\n<p>El presidente Trump aplaudi\u00f3 la medida de mayor distanciamiento que  se ha tomado como precauci\u00f3n en la sala de prensa de la Casa Blanca.<\/p>\n\n\n\n<p> Tambi\u00e9n cuestion\u00f3 que se pida no reabrir los negocios tan r\u00e1pidamente:  \u00abNo vamos a dejar que el remedio sea peor que le enfermedad\u00bb, dijo,  aunque aclar\u00f3 que se har\u00e1 en el momento adecuado, que en su opini\u00f3n no  est\u00e1 demasiado lejos. <\/p>\n\n\n\n<p>Trump habl\u00f3 ante los medios en la Casa Blanca, flanqueado por \nmiembros de su gabinete que coordinan el Equipo de Trabajo para \nenfrentar el coronavirus.<\/p>\n\n\n\n<p>\u00abEstados Unidos volver\u00e1 a estar abierto para los negocios\u00bb, dijo  Trump, y agreg\u00f3: \u00abNo vamos a dejar que se convierta en un problema  financiero duradero\u00bb.<\/p>\n\n\n\n<p>El\n fiscal William Barr anunci\u00f3 una orden ejecutiva, donde la medida \nprincipal es que: \u201cSer\u00e1 un delito la especulaci\u00f3n de precios\u201d.<\/p>\n\n\n\n<p>Barr agradeci\u00f3 a la administraci\u00f3n los esfuerzos para implementar esta orden ejecutiva.<\/p>\n\n\n\n<p>Seg\u00fan datos de la Universidad Johns Hopkins, que compila informaci\u00f3n  de los Centros para el Control y Prevenci\u00f3n de las Enfermedades (CDC por  sus siglas en ingl\u00e9s), la Organizaci\u00f3n Mundial de la Salud y otros, en  Estados Unidos han fallecido 533 personas y hay un total de 43.214  infectados por COVID-19.<\/p>\n\n\n\n<p class=\"has-text-align-right\"><em>VOANEWS<\/em><\/p>\n","protected":false},"excerpt":{"rendered":"<p>WASHINGTON, EEUU.- El presidente de Estados Unidos, Donald Trump dijo en una conferencia de prensa este lunes que pr\u00f3ximamente comenzar\u00e1n las pruebas cl\u00ednicas para pacientes del nuevo coronavirus. Trump adem\u00e1s envi\u00f3 un mensaje de aliento las personas que padecen la enfermedad COVID-19 producida por el nuevo coronavirus. Trump dijo que su administraci\u00f3n contin\u00faa trabajando para [&hellip;]<\/p>\n","protected":false},"author":1,"featured_media":0,"comment_status":"open","ping_status":"open","sticky":false,"template":"","format":"standard","meta":{"_bbp_topic_count":0,"_bbp_reply_count":0,"_bbp_total_topic_count":0,"_bbp_total_reply_count":0,"_bbp_voice_count":0,"_bbp_anonymous_reply_count":0,"_bbp_topic_count_hidden":0,"_bbp_reply_count_hidden":0,"_bbp_forum_subforum_count":0,"footnotes":""},"categories":[60,36],"tags":[],"class_list":{"0":"post-326575","1":"post","2":"type-post","3":"status-publish","4":"format-standard","6":"category-titulares-del-dia","7":"category-salud"},"_links":{"self":[{"href":"https:\/\/primermomento.com\/index.php?rest_route=\/wp\/v2\/posts\/326575","targetHints":{"allow":["GET"]}}],"collection":[{"href":"https:\/\/primermomento.com\/index.php?rest_route=\/wp\/v2\/posts"}],"about":[{"href":"https:\/\/primermomento.com\/index.php?rest_route=\/wp\/v2\/types\/post"}],"author":[{"embeddable":true,"href":"https:\/\/primermomento.com\/index.php?rest_route=\/wp\/v2\/users\/1"}],"replies":[{"embeddable":true,"href":"https:\/\/primermomento.com\/index.php?rest_route=%2Fwp%2Fv2%2Fcomments&post=326575"}],"version-history":[{"count":1,"href":"https:\/\/primermomento.com\/index.php?rest_route=\/wp\/v2\/posts\/326575\/revisions"}],"predecessor-version":[{"id":326577,"href":"https:\/\/primermomento.com\/index.php?rest_route=\/wp\/v2\/posts\/326575\/revisions\/326577"}],"wp:attachment":[{"href":"https:\/\/primermomento.com\/index.php?rest_route=%2Fwp%2Fv2%2Fmedia&parent=326575"}],"wp:term":[{"taxonomy":"category","embeddable":true,"href":"https:\/\/primermomento.com\/index.php?rest_route=%2Fwp%2Fv2%2Fcategories&post=326575"},{"taxonomy":"post_tag","embeddable":true,"href":"https:\/\/primermomento.com\/index.php?rest_route=%2Fwp%2Fv2%2Ftags&post=326575"}],"curies":[{"name":"wp","href":"https:\/\/api.w.org\/{rel}","templated":true}]}}