{"id":326812,"date":"2020-03-27T19:48:59","date_gmt":"2020-03-27T23:48:59","guid":{"rendered":"http:\/\/primermomento.com\/?p=326812"},"modified":"2020-03-27T19:49:00","modified_gmt":"2020-03-27T23:49:00","slug":"trump-autoriza-llamar-un-millon-de-reservistas-a-filas-por-la-crisis-del-coronavirus","status":"publish","type":"post","link":"https:\/\/primermomento.com\/?p=326812","title":{"rendered":"Trump autoriza llamar un mill\u00f3n de reservistas a filas por la crisis del coronavirus"},"content":{"rendered":"\n<p> WASHINGTON, EEUU.- El presidente de Estados Unidos, Donald Trump, anunci\u00f3 este viernes  en la Casa Blanca que firm\u00f3 una orden ejecutiva que autoriza a llamar al  servicio activo a miles de reservistas, a tono con la crisis desatada  por la pandemia del nuevo coronavirus COVID-19.<\/p>\n\n\n\n<figure class=\"wp-block-image size-large\"><img loading=\"lazy\" decoding=\"async\" width=\"1023\" height=\"575\" src=\"http:\/\/primermomento.com\/wp-content\/uploads\/2020\/03\/trump-y-el-coronavirus.jpg\" alt=\"\" class=\"wp-image-326813\" srcset=\"https:\/\/primermomento.com\/wp-content\/uploads\/2020\/03\/trump-y-el-coronavirus.jpg 1023w, https:\/\/primermomento.com\/wp-content\/uploads\/2020\/03\/trump-y-el-coronavirus-300x169.jpg 300w, https:\/\/primermomento.com\/wp-content\/uploads\/2020\/03\/trump-y-el-coronavirus-768x432.jpg 768w, https:\/\/primermomento.com\/wp-content\/uploads\/2020\/03\/trump-y-el-coronavirus-478x270.jpg 478w, https:\/\/primermomento.com\/wp-content\/uploads\/2020\/03\/trump-y-el-coronavirus-216x120.jpg 216w, https:\/\/primermomento.com\/wp-content\/uploads\/2020\/03\/trump-y-el-coronavirus-500x281.jpg 500w, https:\/\/primermomento.com\/wp-content\/uploads\/2020\/03\/trump-y-el-coronavirus-280x157.jpg 280w, https:\/\/primermomento.com\/wp-content\/uploads\/2020\/03\/trump-y-el-coronavirus-638x359.jpg 638w, https:\/\/primermomento.com\/wp-content\/uploads\/2020\/03\/trump-y-el-coronavirus-118x66.jpg 118w, https:\/\/primermomento.com\/wp-content\/uploads\/2020\/03\/trump-y-el-coronavirus-479x269.jpg 479w\" sizes=\"auto, (max-width: 1023px) 100vw, 1023px\" \/><figcaption> El  presidente de estados Unidos, Donald Trump, firm\u00f3 este viernes una  orden ejecutiva que permite llamar a miles de soldados de la reserva al  servicio activo. <\/figcaption><\/figure>\n\n\n\n<p>La orden confiere poderes a los secretarios de Defensa y Seguridad \nNacional para el reclutamiento inmediato de miles de militares, \u201csiempre\n que no sobrepasen un mill\u00f3n de efectivos militares\u201d, por un m\u00e1ximo de \ndos a\u00f1os.<\/p>\n\n\n\n<p>El presidente Trump inform\u00f3, adem\u00e1s, que se reuni\u00f3 con el director \nejecutivo de la compa\u00f1\u00eda fabricante de aviones Boeing, quien se ha \ncomprometido a fabricar miles de m\u00e1scaras cada semana.<\/p>\n\n\n\n<p>Trump design\u00f3 al director del Consejo Nacional de Comercio de la Casa  Blanca, Peter Navarro, como coordinador de la pol\u00edtica de la Ley de  Producci\u00f3n de Defensa, con la que el gobierno busca hacer frente a la  escasez de material sanitario que sufre el pa\u00eds ante la virulencia de la  pandemia.<\/p>\n\n\n\n<p>Navarro dijo en su intervenci\u00f3n que los respiradores que fabricar\u00e1n \nempresas industriales \u00abdefinen la l\u00ednea entre la vida y la muerte para \nla gente\u00bb, y agreg\u00f3: \u00abNo podemos perder tiempo, especialmente en los \npr\u00f3ximos 30 a 60 d\u00edas.<\/p>\n\n\n\n<p>Por su parte, el mandatario estadounidense anim\u00f3 a las empresas a \nromper las barreras existentes y avanzar en las negociaciones para la \nfabricaci\u00f3n de los respiradores artificiales.<\/p>\n\n\n\n<p>Al respecto, Trump dijo que la fabricaci\u00f3n masiva de tales  dispositivos podr\u00eda ayudar a los pa\u00edses que hoy m\u00e1s sufren la pandemia.<\/p>\n\n\n\n<p>El gobierno, anunci\u00f3 Trump, firmar\u00e1 de modo inmediato, los contratos \ncon fabricantes industriales para la confecci\u00f3n de los respiradores.<\/p>\n\n\n\n<p>Estados Unidos sobrepas\u00f3 este viernes los 100.000 casos de contagio \npor coronavirus, superando as\u00ed por miles a naciones como China, Italia y\n Espa\u00f1a.<\/p>\n\n\n\n<p>Las muertes por COVID-19 en EE.UU. superan las 1.500.<\/p>\n\n\n\n<p class=\"has-text-align-right\"><em>VOANEWS<\/em><\/p>\n","protected":false},"excerpt":{"rendered":"<p>WASHINGTON, EEUU.- El presidente de Estados Unidos, Donald Trump, anunci\u00f3 este viernes en la Casa Blanca que firm\u00f3 una orden ejecutiva que autoriza a llamar al servicio activo a miles de reservistas, a tono con la crisis desatada por la pandemia del nuevo coronavirus COVID-19. La orden confiere poderes a los secretarios de Defensa y [&hellip;]<\/p>\n","protected":false},"author":1,"featured_media":0,"comment_status":"open","ping_status":"open","sticky":false,"template":"","format":"standard","meta":{"_bbp_topic_count":0,"_bbp_reply_count":0,"_bbp_total_topic_count":0,"_bbp_total_reply_count":0,"_bbp_voice_count":0,"_bbp_anonymous_reply_count":0,"_bbp_topic_count_hidden":0,"_bbp_reply_count_hidden":0,"_bbp_forum_subforum_count":0,"footnotes":""},"categories":[60,36],"tags":[],"class_list":{"0":"post-326812","1":"post","2":"type-post","3":"status-publish","4":"format-standard","6":"category-titulares-del-dia","7":"category-salud"},"_links":{"self":[{"href":"https:\/\/primermomento.com\/index.php?rest_route=\/wp\/v2\/posts\/326812","targetHints":{"allow":["GET"]}}],"collection":[{"href":"https:\/\/primermomento.com\/index.php?rest_route=\/wp\/v2\/posts"}],"about":[{"href":"https:\/\/primermomento.com\/index.php?rest_route=\/wp\/v2\/types\/post"}],"author":[{"embeddable":true,"href":"https:\/\/primermomento.com\/index.php?rest_route=\/wp\/v2\/users\/1"}],"replies":[{"embeddable":true,"href":"https:\/\/primermomento.com\/index.php?rest_route=%2Fwp%2Fv2%2Fcomments&post=326812"}],"version-history":[{"count":1,"href":"https:\/\/primermomento.com\/index.php?rest_route=\/wp\/v2\/posts\/326812\/revisions"}],"predecessor-version":[{"id":326814,"href":"https:\/\/primermomento.com\/index.php?rest_route=\/wp\/v2\/posts\/326812\/revisions\/326814"}],"wp:attachment":[{"href":"https:\/\/primermomento.com\/index.php?rest_route=%2Fwp%2Fv2%2Fmedia&parent=326812"}],"wp:term":[{"taxonomy":"category","embeddable":true,"href":"https:\/\/primermomento.com\/index.php?rest_route=%2Fwp%2Fv2%2Fcategories&post=326812"},{"taxonomy":"post_tag","embeddable":true,"href":"https:\/\/primermomento.com\/index.php?rest_route=%2Fwp%2Fv2%2Ftags&post=326812"}],"curies":[{"name":"wp","href":"https:\/\/api.w.org\/{rel}","templated":true}]}}