{"id":326901,"date":"2020-03-31T07:59:18","date_gmt":"2020-03-31T11:59:18","guid":{"rendered":"http:\/\/primermomento.com\/?p=326901"},"modified":"2020-03-31T20:22:52","modified_gmt":"2020-04-01T00:22:52","slug":"senasa-dara-cobertura-gratis-de-examenes-del-coronavirus","status":"publish","type":"post","link":"https:\/\/primermomento.com\/?p=326901","title":{"rendered":"SeNaSa dar\u00e1 cobertura gratis de ex\u00e1menes del coronavirus"},"content":{"rendered":"\n<p> SANTO DOMINGO, Rep\u00fablica Dominicana.- El Seguro Nacional de Salud (SeNaSa) inform\u00f3  este lunes de que la poblaci\u00f3n tiene garantizada la cobertura de los  test de laboratorio para la detecci\u00f3n del coronavirus, en virtud de una  resoluci\u00f3n emitida esta tarde por la Superintendencia de Salud y Riesgos  Laborales (Sisalril).<\/p>\n\n\n\n<figure class=\"wp-block-image size-large\"><img loading=\"lazy\" decoding=\"async\" width=\"680\" height=\"452\" src=\"http:\/\/primermomento.com\/wp-content\/uploads\/2020\/03\/SeNaSa.jpeg\" alt=\"\" class=\"wp-image-326902\" srcset=\"https:\/\/primermomento.com\/wp-content\/uploads\/2020\/03\/SeNaSa.jpeg 680w, https:\/\/primermomento.com\/wp-content\/uploads\/2020\/03\/SeNaSa-300x199.jpeg 300w, https:\/\/primermomento.com\/wp-content\/uploads\/2020\/03\/SeNaSa-73x50.jpeg 73w, https:\/\/primermomento.com\/wp-content\/uploads\/2020\/03\/SeNaSa-500x332.jpeg 500w, https:\/\/primermomento.com\/wp-content\/uploads\/2020\/03\/SeNaSa-280x186.jpeg 280w, https:\/\/primermomento.com\/wp-content\/uploads\/2020\/03\/SeNaSa-60x40.jpeg 60w, https:\/\/primermomento.com\/wp-content\/uploads\/2020\/03\/SeNaSa-638x424.jpeg 638w, https:\/\/primermomento.com\/wp-content\/uploads\/2020\/03\/SeNaSa-118x78.jpeg 118w, https:\/\/primermomento.com\/wp-content\/uploads\/2020\/03\/SeNaSa-479x318.jpeg 479w\" sizes=\"auto, (max-width: 680px) 100vw, 680px\" \/><\/figure>\n\n\n\n<p>Mediante un comunicado, la instituci\u00f3n se\u00f1al\u00f3 que garantiza la prueba\n \u00aba sus m\u00e1s de 4,9 millones de afiliados del R\u00e9gimen Contributivo, \nSubsidiado y planes de pensionados y jubilados, as\u00ed como para la \npoblaci\u00f3n no afiliada a los diferentes planes del Sistema de Seguridad \nSocial\u00bb.<\/p>\n\n\n\n<p>La cobertura fue aprobada despu\u00e9s de que la Sisalril suscribiera un \nacuerdo con el Ministerio de Salud P\u00fablica (MSP) y el Instituto \nDominicano de Prevenci\u00f3n y Protecci\u00f3n de Riesgos Laborales (Idoppril), \n\u00abcon la finalidad de colaborar de manera conjunta para la realizaci\u00f3n de\n las pruebas de detecci\u00f3n de COVID-19 en el territorio nacional\u00bb.<\/p>\n\n\n\n<p>\u00abA todos nuestros afiliados les queremos informar que los test de las\n pruebas para la detecci\u00f3n del COVID-19 fueron aprobados de acuerdo al \nprotocolo establecido para su indicaci\u00f3n\u00bb, apunta la nota.<\/p>\n\n\n\n<p>Asimismo, \u00abSeNaSa se compromete con el resto de la poblaci\u00f3n que no \ncuenta con ning\u00fan seguro para que a trav\u00e9s de nuestra ARS se le pueda \nhacer la prueba\u00bb.<\/p>\n\n\n\n<p>Las pruebas ser\u00e1n administradas conforme a las disposiciones del MSP \nque establece que las mismas deber\u00e1n ser prescritas a personas que \npresenten dos o m\u00e1s s\u00edntomas asociados al COVID-19; que hayan tenido \ncontactos con pacientes confirmados de esa enfermedad; que hayan estado \nexpuestos a lugares de transmisi\u00f3n en el exterior del pa\u00eds, y otras que \nse consideren necesarias por razones epidemiol\u00f3gicas.<\/p>\n\n\n\n<p>La ARS estatal indic\u00f3 que las personas que tengan prescripci\u00f3n de las\n pruebas por m\u00e9dicos de las especialidades definidas por el Ministerio \nde Salud P\u00fablica (internistas, neum\u00f3logos, infect\u00f3logos o \nepidemi\u00f3logos), deber\u00e1n solicitar una cita en el laboratorio p\u00fablico o \nprivado de su preferencia que haya sido autorizado por Salud P\u00fablica, el\n cual precisar\u00e1 la fecha, lugar y procedimiento para la toma de muestra,\n inform\u00f3 la Sisalril.<\/p>\n\n\n\n<p>Las muertes por coronavirus en la Rep\u00fablica Dominicana aumentaron a  42, tras registrase tres nuevos decesos en las \u00faltimas 24 horas, y los  casos confirmados suman 901, es decir, 42 nuevos contagios desde este  domingo, inform\u00f3 este lunes el ministro de Salud P\u00fablica, Rafael S\u00e1nchez  C\u00e1rdenas.<\/p>\n\n\n\n<p class=\"has-text-align-right\"><em>EFE<\/em><\/p>\n","protected":false},"excerpt":{"rendered":"<p>SANTO DOMINGO, Rep\u00fablica Dominicana.- El Seguro Nacional de Salud (SeNaSa) inform\u00f3 este lunes de que la poblaci\u00f3n tiene garantizada la cobertura de los test de laboratorio para la detecci\u00f3n del coronavirus, en virtud de una resoluci\u00f3n emitida esta tarde por la Superintendencia de Salud y Riesgos Laborales (Sisalril). Mediante un comunicado, la instituci\u00f3n se\u00f1al\u00f3 que [&hellip;]<\/p>\n","protected":false},"author":1,"featured_media":0,"comment_status":"open","ping_status":"open","sticky":false,"template":"","format":"standard","meta":{"_bbp_topic_count":0,"_bbp_reply_count":0,"_bbp_total_topic_count":0,"_bbp_total_reply_count":0,"_bbp_voice_count":0,"_bbp_anonymous_reply_count":0,"_bbp_topic_count_hidden":0,"_bbp_reply_count_hidden":0,"_bbp_forum_subforum_count":0,"footnotes":""},"categories":[60,36],"tags":[],"class_list":{"0":"post-326901","1":"post","2":"type-post","3":"status-publish","4":"format-standard","6":"category-titulares-del-dia","7":"category-salud"},"_links":{"self":[{"href":"https:\/\/primermomento.com\/index.php?rest_route=\/wp\/v2\/posts\/326901","targetHints":{"allow":["GET"]}}],"collection":[{"href":"https:\/\/primermomento.com\/index.php?rest_route=\/wp\/v2\/posts"}],"about":[{"href":"https:\/\/primermomento.com\/index.php?rest_route=\/wp\/v2\/types\/post"}],"author":[{"embeddable":true,"href":"https:\/\/primermomento.com\/index.php?rest_route=\/wp\/v2\/users\/1"}],"replies":[{"embeddable":true,"href":"https:\/\/primermomento.com\/index.php?rest_route=%2Fwp%2Fv2%2Fcomments&post=326901"}],"version-history":[{"count":1,"href":"https:\/\/primermomento.com\/index.php?rest_route=\/wp\/v2\/posts\/326901\/revisions"}],"predecessor-version":[{"id":326903,"href":"https:\/\/primermomento.com\/index.php?rest_route=\/wp\/v2\/posts\/326901\/revisions\/326903"}],"wp:attachment":[{"href":"https:\/\/primermomento.com\/index.php?rest_route=%2Fwp%2Fv2%2Fmedia&parent=326901"}],"wp:term":[{"taxonomy":"category","embeddable":true,"href":"https:\/\/primermomento.com\/index.php?rest_route=%2Fwp%2Fv2%2Fcategories&post=326901"},{"taxonomy":"post_tag","embeddable":true,"href":"https:\/\/primermomento.com\/index.php?rest_route=%2Fwp%2Fv2%2Ftags&post=326901"}],"curies":[{"name":"wp","href":"https:\/\/api.w.org\/{rel}","templated":true}]}}