{"id":327221,"date":"2020-04-06T13:57:01","date_gmt":"2020-04-06T17:57:01","guid":{"rendered":"http:\/\/primermomento.com\/?p=327221"},"modified":"2020-04-06T13:57:03","modified_gmt":"2020-04-06T17:57:03","slug":"salud-publica-autoriza-a-todos-los-medicos-prescribir-prueba-del-covid-19","status":"publish","type":"post","link":"https:\/\/primermomento.com\/?p=327221","title":{"rendered":"Salud P\u00fablica autoriza a todos los m\u00e9dicos prescribir prueba del COVID-19"},"content":{"rendered":"\n<p>SANTO DOMINGO, Rep\u00fablica Dominicana.- A partir de este lunes, todo profesional m\u00e9dico autorizado por  el Poder Ejecutivo para el ejercicio de la profesi\u00f3n, y que siga el  protocolo de indicaci\u00f3n para la prueba de laboratorio para detectar el  nuevo Coronavirus COVID-19, puede ejecutarla y proceder a asistir los  pacientes en los centros habilitados para este servicio.<\/p>\n\n\n\n<figure class=\"wp-block-image size-large\"><img loading=\"lazy\" decoding=\"async\" width=\"1024\" height=\"576\" src=\"http:\/\/primermomento.com\/wp-content\/uploads\/2020\/03\/Rafael-S\u00e1nchez-C\u00e1rdenas-1024x576.jpeg\" alt=\"\" class=\"wp-image-326541\" srcset=\"https:\/\/primermomento.com\/wp-content\/uploads\/2020\/03\/Rafael-S\u00e1nchez-C\u00e1rdenas-1024x576.jpeg 1024w, https:\/\/primermomento.com\/wp-content\/uploads\/2020\/03\/Rafael-S\u00e1nchez-C\u00e1rdenas-300x169.jpeg 300w, https:\/\/primermomento.com\/wp-content\/uploads\/2020\/03\/Rafael-S\u00e1nchez-C\u00e1rdenas-768x432.jpeg 768w, https:\/\/primermomento.com\/wp-content\/uploads\/2020\/03\/Rafael-S\u00e1nchez-C\u00e1rdenas-478x270.jpeg 478w, https:\/\/primermomento.com\/wp-content\/uploads\/2020\/03\/Rafael-S\u00e1nchez-C\u00e1rdenas-500x281.jpeg 500w, https:\/\/primermomento.com\/wp-content\/uploads\/2020\/03\/Rafael-S\u00e1nchez-C\u00e1rdenas-280x157.jpeg 280w, https:\/\/primermomento.com\/wp-content\/uploads\/2020\/03\/Rafael-S\u00e1nchez-C\u00e1rdenas-638x359.jpeg 638w, https:\/\/primermomento.com\/wp-content\/uploads\/2020\/03\/Rafael-S\u00e1nchez-C\u00e1rdenas-118x66.jpeg 118w, https:\/\/primermomento.com\/wp-content\/uploads\/2020\/03\/Rafael-S\u00e1nchez-C\u00e1rdenas-479x269.jpeg 479w, https:\/\/primermomento.com\/wp-content\/uploads\/2020\/03\/Rafael-S\u00e1nchez-C\u00e1rdenas.jpeg 1300w\" sizes=\"auto, (max-width: 1024px) 100vw, 1024px\" \/><figcaption>Rafael S\u00e1nchez C\u00e1rdenas, ministro de Salud P\u00fablica.<\/figcaption><\/figure>\n\n\n\n<p>La informaci\u00f3n fue dada por el Ministro de Salud P\u00fablica , Rafael \nS\u00e1nchez C\u00e1rdenas, al ofrecer el bolet\u00edn 18 difundido a trav\u00e9s de los \nmedios digitales y las redes sociales y de un intercambio por la via \ndigital, con los medios de comunicaci\u00f3n.<\/p>\n\n\n\n<p>Con relaci\u00f3n a la prueba del COVID-19, S\u00e1nchez C\u00e1rdenas record\u00f3 a la \npoblaci\u00f3n que puede ser indicada por cualquier especialista que posea \nexequatur y conforme a la resoluci\u00f3n dictada por el Ministerio de Salud \nde la Rep\u00fablica Dominicana, tras se\u00f1alar que con esa indicaci\u00f3n, el \npaciente solo tiene que acudir al centro a someterse a la prueba.<\/p>\n\n\n\n<p>S\u00e1nchez C\u00e1rdenas aprovech\u00f3 la ocasi\u00f3n para felicitar a los m\u00e9dicos y \nenfermeras que se han entregado en cuerpo y alma en estos momentos \ndif\u00edciles que vive el pa\u00eds a la plataforma Aurora MPS Covid 19, muchos \nde ellos pr\u00e1cticamente en edad de retiro.<\/p>\n\n\n\n<p>Al momento del corte realizado en horas de la ma\u00f1ana se hab\u00edan \nproducido 95 mil 774 interacciones en la plataforma con un total de \n1,256 asistencia medicas remotas y 40 casos de emergencia resueltos.<\/p>\n\n\n\n<p>El ministro de Salud inform\u00f3 que el laboratorio Patria Rivas acaba de\n ser aprobado para la realizaci\u00f3n de la prueba del PCR y que para tales \nfines se est\u00e1 entrenando su personal y se mantiene pendiente de \nrecepci\u00f3n los reactivos para laboratorios.<\/p>\n\n\n\n<p>Asimismo declar\u00f3 que en los pr\u00f3ximos d\u00edas concluir\u00e1 el entrenamiento \ndel personal que manejar\u00e1 el Centro Sanitario en Gascue bajo la \ndependencia del Laboratorio Nacional y la gu\u00eda del personal t\u00e9cnico del \nmismo, hasta tanto se consiga el nivel de calidad requerido y de \nprevenci\u00f3n biol\u00f3gica que se requiere en el laboratorio.<\/p>\n\n\n\n<p>Dijo que igualmente ha sido evaluado y recomendado por el equipo que \nle visit\u00f3, el Centro M\u00e9dico del Cibao de Santiago UTESA cuyo personal \nesta en entrenamiento en el Laboratorio Nacional y pendiente para los \ninsumos necesarios para su operaci\u00f3n.<\/p>\n\n\n\n<p>Dio a conocer que se la comisi\u00f3n recomend\u00f3 el centro m\u00e9dico CEDIMAT \npara la realizaci\u00f3n de la prueba y que seg\u00fan su informe est\u00e1 listo para \nempezar, adem\u00e1s del Hospital Metropolitano de Santiago y la cl\u00ednica \nCorominas Pep\u00edn de la misma ciudad.<\/p>\n\n\n\n<p>Dados los casos de contagio de coronavirus en las c\u00e1rceles \ndominicanas, espec\u00edficamente en La Victoria y en los centros de adultos \nmayores, en el caso de Cotu\u00ed, el Ministerio de Salud P\u00fablica llam\u00f3 a los\n encargados de la seguridad de esos centros a fortalecer las medidas de \nseguridad y ha suspender las visitas a esos centros debido a que las \nfuentes de contaminaci\u00f3n son externas.<\/p>\n\n\n\n<p>\u201cA los Centros de Adultos Mayores y centros penitenciarios queremos \nratificar el endurecimiento que se solicita con la suspensi\u00f3n de las \nvisitas a estos centros. Los casos que se han producido en La Victoria \nse deben a contaminaci\u00f3n exterior llevadas a los pabellones afectados. \nPor tanto, pedimos a las autoridades competentes aumentar las \nreciedumbres de las medidas que evitan el ingreso del virus a los \npabellones de los privados de libertad, igualmente endurecer las medidas\n a las visitas a centros de mayores de edad y al de cuidados de ni\u00f1os\u201d, \ndijo S\u00e1nchez C\u00e1rdenas.<\/p>\n\n\n\n<p>Dijo que Salud P\u00fablica cuenta con medios de higienizaci\u00f3n para \ncolocarlos en la entrada de estos centros y obligar a los visitantes a \nhigienizarse antes de entrar y as\u00ed evitar el contagio.<\/p>\n","protected":false},"excerpt":{"rendered":"<p>SANTO DOMINGO, Rep\u00fablica Dominicana.- A partir de este lunes, todo profesional m\u00e9dico autorizado por el Poder Ejecutivo para el ejercicio de la profesi\u00f3n, y que siga el protocolo de indicaci\u00f3n para la prueba de laboratorio para detectar el nuevo Coronavirus COVID-19, puede ejecutarla y proceder a asistir los pacientes en los centros habilitados para este [&hellip;]<\/p>\n","protected":false},"author":1,"featured_media":0,"comment_status":"open","ping_status":"open","sticky":false,"template":"","format":"standard","meta":{"_bbp_topic_count":0,"_bbp_reply_count":0,"_bbp_total_topic_count":0,"_bbp_total_reply_count":0,"_bbp_voice_count":0,"_bbp_anonymous_reply_count":0,"_bbp_topic_count_hidden":0,"_bbp_reply_count_hidden":0,"_bbp_forum_subforum_count":0,"footnotes":""},"categories":[60,36],"tags":[],"class_list":{"0":"post-327221","1":"post","2":"type-post","3":"status-publish","4":"format-standard","6":"category-titulares-del-dia","7":"category-salud"},"_links":{"self":[{"href":"https:\/\/primermomento.com\/index.php?rest_route=\/wp\/v2\/posts\/327221","targetHints":{"allow":["GET"]}}],"collection":[{"href":"https:\/\/primermomento.com\/index.php?rest_route=\/wp\/v2\/posts"}],"about":[{"href":"https:\/\/primermomento.com\/index.php?rest_route=\/wp\/v2\/types\/post"}],"author":[{"embeddable":true,"href":"https:\/\/primermomento.com\/index.php?rest_route=\/wp\/v2\/users\/1"}],"replies":[{"embeddable":true,"href":"https:\/\/primermomento.com\/index.php?rest_route=%2Fwp%2Fv2%2Fcomments&post=327221"}],"version-history":[{"count":1,"href":"https:\/\/primermomento.com\/index.php?rest_route=\/wp\/v2\/posts\/327221\/revisions"}],"predecessor-version":[{"id":327222,"href":"https:\/\/primermomento.com\/index.php?rest_route=\/wp\/v2\/posts\/327221\/revisions\/327222"}],"wp:attachment":[{"href":"https:\/\/primermomento.com\/index.php?rest_route=%2Fwp%2Fv2%2Fmedia&parent=327221"}],"wp:term":[{"taxonomy":"category","embeddable":true,"href":"https:\/\/primermomento.com\/index.php?rest_route=%2Fwp%2Fv2%2Fcategories&post=327221"},{"taxonomy":"post_tag","embeddable":true,"href":"https:\/\/primermomento.com\/index.php?rest_route=%2Fwp%2Fv2%2Ftags&post=327221"}],"curies":[{"name":"wp","href":"https:\/\/api.w.org\/{rel}","templated":true}]}}