{"id":327521,"date":"2020-04-13T14:31:07","date_gmt":"2020-04-13T18:31:07","guid":{"rendered":"http:\/\/primermomento.com\/?p=327521"},"modified":"2020-04-13T14:31:09","modified_gmt":"2020-04-13T18:31:09","slug":"trump-dice-que-anunciara-pronto-cuando-reabrir-la-economia-de-eeuu","status":"publish","type":"post","link":"https:\/\/primermomento.com\/?p=327521","title":{"rendered":"Trump dice que anunciar\u00e1 pronto cu\u00e1ndo reabrir la econom\u00eda de EEUU"},"content":{"rendered":"\n<p class=\"wp-block-paragraph\"> WASHINGTON, EEUU.- El presidente de Estados Unidos, Donald Trump, dijo el lunes que es  su decisi\u00f3n cu\u00e1ndo reabrir la econom\u00eda del pa\u00eds, no la de los  gobernadores estatales.<\/p>\n\n\n\n<figure class=\"wp-block-image size-large\"><img loading=\"lazy\" decoding=\"async\" width=\"1023\" height=\"575\" src=\"http:\/\/primermomento.com\/wp-content\/uploads\/2020\/04\/trump-y-la-economia.jpg\" alt=\"\" class=\"wp-image-327522\" srcset=\"https:\/\/primermomento.com\/wp-content\/uploads\/2020\/04\/trump-y-la-economia.jpg 1023w, https:\/\/primermomento.com\/wp-content\/uploads\/2020\/04\/trump-y-la-economia-300x169.jpg 300w, https:\/\/primermomento.com\/wp-content\/uploads\/2020\/04\/trump-y-la-economia-768x432.jpg 768w, https:\/\/primermomento.com\/wp-content\/uploads\/2020\/04\/trump-y-la-economia-478x270.jpg 478w, https:\/\/primermomento.com\/wp-content\/uploads\/2020\/04\/trump-y-la-economia-216x120.jpg 216w, https:\/\/primermomento.com\/wp-content\/uploads\/2020\/04\/trump-y-la-economia-500x281.jpg 500w, https:\/\/primermomento.com\/wp-content\/uploads\/2020\/04\/trump-y-la-economia-280x157.jpg 280w, https:\/\/primermomento.com\/wp-content\/uploads\/2020\/04\/trump-y-la-economia-638x359.jpg 638w, https:\/\/primermomento.com\/wp-content\/uploads\/2020\/04\/trump-y-la-economia-118x66.jpg 118w, https:\/\/primermomento.com\/wp-content\/uploads\/2020\/04\/trump-y-la-economia-479x269.jpg 479w\" sizes=\"auto, (max-width: 1023px) 100vw, 1023px\" \/><figcaption> El presidente Donald Trump anunciar\u00e1 en breve cuando reabrir la econom\u00eda de EE.UU., seg\u00fan indic\u00f3 en su cuenta de Twitter. <\/figcaption><\/figure>\n\n\n\n<p class=\"wp-block-paragraph\">En un mensaje en Twitter Trump dijo que \u00abcon el fin de crear  conflictos y confusi\u00f3n, algunos de los medios de comunicaci\u00f3n falsos  dicen que es la decisi\u00f3n del gobernador abrir los estados, no la del  presidente de Estados Unidos y el gobierno federal. Que se entienda  completamente que esto es incorrecto &#8230;\u00bb<\/p>\n\n\n\n<p class=\"wp-block-paragraph\"> Trump agreg\u00f3: \u00abEs la decisi\u00f3n del presidente, y por muchas buenas  razones. Dicho esto, la administraci\u00f3n y yo estamos trabajando  estrechamente con los gobernadores, y esto continuar\u00e1. Una decisi\u00f3n m\u00eda,  en conjunto con los gobernadores y el aporte de otros, se har\u00e1 en  breve!\u00bb. <\/p>\n\n\n\n<p class=\"has-text-align-right wp-block-paragraph\"><em>VOANEWS<\/em><\/p>\n","protected":false},"excerpt":{"rendered":"<p>WASHINGTON, EEUU.- El presidente de Estados Unidos, Donald Trump, dijo el lunes que es su decisi\u00f3n cu\u00e1ndo reabrir la econom\u00eda del pa\u00eds, no la de los gobernadores estatales. En un mensaje en Twitter Trump dijo que \u00abcon el fin de crear conflictos y confusi\u00f3n, algunos de los medios de comunicaci\u00f3n falsos dicen que es la [&hellip;]<\/p>\n","protected":false},"author":1,"featured_media":0,"comment_status":"open","ping_status":"open","sticky":false,"template":"","format":"standard","meta":{"_bbp_topic_count":0,"_bbp_reply_count":0,"_bbp_total_topic_count":0,"_bbp_total_reply_count":0,"_bbp_voice_count":0,"_bbp_anonymous_reply_count":0,"_bbp_topic_count_hidden":0,"_bbp_reply_count_hidden":0,"_bbp_forum_subforum_count":0,"footnotes":""},"categories":[35,60],"tags":[],"class_list":["post-327521","post","type-post","status-publish","format-standard","category-economia","category-titulares-del-dia"],"_links":{"self":[{"href":"https:\/\/primermomento.com\/index.php?rest_route=\/wp\/v2\/posts\/327521","targetHints":{"allow":["GET"]}}],"collection":[{"href":"https:\/\/primermomento.com\/index.php?rest_route=\/wp\/v2\/posts"}],"about":[{"href":"https:\/\/primermomento.com\/index.php?rest_route=\/wp\/v2\/types\/post"}],"author":[{"embeddable":true,"href":"https:\/\/primermomento.com\/index.php?rest_route=\/wp\/v2\/users\/1"}],"replies":[{"embeddable":true,"href":"https:\/\/primermomento.com\/index.php?rest_route=%2Fwp%2Fv2%2Fcomments&post=327521"}],"version-history":[{"count":1,"href":"https:\/\/primermomento.com\/index.php?rest_route=\/wp\/v2\/posts\/327521\/revisions"}],"predecessor-version":[{"id":327523,"href":"https:\/\/primermomento.com\/index.php?rest_route=\/wp\/v2\/posts\/327521\/revisions\/327523"}],"wp:attachment":[{"href":"https:\/\/primermomento.com\/index.php?rest_route=%2Fwp%2Fv2%2Fmedia&parent=327521"}],"wp:term":[{"taxonomy":"category","embeddable":true,"href":"https:\/\/primermomento.com\/index.php?rest_route=%2Fwp%2Fv2%2Fcategories&post=327521"},{"taxonomy":"post_tag","embeddable":true,"href":"https:\/\/primermomento.com\/index.php?rest_route=%2Fwp%2Fv2%2Ftags&post=327521"}],"curies":[{"name":"wp","href":"https:\/\/api.w.org\/{rel}","templated":true}]}}