{"id":327629,"date":"2020-04-14T07:26:00","date_gmt":"2020-04-14T11:26:00","guid":{"rendered":"http:\/\/primermomento.com\/?p=327629"},"modified":"2020-04-14T20:30:23","modified_gmt":"2020-04-15T00:30:23","slug":"epidemiologo-dice-que-sin-pruebas-no-se-puede-medir-tendencia-exacta-del-covid-19","status":"publish","type":"post","link":"https:\/\/primermomento.com\/?p=327629","title":{"rendered":"Epidemi\u00f3logo dice que sin pruebas no se puede medir tendencia exacta del Covid-19"},"content":{"rendered":"\n<p> SANTO DOMINGO, Rep\u00fablica Dominicana.- Los diferentes\u00a0 sectores del pa\u00eds han expresado  preocupaci\u00f3n ante la latente crisis sanitarias que se registren en la  Rep\u00fablica Dominicana debido a los casos nacionales de Covid-19, en ese  sentido, el m\u00e9dico global y epidemi\u00f3logo Eddy P\u00e9rez Then recomend\u00f3 al  gobierno y las autoridades sanitarias dominicanas ser m\u00e1s proactivas  ante la pandemia.<\/p>\n\n\n\n<div class=\"wp-block-image\"><figure class=\"alignleft\"><img decoding=\"async\" src=\"http:\/\/primermomento.com\/wp-content\/uploads\/2020\/04\/Eddy-P\u00e9rez-Then.jpg\" alt=\"La imagen tiene un atributo ALT vac\u00edo; su nombre de archivo es Eddy-P\u00e9rez-Then.jpg\"\/><\/figure><\/div>\n\n\n\n<p>Al ser entrevistado en el programa \u201cL\u00edderes\u201d, que conduce Orlando Jorge  Mera, el especialista de la salud habla sobre la crisis sanitaria que ha  provocado el coronavirus y sobre el establecimiento de medidas m\u00e1s  fuertes y proactivas que ayuden a mitigar la enfermedad.<br> <br> \u201c\u2019Estamos viviendo la realidad de no haber tomado ciertas medidas que no  se tomaron r\u00e1pidamente y eso implica c\u00f3mo vamos a tener que convivir  con un virus que va a estar por un buen tiempo hasta que venga la  vacuna\u201d, exhort\u00f3.\u00a0 <br> <br> Asimismo, puntualiz\u00f3 que no debemos saturar el sistema de salud y para  eso se hace necesario el aislamiento obligatorio de los posibles  contagiados, enfatizando la necesidad de ser m\u00e1s diligentes en un  sistema de salud que tiene sus deficiencias.\u00a0 <br> <br> \u201cContar las muertes no es suficientes hay que hacer m\u00e1s pruebas, se debe  de medir la tendencia y el cambio de la enfermedad\u201d, dijo.<br> <br> Para el epidemi\u00f3logo existen cuatro datos importantes que se deben saber  para enfrentar una pandemia como esta, que son; qui\u00e9nes son los  afectados, los contactos de los afectados, qui\u00e9nes son los enfermos y  qui\u00e9nes se van a sanar.<br> <br> Recomend\u00f3 que la disminuci\u00f3n de la afluencia de personas y la movilidad  siguen siendo crucial para disminuir los efectos mayores de la pandemia.<br> <br> Se\u00f1al\u00f3 que esta enfermedad nos ha tomado a todo el mundo de manera  sorpresivas, por eso su preocupaci\u00f3n por crear unidades de salud global y  medidas que aminoren el impacto de la crisis.<br> <br> El programa \u201cL\u00edderes\u201d que se transmite todos los domingos a las 9:00am  tambi\u00e9n cont\u00f3 con la participaci\u00f3n de\u00a0 Ra\u00fal F\u00e9liz, economista dominicano  residente en M\u00e9xico, quien convers\u00f3 de la situaci\u00f3n econ\u00f3mica del pa\u00eds  ante la pandemia. <\/p>\n","protected":false},"excerpt":{"rendered":"<p>SANTO DOMINGO, Rep\u00fablica Dominicana.- Los diferentes\u00a0 sectores del pa\u00eds han expresado preocupaci\u00f3n ante la latente crisis sanitarias que se registren en la Rep\u00fablica Dominicana debido a los casos nacionales de Covid-19, en ese sentido, el m\u00e9dico global y epidemi\u00f3logo Eddy P\u00e9rez Then recomend\u00f3 al gobierno y las autoridades sanitarias dominicanas ser m\u00e1s proactivas ante la [&hellip;]<\/p>\n","protected":false},"author":1,"featured_media":0,"comment_status":"open","ping_status":"open","sticky":false,"template":"","format":"standard","meta":{"_bbp_topic_count":0,"_bbp_reply_count":0,"_bbp_total_topic_count":0,"_bbp_total_reply_count":0,"_bbp_voice_count":0,"_bbp_anonymous_reply_count":0,"_bbp_topic_count_hidden":0,"_bbp_reply_count_hidden":0,"_bbp_forum_subforum_count":0,"footnotes":""},"categories":[60,36],"tags":[],"class_list":{"0":"post-327629","1":"post","2":"type-post","3":"status-publish","4":"format-standard","6":"category-titulares-del-dia","7":"category-salud"},"_links":{"self":[{"href":"https:\/\/primermomento.com\/index.php?rest_route=\/wp\/v2\/posts\/327629","targetHints":{"allow":["GET"]}}],"collection":[{"href":"https:\/\/primermomento.com\/index.php?rest_route=\/wp\/v2\/posts"}],"about":[{"href":"https:\/\/primermomento.com\/index.php?rest_route=\/wp\/v2\/types\/post"}],"author":[{"embeddable":true,"href":"https:\/\/primermomento.com\/index.php?rest_route=\/wp\/v2\/users\/1"}],"replies":[{"embeddable":true,"href":"https:\/\/primermomento.com\/index.php?rest_route=%2Fwp%2Fv2%2Fcomments&post=327629"}],"version-history":[{"count":1,"href":"https:\/\/primermomento.com\/index.php?rest_route=\/wp\/v2\/posts\/327629\/revisions"}],"predecessor-version":[{"id":327631,"href":"https:\/\/primermomento.com\/index.php?rest_route=\/wp\/v2\/posts\/327629\/revisions\/327631"}],"wp:attachment":[{"href":"https:\/\/primermomento.com\/index.php?rest_route=%2Fwp%2Fv2%2Fmedia&parent=327629"}],"wp:term":[{"taxonomy":"category","embeddable":true,"href":"https:\/\/primermomento.com\/index.php?rest_route=%2Fwp%2Fv2%2Fcategories&post=327629"},{"taxonomy":"post_tag","embeddable":true,"href":"https:\/\/primermomento.com\/index.php?rest_route=%2Fwp%2Fv2%2Ftags&post=327629"}],"curies":[{"name":"wp","href":"https:\/\/api.w.org\/{rel}","templated":true}]}}