{"id":335848,"date":"2020-10-23T14:58:52","date_gmt":"2020-10-23T18:58:52","guid":{"rendered":"http:\/\/primermomento.com\/?p=335848"},"modified":"2020-10-23T14:59:18","modified_gmt":"2020-10-23T18:59:18","slug":"bani-ayuntamiento-inicia-montaje-de-arbol-navideno","status":"publish","type":"post","link":"https:\/\/primermomento.com\/?p=335848","title":{"rendered":"BAN\u00cd | Ayuntamiento inicia montaje del \u00c1rbol Navide\u00f1o"},"content":{"rendered":"\n<p>BAN\u00cd, Rep\u00fablica Dominicana.- Ya se est\u00e1n viendo los preparativos para adecuar el \u00e1rea de la plaza cultural Joaqu\u00edn S. Inchaustegui al ambiente navide\u00f1o. Se observan desde ya trabajadores armando el andamiaje del \u00e1rbol de Navidad y algunos charamicos en los alrededores de la Plazoleta.<\/p>\n\n\n\n<figure class=\"wp-block-image size-large\"><img loading=\"lazy\" decoding=\"async\" width=\"596\" height=\"398\" src=\"http:\/\/primermomento.com\/wp-content\/uploads\/2020\/10\/ARBOLITO-101.jpg\" alt=\"\" class=\"wp-image-335849\" srcset=\"https:\/\/primermomento.com\/wp-content\/uploads\/2020\/10\/ARBOLITO-101.jpg 596w, https:\/\/primermomento.com\/wp-content\/uploads\/2020\/10\/ARBOLITO-101-300x200.jpg 300w, https:\/\/primermomento.com\/wp-content\/uploads\/2020\/10\/ARBOLITO-101-73x50.jpg 73w, https:\/\/primermomento.com\/wp-content\/uploads\/2020\/10\/ARBOLITO-101-500x334.jpg 500w, https:\/\/primermomento.com\/wp-content\/uploads\/2020\/10\/ARBOLITO-101-280x187.jpg 280w, https:\/\/primermomento.com\/wp-content\/uploads\/2020\/10\/ARBOLITO-101-60x40.jpg 60w, https:\/\/primermomento.com\/wp-content\/uploads\/2020\/10\/ARBOLITO-101-118x79.jpg 118w, https:\/\/primermomento.com\/wp-content\/uploads\/2020\/10\/ARBOLITO-101-479x320.jpg 479w\" sizes=\"auto, (max-width: 596px) 100vw, 596px\" \/><\/figure>\n\n\n\n<p>Este a\u00f1o. se espera un montaje especial producto de la pandemia de Covid-19 que se est\u00e1 viviendo, por lo que la decoraci\u00f3n en el parque central ser\u00e1 reducida, y con algunas novedades, enfoc\u00e1ndose exclusivamente al nacimiento del ni\u00f1o Jes\u00fas y al tradicional \u00e1rbol navide\u00f1o.<\/p>\n\n\n\n<p>En cuanto a las fiestas Patronales, el Comit\u00e9 de Festejo prepara actividades especiales de forma virtual y anuncia la cancelaci\u00f3n de todas las presentaciones art\u00edsticas en tarima y juegos populares, respetando el protocolo por coronavirus.<\/p>\n\n\n\n<p>La iglesia cat\u00f3lica celebrar\u00e1 las tradicionales novena en honor a la Virgen de Regla, del 11 al 21 de noviembre, y qued\u00f3 suspendida la acostumbrada procesi\u00f3n de la patrona espiritual por las diferentes calles de la ciudad, seg\u00fan se puede observar en el programa que emite cada a\u00f1o la Diocesis de Ban\u00ed.<\/p>\n\n\n\n<p>La Alcald\u00eda de Ban\u00ed ha querido mantener vivas las costumbres y tradiciones en estas fechas en donde todos los banilejos se unen en familia para venerar a la madre espiritual la Virgen de Regla.<\/p>\n\n\n\n<p>Por tal motivo, tanto la Alcald\u00eda como el Comit\u00e9 de Fiestas Patronales 2020 y la iglesia cat\u00f3lica, quieren brindarle unas fiestas especiales, en donde confluya el amor, la armon\u00eda y la esperanza de que pronto todo volver\u00e1 a la normalidad, y poder abrazarnos como la familia que somos.<\/p>\n","protected":false},"excerpt":{"rendered":"<p>BAN\u00cd, Rep\u00fablica Dominicana.- Ya se est\u00e1n viendo los preparativos para adecuar el \u00e1rea de la plaza cultural Joaqu\u00edn S. Inchaustegui al ambiente navide\u00f1o. Se observan desde ya trabajadores armando el andamiaje del \u00e1rbol de Navidad y algunos charamicos en los alrededores de la Plazoleta. Este a\u00f1o. se espera un montaje especial producto de la pandemia [&hellip;]<\/p>\n","protected":false},"author":1,"featured_media":0,"comment_status":"open","ping_status":"open","sticky":false,"template":"","format":"standard","meta":{"_bbp_topic_count":0,"_bbp_reply_count":0,"_bbp_total_topic_count":0,"_bbp_total_reply_count":0,"_bbp_voice_count":0,"_bbp_anonymous_reply_count":0,"_bbp_topic_count_hidden":0,"_bbp_reply_count_hidden":0,"_bbp_forum_subforum_count":0,"footnotes":""},"categories":[30,60],"tags":[],"class_list":{"0":"post-335848","1":"post","2":"type-post","3":"status-publish","4":"format-standard","6":"category-actualidad","7":"category-titulares-del-dia"},"_links":{"self":[{"href":"https:\/\/primermomento.com\/index.php?rest_route=\/wp\/v2\/posts\/335848","targetHints":{"allow":["GET"]}}],"collection":[{"href":"https:\/\/primermomento.com\/index.php?rest_route=\/wp\/v2\/posts"}],"about":[{"href":"https:\/\/primermomento.com\/index.php?rest_route=\/wp\/v2\/types\/post"}],"author":[{"embeddable":true,"href":"https:\/\/primermomento.com\/index.php?rest_route=\/wp\/v2\/users\/1"}],"replies":[{"embeddable":true,"href":"https:\/\/primermomento.com\/index.php?rest_route=%2Fwp%2Fv2%2Fcomments&post=335848"}],"version-history":[{"count":2,"href":"https:\/\/primermomento.com\/index.php?rest_route=\/wp\/v2\/posts\/335848\/revisions"}],"predecessor-version":[{"id":335851,"href":"https:\/\/primermomento.com\/index.php?rest_route=\/wp\/v2\/posts\/335848\/revisions\/335851"}],"wp:attachment":[{"href":"https:\/\/primermomento.com\/index.php?rest_route=%2Fwp%2Fv2%2Fmedia&parent=335848"}],"wp:term":[{"taxonomy":"category","embeddable":true,"href":"https:\/\/primermomento.com\/index.php?rest_route=%2Fwp%2Fv2%2Fcategories&post=335848"},{"taxonomy":"post_tag","embeddable":true,"href":"https:\/\/primermomento.com\/index.php?rest_route=%2Fwp%2Fv2%2Ftags&post=335848"}],"curies":[{"name":"wp","href":"https:\/\/api.w.org\/{rel}","templated":true}]}}