{"id":336288,"date":"2020-11-02T21:03:03","date_gmt":"2020-11-03T01:03:03","guid":{"rendered":"http:\/\/primermomento.com\/?p=336288"},"modified":"2020-11-02T21:25:15","modified_gmt":"2020-11-03T01:25:15","slug":"%e2%81%a3%e2%81%a3%e2%81%a3%e2%81%a3bani-inician-ano-escolar-2020-2021-en-la-provincia-peravia","status":"publish","type":"post","link":"https:\/\/primermomento.com\/?p=336288","title":{"rendered":"\u2063\u2063\u2063\u2063BAN\u00cd | Inician a\u00f1o escolar 2020-2021 en la provincia Peravia"},"content":{"rendered":"\n<p>BAN\u00cd, Rep\u00fablica Dominicana.- Con la modalidad de educaci\u00f3n a distancia, por primera vez en la historia de la Rep\u00fablica Dominicana,  inici\u00f3 el a\u00f1o escolar 2020-2021, y el distrito educativo 03-04 lo apertur\u00f3 con un acto central en uno de sus recintos acad\u00e9micos.<\/p>\n\n\n\n<figure class=\"wp-block-image size-large\"><img loading=\"lazy\" decoding=\"async\" width=\"541\" height=\"407\" src=\"http:\/\/primermomento.com\/wp-content\/uploads\/2020\/11\/Distrito-educativo-03-04.jpg\" alt=\"\" class=\"wp-image-336290\" srcset=\"https:\/\/primermomento.com\/wp-content\/uploads\/2020\/11\/Distrito-educativo-03-04.jpg 541w, https:\/\/primermomento.com\/wp-content\/uploads\/2020\/11\/Distrito-educativo-03-04-300x226.jpg 300w, https:\/\/primermomento.com\/wp-content\/uploads\/2020\/11\/Distrito-educativo-03-04-120x90.jpg 120w, https:\/\/primermomento.com\/wp-content\/uploads\/2020\/11\/Distrito-educativo-03-04-500x376.jpg 500w, https:\/\/primermomento.com\/wp-content\/uploads\/2020\/11\/Distrito-educativo-03-04-280x211.jpg 280w, https:\/\/primermomento.com\/wp-content\/uploads\/2020\/11\/Distrito-educativo-03-04-118x89.jpg 118w, https:\/\/primermomento.com\/wp-content\/uploads\/2020\/11\/Distrito-educativo-03-04-479x360.jpg 479w\" sizes=\"auto, (max-width: 541px) 100vw, 541px\" \/><\/figure>\n\n\n\n<p>La ceremonia tuvo lugar en la escuela Jes\u00fas te Ama con la presencia del director del Distrito Educativo 03-04, Jos\u00e9 Alberto Herrera Arias. \u2063\u2063\u2063\u2063<br>\u2063\u2063\u2063\u2063<br>La actividad cont\u00f3 con la presencia de la gobernadora Yadira B\u00e9ez, el senador Milciades Franjul, la diputada Mercedes Rodr\u00edguez, el licenciado Eladio Arias, en representaci\u00f3n del diputado Julito Fulcar, el director del la Direcci\u00f3n General de Transporte Terrestre ( DIGESETT), Valerio Crisp\u00edn, el teniente Coronel Pedro A. Garcia Sugilo, en representaci\u00f3n del Director de la Regional Sur Central de la PN, general Jorge Mancebo Bautista, Magnolia S\u00e1nchez, en representaci\u00f3n del Ministerio de la Mujer, Jos\u00e9 Carlos Mu\u00f1oz, en representaci\u00f3n de la Regional de Educaci\u00f3n 03 de Azua, Vinicio Encarnacion representante de la Junta Distrital 03-04 y el capit\u00e1n Paulino, encargado de la Polic\u00eda Escolar en el Distrito 03-04. \u2063\u2063<br>\u2063\u2063\u2063\u2063<br>El comienzo del evento estuvo a cargo de la directora de dicho centro educativo, Sor Martha Mercedes, quien dio las palabras de bienvenida. \u2063\u2063\u2063\u2063<br>\u2063\u2063\u2063\u2063<br>La gobernadora Yadira B\u00e1ez fue la responsable de las palabras de exhortaci\u00f3n y compromiso haciendo un llamado a todos los padres, maestros y estudiantes a responsabilizarse en esta nueva modalidad virtual. \u201cNo sabemos hasta cu\u00e1ndo usaremos este medio, pero por parte del poder ejecutivo y el presidente Luis Abinader tendr\u00e1n todo el apoyo; este a\u00f1o marcar\u00e1 un antes y un despu\u00e9s en la historia dominicana y del mundo\u201d. \u2063\u2063\u2063\u2063<br>\u2063\u2063\u2063\u2063<br>Las palabras centrales estuvieron a cargo del licenciado Jos\u00e9 Alberto Herrera Arias, director del Distrito Educativo 03-04, quien dio las gracias al ministro de Educaci\u00f3n, Roberto Fulcar y al presidente de la Rep\u00fablica, Luis Abinader, por todos los esfuerzos realizados para que el a\u00f1o escolar pueda iniciar el d\u00eda de hoy a distancia debido a la pandemia del Coronavirus. \u2063\u2063\u2063\u2063<br>\u2063\u2063\u2063\u2063<br>El director record\u00f3 que la semana pasada estuvieron distribuyendo raciones alimenticias a estudiantes de tanda extendida y este fin de semana \u00fatiles escolares para ayudar a los padres con el compromiso que tienen en estos momentos de fungir como maestros desde sus hogares. \u2063\u2063\u2063\u2063<br>\u2063\u2063\u2063\u2063<br>El dirigente hizo \u00e9nfasis que lo mejor es preservar la salud de cada uno de los estudiantes, padres y maestros. \u201cLa pandemia no nos debe parar, debemos seguir adelante, tenemos un compromiso con el pa\u00eds; los ni\u00f1os, ni\u00f1as y j\u00f3venes no se pueden quedar sin educaci\u00f3n; preservar la salud es lo m\u00e1s importante; si no tenemos salud, no podemos tener una buena educaci\u00f3n\u201d. \u2063\u2063\u2063\u2063<br>\u2063\u2063\u2063\u2063<br>\u201cEsperamos que todos acojan este llamado, es un compromiso de todos\u201d, agreg\u00f3 Herrera Arias.\u2063\u2063\u2063<br>\u2063\u2063\u2063\u2063<br>As\u00ed mismo, felicit\u00f3 a los t\u00e9cnicos distritales quienes forman parte importante en este proceso capacitando los maestros para este nuevo a\u00f1o escolar.<br>\u2063\u2063\u2063\u2063<br>La alumna Jeraini Mejia habl\u00f3 en nombre de los estudiantes, haciendo un llamado a sus compa\u00f1eros a utilizar las herramientas digitales de una forma correcta para edificar el futuro positivamente. \u2063\u2063\u2063\u2063\u2063<\/p>\n\n\n\n<p>\u201cSabemos que las plataformas virtuales juegan un papel importante en la educaci\u00f3n de nosotros y que mejor que empezar a darle un uso adecuado de la mano de nuestros maestros y transformar ese mundo cibern\u00e9tico que nos ayude a edificar nuestro futuro\u201d, dijo Mej\u00eda.<br>\u2063\u2063\u2063\u2063<br>El representante de la Asociaci\u00f3n de Amigos, Padres, Madres, Tutores y Estudiantes (APMAE), Juan Brito, intervino con las palabras finales del acto recordando tambi\u00e9n el rol que cumple cada quien en esta nueva forma de ense\u00f1anza. \u2063\u2063\u2063\u2063<br>\u2063\u2063\u2063\u2063<br>La presentaci\u00f3n art\u00edstica estuvo a cargo de los estudiantes del mencionado centro educativo quienes deleitaron a los invitados con tres intervenciones. \u2063\u2063\u2063\u2063La oraci\u00f3n fue realizada por el padre Ruben Cruz. \u2063\u2063\u2063\u2063\u2063\u2063\u2063<br><\/p>\n","protected":false},"excerpt":{"rendered":"<p>BAN\u00cd, Rep\u00fablica Dominicana.- Con la modalidad de educaci\u00f3n a distancia, por primera vez en la historia de la Rep\u00fablica Dominicana, inici\u00f3 el a\u00f1o escolar 2020-2021, y el distrito educativo 03-04 lo apertur\u00f3 con un acto central en uno de sus recintos acad\u00e9micos. La ceremonia tuvo lugar en la escuela Jes\u00fas te Ama con la presencia [&hellip;]<\/p>\n","protected":false},"author":1,"featured_media":0,"comment_status":"open","ping_status":"open","sticky":false,"template":"","format":"standard","meta":{"_bbp_topic_count":0,"_bbp_reply_count":0,"_bbp_total_topic_count":0,"_bbp_total_reply_count":0,"_bbp_voice_count":0,"_bbp_anonymous_reply_count":0,"_bbp_topic_count_hidden":0,"_bbp_reply_count_hidden":0,"_bbp_forum_subforum_count":0,"footnotes":""},"categories":[30,60],"tags":[],"class_list":{"0":"post-336288","1":"post","2":"type-post","3":"status-publish","4":"format-standard","6":"category-actualidad","7":"category-titulares-del-dia"},"_links":{"self":[{"href":"https:\/\/primermomento.com\/index.php?rest_route=\/wp\/v2\/posts\/336288","targetHints":{"allow":["GET"]}}],"collection":[{"href":"https:\/\/primermomento.com\/index.php?rest_route=\/wp\/v2\/posts"}],"about":[{"href":"https:\/\/primermomento.com\/index.php?rest_route=\/wp\/v2\/types\/post"}],"author":[{"embeddable":true,"href":"https:\/\/primermomento.com\/index.php?rest_route=\/wp\/v2\/users\/1"}],"replies":[{"embeddable":true,"href":"https:\/\/primermomento.com\/index.php?rest_route=%2Fwp%2Fv2%2Fcomments&post=336288"}],"version-history":[{"count":8,"href":"https:\/\/primermomento.com\/index.php?rest_route=\/wp\/v2\/posts\/336288\/revisions"}],"predecessor-version":[{"id":336300,"href":"https:\/\/primermomento.com\/index.php?rest_route=\/wp\/v2\/posts\/336288\/revisions\/336300"}],"wp:attachment":[{"href":"https:\/\/primermomento.com\/index.php?rest_route=%2Fwp%2Fv2%2Fmedia&parent=336288"}],"wp:term":[{"taxonomy":"category","embeddable":true,"href":"https:\/\/primermomento.com\/index.php?rest_route=%2Fwp%2Fv2%2Fcategories&post=336288"},{"taxonomy":"post_tag","embeddable":true,"href":"https:\/\/primermomento.com\/index.php?rest_route=%2Fwp%2Fv2%2Ftags&post=336288"}],"curies":[{"name":"wp","href":"https:\/\/api.w.org\/{rel}","templated":true}]}}