{"id":339246,"date":"2021-01-14T08:08:31","date_gmt":"2021-01-14T12:08:31","guid":{"rendered":"http:\/\/primermomento.com\/?p=339246"},"modified":"2021-01-14T18:04:57","modified_gmt":"2021-01-14T22:04:57","slug":"aduanas-y-el-bandex-acuerdan-facilitar-comercio-y-expandir-exportaciones","status":"publish","type":"post","link":"https:\/\/primermomento.com\/?p=339246","title":{"rendered":"Aduanas y el Bandex acuerdan facilitar comercio y expandir exportaciones"},"content":{"rendered":"\n<p class=\"wp-block-paragraph\">SANTO DOMINGO, Rep\u00fablica Dominicana.- La Direcci\u00f3n General de Aduanas (DGA) y el Banco Nacional de las Exportaciones (Bandex), suscribieron un acuerdo de cooperaci\u00f3n para facilitar el comercio, fomentar las exportaciones del pa\u00eds y fortalecer sus relaciones interinstitucionales.<\/p>\n\n\n\n<figure class=\"wp-block-image size-large\"><img loading=\"lazy\" decoding=\"async\" width=\"602\" height=\"401\" src=\"http:\/\/primermomento.com\/wp-content\/uploads\/2021\/01\/Foto-1-Eduardo-Sanz-Lovaton-y-Juan-Mustafa-Michel-durante-la-firma-del-acuerdo-entre-la-DGA-y-Bandex.1.jpg\" alt=\"\" class=\"wp-image-339248\" srcset=\"https:\/\/primermomento.com\/wp-content\/uploads\/2021\/01\/Foto-1-Eduardo-Sanz-Lovaton-y-Juan-Mustafa-Michel-durante-la-firma-del-acuerdo-entre-la-DGA-y-Bandex.1.jpg 602w, https:\/\/primermomento.com\/wp-content\/uploads\/2021\/01\/Foto-1-Eduardo-Sanz-Lovaton-y-Juan-Mustafa-Michel-durante-la-firma-del-acuerdo-entre-la-DGA-y-Bandex.1-300x200.jpg 300w, https:\/\/primermomento.com\/wp-content\/uploads\/2021\/01\/Foto-1-Eduardo-Sanz-Lovaton-y-Juan-Mustafa-Michel-durante-la-firma-del-acuerdo-entre-la-DGA-y-Bandex.1-73x50.jpg 73w, https:\/\/primermomento.com\/wp-content\/uploads\/2021\/01\/Foto-1-Eduardo-Sanz-Lovaton-y-Juan-Mustafa-Michel-durante-la-firma-del-acuerdo-entre-la-DGA-y-Bandex.1-500x333.jpg 500w, https:\/\/primermomento.com\/wp-content\/uploads\/2021\/01\/Foto-1-Eduardo-Sanz-Lovaton-y-Juan-Mustafa-Michel-durante-la-firma-del-acuerdo-entre-la-DGA-y-Bandex.1-280x187.jpg 280w, https:\/\/primermomento.com\/wp-content\/uploads\/2021\/01\/Foto-1-Eduardo-Sanz-Lovaton-y-Juan-Mustafa-Michel-durante-la-firma-del-acuerdo-entre-la-DGA-y-Bandex.1-60x40.jpg 60w, https:\/\/primermomento.com\/wp-content\/uploads\/2021\/01\/Foto-1-Eduardo-Sanz-Lovaton-y-Juan-Mustafa-Michel-durante-la-firma-del-acuerdo-entre-la-DGA-y-Bandex.1-118x79.jpg 118w, https:\/\/primermomento.com\/wp-content\/uploads\/2021\/01\/Foto-1-Eduardo-Sanz-Lovaton-y-Juan-Mustafa-Michel-durante-la-firma-del-acuerdo-entre-la-DGA-y-Bandex.1-479x319.jpg 479w\" sizes=\"auto, (max-width: 602px) 100vw, 602px\" \/><\/figure>\n\n\n\n<p class=\"wp-block-paragraph\">El convenio firmado por el titular de la DGA, Eduardo Sanz Lovat\u00f3n y el gerente general del Bandex, Juan Mustaf\u00e1 Michel, se comprometen al intercambio de informaciones estad\u00edsticas para crear pol\u00edticas y beneficios a favor del sector exportador.<\/p>\n\n\n\n<p class=\"wp-block-paragraph\">\u201cEste acuerdo de colaboraci\u00f3n busca incentivar las exportaciones de Rep\u00fablica Dominicana. Estamos esperanzados con lo que podemos lograr y Bandex como entidad bancaria puede contar con Aduanas y con su capacidad log\u00edstica y anal\u00edtica para establecer una relaci\u00f3n laboral mucho m\u00e1s fluida que nos beneficie a todos\u201d, afirm\u00f3 Lovat\u00f3n.<\/p>\n\n\n\n<p class=\"wp-block-paragraph\">Asegur\u00f3 que el mandato del presidente de la Rep\u00fablica es que este es el momento de invertir en el pa\u00eds, utilizando nuestro clima, ubicaci\u00f3n y la capacidad de producci\u00f3n en todos los sentidos.<\/p>\n\n\n\n<p class=\"wp-block-paragraph\">De su lado, Mustaf\u00e1 Michel se mostr\u00f3 esperanzado con esta alianza que estar\u00e1 apoyando al sector exportador y a los mercados pero que, sobre todo, estar\u00e1 generando divisas y empleos para el pa\u00eds.<\/p>\n\n\n\n<p class=\"wp-block-paragraph\">El acuerdo tambi\u00e9n establece estrategias mutuas para una mejor aplicaci\u00f3n del ordenamiento jur\u00eddico operativo, eficientizar los procesos log\u00edsticos fronterizos, a la luz de la legislaci\u00f3n dom\u00e9stica y la del Derecho Internacional. Contempla adem\u00e1s, cooperar en el emprendimiento de iniciativas y de alianzas estrat\u00e9gicas dirigidas a robustecer la econom\u00eda dominicana.<\/p>\n\n\n\n<p class=\"wp-block-paragraph\">El pacto estar\u00e1 sujeto al r\u00e9gimen fronterizo, a los fines de indicar el alto inter\u00e9s que tienen ambas instituciones en el desarrollo econ\u00f3mico, social y tur\u00edstico de la zona tomando en cuenta la aplicaci\u00f3n de los tratados internacionales y la protecci\u00f3n del Derecho Internacional.<\/p>\n\n\n\n<p class=\"wp-block-paragraph\">Para la evaluaci\u00f3n de los protocolos de trabajo y las recomendaciones de procedimientos que realicen, los representantes de la Direcci\u00f3n General de Aduanas y el Banco Nacional de las Exportaciones, le comunicar\u00e1n, a los directores de ambas instituciones, lo previsto, quienes deben validar las solicitudes y tomar la decisi\u00f3n en torno a su implementaci\u00f3n.<\/p>\n\n\n\n<p class=\"wp-block-paragraph\">El acuerdo tiene una vigencia de dos a\u00f1os y podr\u00e1 ser modificado por cualquiera de las partes y el mismo va acorde con los objetivos de la Estrategia Nacional de Desarrollo 2030.<\/p>\n","protected":false},"excerpt":{"rendered":"<p>SANTO DOMINGO, Rep\u00fablica Dominicana.- La Direcci\u00f3n General de Aduanas (DGA) y el Banco Nacional de las Exportaciones (Bandex), suscribieron un acuerdo de cooperaci\u00f3n para facilitar el comercio, fomentar las exportaciones del pa\u00eds y fortalecer sus relaciones interinstitucionales. El convenio firmado por el titular de la DGA, Eduardo Sanz Lovat\u00f3n y el gerente general del Bandex, [&hellip;]<\/p>\n","protected":false},"author":1,"featured_media":0,"comment_status":"open","ping_status":"open","sticky":false,"template":"","format":"standard","meta":{"_bbp_topic_count":0,"_bbp_reply_count":0,"_bbp_total_topic_count":0,"_bbp_total_reply_count":0,"_bbp_voice_count":0,"_bbp_anonymous_reply_count":0,"_bbp_topic_count_hidden":0,"_bbp_reply_count_hidden":0,"_bbp_forum_subforum_count":0,"footnotes":""},"categories":[35,60],"tags":[],"class_list":["post-339246","post","type-post","status-publish","format-standard","category-economia","category-titulares-del-dia"],"_links":{"self":[{"href":"https:\/\/primermomento.com\/index.php?rest_route=\/wp\/v2\/posts\/339246","targetHints":{"allow":["GET"]}}],"collection":[{"href":"https:\/\/primermomento.com\/index.php?rest_route=\/wp\/v2\/posts"}],"about":[{"href":"https:\/\/primermomento.com\/index.php?rest_route=\/wp\/v2\/types\/post"}],"author":[{"embeddable":true,"href":"https:\/\/primermomento.com\/index.php?rest_route=\/wp\/v2\/users\/1"}],"replies":[{"embeddable":true,"href":"https:\/\/primermomento.com\/index.php?rest_route=%2Fwp%2Fv2%2Fcomments&post=339246"}],"version-history":[{"count":1,"href":"https:\/\/primermomento.com\/index.php?rest_route=\/wp\/v2\/posts\/339246\/revisions"}],"predecessor-version":[{"id":339249,"href":"https:\/\/primermomento.com\/index.php?rest_route=\/wp\/v2\/posts\/339246\/revisions\/339249"}],"wp:attachment":[{"href":"https:\/\/primermomento.com\/index.php?rest_route=%2Fwp%2Fv2%2Fmedia&parent=339246"}],"wp:term":[{"taxonomy":"category","embeddable":true,"href":"https:\/\/primermomento.com\/index.php?rest_route=%2Fwp%2Fv2%2Fcategories&post=339246"},{"taxonomy":"post_tag","embeddable":true,"href":"https:\/\/primermomento.com\/index.php?rest_route=%2Fwp%2Fv2%2Ftags&post=339246"}],"curies":[{"name":"wp","href":"https:\/\/api.w.org\/{rel}","templated":true}]}}