{"id":339411,"date":"2021-01-18T08:28:17","date_gmt":"2021-01-18T12:28:17","guid":{"rendered":"http:\/\/primermomento.com\/?p=339411"},"modified":"2021-01-18T14:32:58","modified_gmt":"2021-01-18T18:32:58","slug":"biden-propondra-reforma-migratoria-en-estados-unidos","status":"publish","type":"post","link":"https:\/\/primermomento.com\/?p=339411","title":{"rendered":"Biden propondr\u00e1 reforma migratoria en Estados Unidos"},"content":{"rendered":"\n<p>WASHINGTON, EEUU.- El presidente electo de Estados Unidos, Joe Biden, presentar\u00e1 un proyecto de reforma migratoria que beneficiar\u00eda a cerca de 11 millones de personas, informan hoy medios de prensa.<\/p>\n\n\n\n<figure class=\"wp-block-image size-large\"><img loading=\"lazy\" decoding=\"async\" width=\"748\" height=\"498\" src=\"http:\/\/primermomento.com\/wp-content\/uploads\/2021\/01\/tpBidenemigracion.jpeg\" alt=\"\" class=\"wp-image-339412\" srcset=\"https:\/\/primermomento.com\/wp-content\/uploads\/2021\/01\/tpBidenemigracion.jpeg 748w, https:\/\/primermomento.com\/wp-content\/uploads\/2021\/01\/tpBidenemigracion-300x200.jpeg 300w, https:\/\/primermomento.com\/wp-content\/uploads\/2021\/01\/tpBidenemigracion-73x50.jpeg 73w, https:\/\/primermomento.com\/wp-content\/uploads\/2021\/01\/tpBidenemigracion-500x333.jpeg 500w, https:\/\/primermomento.com\/wp-content\/uploads\/2021\/01\/tpBidenemigracion-280x186.jpeg 280w, https:\/\/primermomento.com\/wp-content\/uploads\/2021\/01\/tpBidenemigracion-60x40.jpeg 60w, https:\/\/primermomento.com\/wp-content\/uploads\/2021\/01\/tpBidenemigracion-638x425.jpeg 638w, https:\/\/primermomento.com\/wp-content\/uploads\/2021\/01\/tpBidenemigracion-118x79.jpeg 118w, https:\/\/primermomento.com\/wp-content\/uploads\/2021\/01\/tpBidenemigracion-479x319.jpeg 479w\" sizes=\"auto, (max-width: 748px) 100vw, 748px\" \/><\/figure>\n\n\n\n<p>De esa forma el pr\u00f3ximo mandatario cumplir\u00e1 una de sus principales promesas de campa\u00f1a el primer d\u00eda de su Gobierno, algo que fue anunciado en reuni\u00f3n con l\u00edderes hispanos y defensores de inmigrantes, quienes incluso se mostraron sorprendidos por la acci\u00f3n inmediata que buscar\u00eda el dem\u00f3crata, se\u00f1ala el diario californiano La Opini\u00f3n.<\/p>\n\n\n\n<p>La desconfianza sobre el plan es porque en 2008 el presidente Barack Obama prometi\u00f3 una reforma, lo cual intent\u00f3 hacer durante su segundo mandato, cuando surgi\u00f3 DACA ((Deferred Action for Childhood Arrivals).<\/p>\n\n\n\n<p>Seg\u00fan expertos en esta ocasi\u00f3n, la necesidad de proteger a los indocumentados tiene un motivo especial, ya que en medio de la pandemia de la Covid-19, al menos nueve millones realizan trabajos esenciales, incluidas labores agr\u00edcolas, suministro en la cadena de alimentos y reparto de comida.<\/p>\n\n\n\n<p>&#8216;En estos tiempos \u00fanicos\u2026 ha destacado su trabajo crucial como trabajadores agr\u00edcolas que cosechan la comida de los estadounidenses; empleados que almacenan estantes de comestibles, y repartidores que llevan comida con seguridad a los hogares&#8217;, apunta un reporte del Centro para el Progreso Americano (CAP), citado por el diario.<\/p>\n\n\n\n<p>Marielena Hincapi\u00e9, directora ejecutiva del Centro Nacional de Leyes de Inmigraci\u00f3n, reconoci\u00f3 que la acci\u00f3n representa un cambio hist\u00f3rico de la agenda antiinmigrante del presidente Donald Trump.<\/p>\n\n\n\n<p>Ron Klain, el jefe de Gabinete de Biden, confirm\u00f3 que el presidente electo enviar\u00e1 un proyecto de ley de inmigraci\u00f3n al Congreso &#8216;en su primer d\u00eda en el cargo&#8217;.<\/p>\n\n\n\n<p>En 1986 ocurri\u00f3 la \u00faltima reforma migratoria que dio alivio a casi tres millones de indocumentados, impulsada por dem\u00f3cratas y firmada por el presidente republicano Ronald Reagan.<\/p>\n\n\n\n<p class=\"has-text-align-right\"><em>PL<\/em><\/p>\n","protected":false},"excerpt":{"rendered":"<p>WASHINGTON, EEUU.- El presidente electo de Estados Unidos, Joe Biden, presentar\u00e1 un proyecto de reforma migratoria que beneficiar\u00eda a cerca de 11 millones de personas, informan hoy medios de prensa. De esa forma el pr\u00f3ximo mandatario cumplir\u00e1 una de sus principales promesas de campa\u00f1a el primer d\u00eda de su Gobierno, algo que fue anunciado en [&hellip;]<\/p>\n","protected":false},"author":1,"featured_media":0,"comment_status":"open","ping_status":"open","sticky":false,"template":"","format":"standard","meta":{"_bbp_topic_count":0,"_bbp_reply_count":0,"_bbp_total_topic_count":0,"_bbp_total_reply_count":0,"_bbp_voice_count":0,"_bbp_anonymous_reply_count":0,"_bbp_topic_count_hidden":0,"_bbp_reply_count_hidden":0,"_bbp_forum_subforum_count":0,"footnotes":""},"categories":[40,60],"tags":[],"class_list":{"0":"post-339411","1":"post","2":"type-post","3":"status-publish","4":"format-standard","6":"category-comunidad","7":"category-titulares-del-dia"},"_links":{"self":[{"href":"https:\/\/primermomento.com\/index.php?rest_route=\/wp\/v2\/posts\/339411","targetHints":{"allow":["GET"]}}],"collection":[{"href":"https:\/\/primermomento.com\/index.php?rest_route=\/wp\/v2\/posts"}],"about":[{"href":"https:\/\/primermomento.com\/index.php?rest_route=\/wp\/v2\/types\/post"}],"author":[{"embeddable":true,"href":"https:\/\/primermomento.com\/index.php?rest_route=\/wp\/v2\/users\/1"}],"replies":[{"embeddable":true,"href":"https:\/\/primermomento.com\/index.php?rest_route=%2Fwp%2Fv2%2Fcomments&post=339411"}],"version-history":[{"count":1,"href":"https:\/\/primermomento.com\/index.php?rest_route=\/wp\/v2\/posts\/339411\/revisions"}],"predecessor-version":[{"id":339413,"href":"https:\/\/primermomento.com\/index.php?rest_route=\/wp\/v2\/posts\/339411\/revisions\/339413"}],"wp:attachment":[{"href":"https:\/\/primermomento.com\/index.php?rest_route=%2Fwp%2Fv2%2Fmedia&parent=339411"}],"wp:term":[{"taxonomy":"category","embeddable":true,"href":"https:\/\/primermomento.com\/index.php?rest_route=%2Fwp%2Fv2%2Fcategories&post=339411"},{"taxonomy":"post_tag","embeddable":true,"href":"https:\/\/primermomento.com\/index.php?rest_route=%2Fwp%2Fv2%2Ftags&post=339411"}],"curies":[{"name":"wp","href":"https:\/\/api.w.org\/{rel}","templated":true}]}}