{"id":339630,"date":"2021-01-21T13:40:03","date_gmt":"2021-01-21T17:40:03","guid":{"rendered":"http:\/\/primermomento.com\/?p=339630"},"modified":"2021-01-21T15:12:20","modified_gmt":"2021-01-21T19:12:20","slug":"ministro-dice-gobierno-nunca-ha-contemplado-un-impuesto-a-las-remesas","status":"publish","type":"post","link":"https:\/\/primermomento.com\/?p=339630","title":{"rendered":"Ministro dice Gobierno nunca ha contemplado un impuesto a las remesas"},"content":{"rendered":"\n<p class=\"wp-block-paragraph\">SANTO DOMINGO, Rep\u00fablica Dominicana.- El ministro de Hacienda, Jos\u00e9 Manuel -Jochi- Vicente, aclar\u00f3 este jueves que el gobierno nunca ha contemplado un impuesto a las remesas.<\/p>\n\n\n\n<figure class=\"wp-block-image size-large\"><img decoding=\"async\" src=\"http:\/\/primermomento.com\/wp-content\/uploads\/2017\/10\/ministerio-de-hacienda-dominicana.jpg\" alt=\"\" class=\"wp-image-295396\"\/><\/figure>\n\n\n\n<p class=\"wp-block-paragraph\">Una medida como esta, ser\u00eda il\u00f3gica e impracticable, dijo el funcionario a trav\u00e9s de su cuenta de twetter.<\/p>\n\n\n\n<p class=\"wp-block-paragraph\">\u201cA nuestros hermanos en el exterior les damos las gracias por el gran esfuerzo que hacen para ayudar a sus familiares que viven en nuestro pa\u00eds\u201d, manifest\u00f3 Vicente.<\/p>\n\n\n\n<p class=\"wp-block-paragraph\">La aclaraci\u00f3n del funcionario se produce luego que el c\u00f3nsul dominicano en Nueva York Eligi\u00f3 J\u00e1quez recomendar\u00e1 al gobierno que encabeza Luis Abinader gravar en un 1 por ciento de impuesto a las remesas que env\u00edan los dominicanos del exterior.<\/p>\n","protected":false},"excerpt":{"rendered":"<p>SANTO DOMINGO, Rep\u00fablica Dominicana.- El ministro de Hacienda, Jos\u00e9 Manuel -Jochi- Vicente, aclar\u00f3 este jueves que el gobierno nunca ha contemplado un impuesto a las remesas. Una medida como esta, ser\u00eda il\u00f3gica e impracticable, dijo el funcionario a trav\u00e9s de su cuenta de twetter. \u201cA nuestros hermanos en el exterior les damos las gracias por [&hellip;]<\/p>\n","protected":false},"author":1,"featured_media":0,"comment_status":"open","ping_status":"open","sticky":false,"template":"","format":"standard","meta":{"_bbp_topic_count":0,"_bbp_reply_count":0,"_bbp_total_topic_count":0,"_bbp_total_reply_count":0,"_bbp_voice_count":0,"_bbp_anonymous_reply_count":0,"_bbp_topic_count_hidden":0,"_bbp_reply_count_hidden":0,"_bbp_forum_subforum_count":0,"footnotes":""},"categories":[35,60],"tags":[],"class_list":["post-339630","post","type-post","status-publish","format-standard","category-economia","category-titulares-del-dia"],"_links":{"self":[{"href":"https:\/\/primermomento.com\/index.php?rest_route=\/wp\/v2\/posts\/339630","targetHints":{"allow":["GET"]}}],"collection":[{"href":"https:\/\/primermomento.com\/index.php?rest_route=\/wp\/v2\/posts"}],"about":[{"href":"https:\/\/primermomento.com\/index.php?rest_route=\/wp\/v2\/types\/post"}],"author":[{"embeddable":true,"href":"https:\/\/primermomento.com\/index.php?rest_route=\/wp\/v2\/users\/1"}],"replies":[{"embeddable":true,"href":"https:\/\/primermomento.com\/index.php?rest_route=%2Fwp%2Fv2%2Fcomments&post=339630"}],"version-history":[{"count":1,"href":"https:\/\/primermomento.com\/index.php?rest_route=\/wp\/v2\/posts\/339630\/revisions"}],"predecessor-version":[{"id":339631,"href":"https:\/\/primermomento.com\/index.php?rest_route=\/wp\/v2\/posts\/339630\/revisions\/339631"}],"wp:attachment":[{"href":"https:\/\/primermomento.com\/index.php?rest_route=%2Fwp%2Fv2%2Fmedia&parent=339630"}],"wp:term":[{"taxonomy":"category","embeddable":true,"href":"https:\/\/primermomento.com\/index.php?rest_route=%2Fwp%2Fv2%2Fcategories&post=339630"},{"taxonomy":"post_tag","embeddable":true,"href":"https:\/\/primermomento.com\/index.php?rest_route=%2Fwp%2Fv2%2Ftags&post=339630"}],"curies":[{"name":"wp","href":"https:\/\/api.w.org\/{rel}","templated":true}]}}