{"id":339667,"date":"2021-01-22T06:45:19","date_gmt":"2021-01-22T10:45:19","guid":{"rendered":"http:\/\/primermomento.com\/?p=339667"},"modified":"2021-01-22T16:55:37","modified_gmt":"2021-01-22T20:55:37","slug":"dominicanos-festejan-fechas-coincidentes-con-el-numero-21","status":"publish","type":"post","link":"https:\/\/primermomento.com\/?p=339667","title":{"rendered":"Dominicanos festejan fechas coincidentes con el n\u00famero 21"},"content":{"rendered":"\n<p>NUEVA YORK, EEUU.- Dominicanos residentes en varios estados del territorio estadounidense celebraron a las 9:21 de la noche de este jueves la fecha coincidente del n\u00famero 21.<\/p>\n\n\n\n<figure class=\"wp-block-image size-large\"><img loading=\"lazy\" decoding=\"async\" width=\"500\" height=\"500\" src=\"http:\/\/primermomento.com\/wp-content\/uploads\/2021\/01\/dominicanos-en-EE.UU_.-festejan-fechas-coincidentes-con-el-numero-21.jpg\" alt=\"\" class=\"wp-image-339668\" srcset=\"https:\/\/primermomento.com\/wp-content\/uploads\/2021\/01\/dominicanos-en-EE.UU_.-festejan-fechas-coincidentes-con-el-numero-21.jpg 500w, https:\/\/primermomento.com\/wp-content\/uploads\/2021\/01\/dominicanos-en-EE.UU_.-festejan-fechas-coincidentes-con-el-numero-21-300x300.jpg 300w, https:\/\/primermomento.com\/wp-content\/uploads\/2021\/01\/dominicanos-en-EE.UU_.-festejan-fechas-coincidentes-con-el-numero-21-150x150.jpg 150w, https:\/\/primermomento.com\/wp-content\/uploads\/2021\/01\/dominicanos-en-EE.UU_.-festejan-fechas-coincidentes-con-el-numero-21-50x50.jpg 50w, https:\/\/primermomento.com\/wp-content\/uploads\/2021\/01\/dominicanos-en-EE.UU_.-festejan-fechas-coincidentes-con-el-numero-21-220x220.jpg 220w, https:\/\/primermomento.com\/wp-content\/uploads\/2021\/01\/dominicanos-en-EE.UU_.-festejan-fechas-coincidentes-con-el-numero-21-118x118.jpg 118w, https:\/\/primermomento.com\/wp-content\/uploads\/2021\/01\/dominicanos-en-EE.UU_.-festejan-fechas-coincidentes-con-el-numero-21-479x479.jpg 479w, https:\/\/primermomento.com\/wp-content\/uploads\/2021\/01\/dominicanos-en-EE.UU_.-festejan-fechas-coincidentes-con-el-numero-21-30x30.jpg 30w\" sizes=\"auto, (max-width: 500px) 100vw, 500px\" \/><\/figure>\n\n\n\n<p>Los dos \u00faltimos digitales coinciden con las 21 horas, 21 minutos, del d\u00eda 21, del a\u00f1o 21 y el siglo 21.<\/p>\n\n\n\n<p>El acontecimiento fue aprovechado por veintenas de dominicanos en Nueva York, Nueva Jersey, Connecticut, Pensilvania, Maryland, Virginia, Massachusetts, Rhode Island, y Miami, entre otros, para ponerse de acuerdo y brindar simult\u00e1neamente. &nbsp;<\/p>\n\n\n\n<p>El acuerdo lo hicieron a trav\u00e9s de WhatsApp, Integran, Twiter, y correos electr\u00f3nicos, se nos inform\u00f3.<\/p>\n\n\n\n<p>Para celebrar igual acontecimiento habr\u00e1 que esperar el pr\u00f3ximo siglo de 2022, para que haya coincidencia con la hora, los minutos, el d\u00eda y el a\u00f1o 22.<\/p>\n\n\n\n<p class=\"has-text-align-right\"><em>Ram\u00f3n Mercedes<\/em><\/p>\n","protected":false},"excerpt":{"rendered":"<p>NUEVA YORK, EEUU.- Dominicanos residentes en varios estados del territorio estadounidense celebraron a las 9:21 de la noche de este jueves la fecha coincidente del n\u00famero 21. Los dos \u00faltimos digitales coinciden con las 21 horas, 21 minutos, del d\u00eda 21, del a\u00f1o 21 y el siglo 21. El acontecimiento fue aprovechado por veintenas de [&hellip;]<\/p>\n","protected":false},"author":1,"featured_media":0,"comment_status":"open","ping_status":"open","sticky":false,"template":"","format":"standard","meta":{"_bbp_topic_count":0,"_bbp_reply_count":0,"_bbp_total_topic_count":0,"_bbp_total_reply_count":0,"_bbp_voice_count":0,"_bbp_anonymous_reply_count":0,"_bbp_topic_count_hidden":0,"_bbp_reply_count_hidden":0,"_bbp_forum_subforum_count":0,"footnotes":""},"categories":[40,60],"tags":[],"class_list":{"0":"post-339667","1":"post","2":"type-post","3":"status-publish","4":"format-standard","6":"category-comunidad","7":"category-titulares-del-dia"},"_links":{"self":[{"href":"https:\/\/primermomento.com\/index.php?rest_route=\/wp\/v2\/posts\/339667","targetHints":{"allow":["GET"]}}],"collection":[{"href":"https:\/\/primermomento.com\/index.php?rest_route=\/wp\/v2\/posts"}],"about":[{"href":"https:\/\/primermomento.com\/index.php?rest_route=\/wp\/v2\/types\/post"}],"author":[{"embeddable":true,"href":"https:\/\/primermomento.com\/index.php?rest_route=\/wp\/v2\/users\/1"}],"replies":[{"embeddable":true,"href":"https:\/\/primermomento.com\/index.php?rest_route=%2Fwp%2Fv2%2Fcomments&post=339667"}],"version-history":[{"count":1,"href":"https:\/\/primermomento.com\/index.php?rest_route=\/wp\/v2\/posts\/339667\/revisions"}],"predecessor-version":[{"id":339669,"href":"https:\/\/primermomento.com\/index.php?rest_route=\/wp\/v2\/posts\/339667\/revisions\/339669"}],"wp:attachment":[{"href":"https:\/\/primermomento.com\/index.php?rest_route=%2Fwp%2Fv2%2Fmedia&parent=339667"}],"wp:term":[{"taxonomy":"category","embeddable":true,"href":"https:\/\/primermomento.com\/index.php?rest_route=%2Fwp%2Fv2%2Fcategories&post=339667"},{"taxonomy":"post_tag","embeddable":true,"href":"https:\/\/primermomento.com\/index.php?rest_route=%2Fwp%2Fv2%2Ftags&post=339667"}],"curies":[{"name":"wp","href":"https:\/\/api.w.org\/{rel}","templated":true}]}}