{"id":339883,"date":"2021-01-26T16:15:01","date_gmt":"2021-01-26T20:15:01","guid":{"rendered":"http:\/\/primermomento.com\/?p=339883"},"modified":"2021-01-26T19:17:07","modified_gmt":"2021-01-26T23:17:07","slug":"consulado-rd-en-ny-y-prodominicana-promoveran-productos-agricolas","status":"publish","type":"post","link":"https:\/\/primermomento.com\/?p=339883","title":{"rendered":"Consulado RD en NY y ProDominicana promover\u00e1n productos agr\u00edcolas"},"content":{"rendered":"\n<p>NUEVA YORK, EEUU.- Con el objetivo de fortalecer la b\u00fasqueda de mercados a productos agropecuarios nacionales, el Consulado Dominicano y ProDominicana se reunir\u00e1n pr\u00f3ximamente en esta ciudad.<\/p>\n\n\n\n<figure class=\"wp-block-image size-large\"><img loading=\"lazy\" decoding=\"async\" width=\"710\" height=\"400\" src=\"http:\/\/primermomento.com\/wp-content\/uploads\/2018\/01\/consulado-dominicano-ny.jpg\" alt=\"\" class=\"wp-image-297884\" srcset=\"https:\/\/primermomento.com\/wp-content\/uploads\/2018\/01\/consulado-dominicano-ny.jpg 710w, https:\/\/primermomento.com\/wp-content\/uploads\/2018\/01\/consulado-dominicano-ny-300x169.jpg 300w, https:\/\/primermomento.com\/wp-content\/uploads\/2018\/01\/consulado-dominicano-ny-478x270.jpg 478w, https:\/\/primermomento.com\/wp-content\/uploads\/2018\/01\/consulado-dominicano-ny-500x282.jpg 500w, https:\/\/primermomento.com\/wp-content\/uploads\/2018\/01\/consulado-dominicano-ny-280x158.jpg 280w, https:\/\/primermomento.com\/wp-content\/uploads\/2018\/01\/consulado-dominicano-ny-638x359.jpg 638w, https:\/\/primermomento.com\/wp-content\/uploads\/2018\/01\/consulado-dominicano-ny-118x66.jpg 118w, https:\/\/primermomento.com\/wp-content\/uploads\/2018\/01\/consulado-dominicano-ny-479x270.jpg 479w\" sizes=\"auto, (max-width: 710px) 100vw, 710px\" \/><\/figure>\n\n\n\n<p>As\u00ed lo hizo saber el c\u00f3nsul Eligio J\u00e1quez quien anunci\u00f3 el encuentro con la directora de la entidad, Biviana Riveiro, para febrero sin especificar la fecha exacta, donde participar\u00e1n representantes de sectores de emprendedores e inversionistas de la di\u00e1spora.<\/p>\n\n\n\n<p>Ambos funcionarios anunciar\u00e1n los avances del Gobierno dominicano para fortalecer la b\u00fasqueda de mercados en Estados Unidos a productos agropecuarios nacionales y las facilidades de inversiones a peque\u00f1os y medianos comerciantes, exportadores y empresarios de la Gran Manzana.<\/p>\n\n\n\n<p>J\u00e1quez, expres\u00f3 que es inter\u00e9s del presidente Luis Abinader que los dominicanos radicados en EE. UU. y otros pa\u00edses, tengan la oportunidad de disfrutar de los principales productos del agro que se cultivan en el pa\u00eds caribe\u00f1o, como la pi\u00f1a, aguacate, mangos, guineos, pl\u00e1tanos y otros, que son consumidos por millones de criollos en el exterior.<\/p>\n\n\n\n<p>Asimismo, el funcionario consular anunci\u00f3 la visita del Ministro de Educaci\u00f3n Superior, Ciencia y Tecnolog\u00eda (MESCYT) y del rector de la Universidad Aut\u00f3noma de Santo Domingo (UASD) para dar informaciones sobre las facilidades acad\u00e9micas que ofrece el Gobierno a los hijos estudiantes de los dominicanos en el exterior que deseen estudiar en RD.<\/p>\n\n\n\n<p>Adelant\u00f3, que el ministro tambi\u00e9n firmar\u00e1 acuerdos con varios centros educativos de NY, con los que todav\u00eda la RD no los tiene.<\/p>\n\n\n\n<p class=\"has-text-align-right\"><em>Ram\u00f3n Mercedes<\/em><\/p>\n","protected":false},"excerpt":{"rendered":"<p>NUEVA YORK, EEUU.- Con el objetivo de fortalecer la b\u00fasqueda de mercados a productos agropecuarios nacionales, el Consulado Dominicano y ProDominicana se reunir\u00e1n pr\u00f3ximamente en esta ciudad. As\u00ed lo hizo saber el c\u00f3nsul Eligio J\u00e1quez quien anunci\u00f3 el encuentro con la directora de la entidad, Biviana Riveiro, para febrero sin especificar la fecha exacta, donde [&hellip;]<\/p>\n","protected":false},"author":1,"featured_media":0,"comment_status":"open","ping_status":"open","sticky":false,"template":"","format":"standard","meta":{"_bbp_topic_count":0,"_bbp_reply_count":0,"_bbp_total_topic_count":0,"_bbp_total_reply_count":0,"_bbp_voice_count":0,"_bbp_anonymous_reply_count":0,"_bbp_topic_count_hidden":0,"_bbp_reply_count_hidden":0,"_bbp_forum_subforum_count":0,"footnotes":""},"categories":[40,60],"tags":[],"class_list":{"0":"post-339883","1":"post","2":"type-post","3":"status-publish","4":"format-standard","6":"category-comunidad","7":"category-titulares-del-dia"},"_links":{"self":[{"href":"https:\/\/primermomento.com\/index.php?rest_route=\/wp\/v2\/posts\/339883","targetHints":{"allow":["GET"]}}],"collection":[{"href":"https:\/\/primermomento.com\/index.php?rest_route=\/wp\/v2\/posts"}],"about":[{"href":"https:\/\/primermomento.com\/index.php?rest_route=\/wp\/v2\/types\/post"}],"author":[{"embeddable":true,"href":"https:\/\/primermomento.com\/index.php?rest_route=\/wp\/v2\/users\/1"}],"replies":[{"embeddable":true,"href":"https:\/\/primermomento.com\/index.php?rest_route=%2Fwp%2Fv2%2Fcomments&post=339883"}],"version-history":[{"count":1,"href":"https:\/\/primermomento.com\/index.php?rest_route=\/wp\/v2\/posts\/339883\/revisions"}],"predecessor-version":[{"id":339884,"href":"https:\/\/primermomento.com\/index.php?rest_route=\/wp\/v2\/posts\/339883\/revisions\/339884"}],"wp:attachment":[{"href":"https:\/\/primermomento.com\/index.php?rest_route=%2Fwp%2Fv2%2Fmedia&parent=339883"}],"wp:term":[{"taxonomy":"category","embeddable":true,"href":"https:\/\/primermomento.com\/index.php?rest_route=%2Fwp%2Fv2%2Fcategories&post=339883"},{"taxonomy":"post_tag","embeddable":true,"href":"https:\/\/primermomento.com\/index.php?rest_route=%2Fwp%2Fv2%2Ftags&post=339883"}],"curies":[{"name":"wp","href":"https:\/\/api.w.org\/{rel}","templated":true}]}}