{"id":339888,"date":"2021-01-26T15:22:08","date_gmt":"2021-01-26T19:22:08","guid":{"rendered":"http:\/\/primermomento.com\/?p=339888"},"modified":"2021-01-26T19:25:00","modified_gmt":"2021-01-26T23:25:00","slug":"gobierno-pone-en-marcha-el-plan-para-reactivacion-de-las-mipymes","status":"publish","type":"post","link":"https:\/\/primermomento.com\/?p=339888","title":{"rendered":"Gobierno pone en marcha el Plan para Reactivaci\u00f3n de las Mipymes"},"content":{"rendered":"\n<p class=\"wp-block-paragraph\">SANTO DOMINGO, Rep\u00fablica Dominicana.- El presidente de la Rep\u00fablica, Luis Abinader, anunci\u00f3 este martes la puesta en marcha del Plan para Reactivaci\u00f3n de las Mipymes, destinado a las micro y peque\u00f1as empresas con ventas de hasta RD$58 millones.<\/p>\n\n\n\n<figure class=\"wp-block-image size-large\"><img loading=\"lazy\" decoding=\"async\" width=\"1024\" height=\"576\" src=\"http:\/\/primermomento.com\/wp-content\/uploads\/2021\/01\/Abinader-y-las-Mipymes-1024x576.jpeg\" alt=\"\" class=\"wp-image-339889\" srcset=\"https:\/\/primermomento.com\/wp-content\/uploads\/2021\/01\/Abinader-y-las-Mipymes-1024x576.jpeg 1024w, https:\/\/primermomento.com\/wp-content\/uploads\/2021\/01\/Abinader-y-las-Mipymes-300x169.jpeg 300w, https:\/\/primermomento.com\/wp-content\/uploads\/2021\/01\/Abinader-y-las-Mipymes-768x432.jpeg 768w, https:\/\/primermomento.com\/wp-content\/uploads\/2021\/01\/Abinader-y-las-Mipymes-478x270.jpeg 478w, https:\/\/primermomento.com\/wp-content\/uploads\/2021\/01\/Abinader-y-las-Mipymes-500x281.jpeg 500w, https:\/\/primermomento.com\/wp-content\/uploads\/2021\/01\/Abinader-y-las-Mipymes-280x157.jpeg 280w, https:\/\/primermomento.com\/wp-content\/uploads\/2021\/01\/Abinader-y-las-Mipymes-638x359.jpeg 638w, https:\/\/primermomento.com\/wp-content\/uploads\/2021\/01\/Abinader-y-las-Mipymes-118x66.jpeg 118w, https:\/\/primermomento.com\/wp-content\/uploads\/2021\/01\/Abinader-y-las-Mipymes-479x269.jpeg 479w, https:\/\/primermomento.com\/wp-content\/uploads\/2021\/01\/Abinader-y-las-Mipymes.jpeg 1300w\" sizes=\"auto, (max-width: 1024px) 100vw, 1024px\" \/><\/figure>\n\n\n\n<p class=\"wp-block-paragraph\">El plan tiene como prop\u00f3sito amortiguar la carga de los costos operativos y mitigar el enorme impacto econ\u00f3mico de la pandemia por COVID-19 que ha afectado a las Mypimes.<\/p>\n\n\n\n<p class=\"wp-block-paragraph\">En las palabras centrales del acto, el mandatario vaticin\u00f3 que, \u201ceste a\u00f1o que apenas estamos comenzando ser\u00e1 un a\u00f1o de m\u00e1s cambios, de una recuperaci\u00f3n econ\u00f3mica s\u00f3lida y ser\u00e1 el a\u00f1o en el que derrotaremos al virus del COVID-19\u201d.<\/p>\n\n\n\n<p class=\"wp-block-paragraph\">Y reiter\u00f3 que, para ello, el Gobierno que encabeza lleva meses trabajando sin descanso, conscientes del gran desaf\u00edo que tenemos por delante todos los dominicanos. \u201cEs un momento hist\u00f3rico que demanda el compromiso, responsabilidad y trabajo conjunto de todos y todas\u201d, enfatiz\u00f3 el presidente.<\/p>\n\n\n\n<p class=\"wp-block-paragraph\">El jefe de Estado fue categ\u00f3rico al decir que ning\u00fan sector productivo quedar\u00e1 fuera de estos esfuerzos que hace esta administraci\u00f3n para salir adelante. \u201cPor eso, hoy anunciamos una serie de medidas dirigidas a la reactivaci\u00f3n de las Mipymes, un sector que representa el coraz\u00f3n de los empleos en la Rep\u00fablica Dominicana\u201d, expres\u00f3.<\/p>\n\n\n\n<p class=\"wp-block-paragraph\">\u201cEstamos hablando de m\u00e1s de 233 mil unidades productivas formalizadas que emplean a 642,303 personas; y llegando a 2.2 millones de empleos cuando se incluyen los empleos informales\u201d, dijo el presidente en su discurso.<\/p>\n\n\n\n<p class=\"wp-block-paragraph\">Defini\u00f3 este plan como un paso m\u00e1s en la direcci\u00f3n correcta para continuar apoyando nuestro tejido productivo m\u00e1s directo y que permitir\u00e1 enfrentar mejor los retos del futuro.<\/p>\n\n\n\n<p class=\"wp-block-paragraph\">\u201cCon este plan continuaremos dando respuesta y soluciones para que juntos salgamos adelante como pa\u00eds y que lo hagamos con toda su gente para poder avanzar\u201d, reiter\u00f3 el mandatario.<\/p>\n\n\n\n<p class=\"wp-block-paragraph\">Reiter\u00f3 tambi\u00e9n, el apoyo de este Gobierno a las Mypimes a trav\u00e9s del cr\u00e9dito, como una manera de fortalecer la pol\u00edtica fundamental para la creaci\u00f3n de empleos que su Gobierno ha asumido.<\/p>\n\n\n\n<p class=\"wp-block-paragraph\">\u201cSomos muy conscientes de la importancia del sector de las Mipymes en su aporte a la econom\u00eda dominicana, en su capacidad de generar empleos, ingresos y representar actividades en todo el territorio nacional. Por eso, sabemos que apoyar a este sector es preservar la paz social y garantizar justicia y equidad en todos los rincones del pa\u00eds\u201d, puntualiz\u00f3 el jefe de Estado.<\/p>\n\n\n\n<p class=\"wp-block-paragraph\">Asimismo, reconoci\u00f3 el esfuerzo de los trabajadores de las Mipymes cada d\u00eda para sacar sus negocios y trabajo adelante, a\u00fan en condiciones dif\u00edciles, en un momento de mucha incertidumbre. De modo que, aprovech\u00f3 para garantizarles su apoyo y el de este Gobierno.<\/p>\n\n\n\n<p class=\"wp-block-paragraph\">\u201cHoy les puedo decir que su Gobierno est\u00e1 a su lado. Que no les abandona y har\u00e1 todo lo posible y un poco m\u00e1s para ayudarles. Trabajaremos juntos para conseguir algo tan simple, pero a la vez tan complejo como es ayudarles a tener una vida m\u00e1s c\u00f3moda y tranquila\u201d, expres\u00f3 el presidente.<\/p>\n\n\n\n<p class=\"wp-block-paragraph\">De su lado, el ministro de Industria, Comercio y Mipymes, Victor \u2013Ito- Bison\u00f3, afirm\u00f3 que \u201ceste plan no solo contribuir\u00e1 con el rescate de las Mipymes, sino tambi\u00e9n de los empleos y con ello el bienestar de las familias de cada persona que trabaja para una micro, peque\u00f1a y mediana empresa\u201d. Al tiempo que afirm\u00f3 que, \u201ces indispensable la formalizaci\u00f3n y certificaci\u00f3n de las Mipymes para acceder a los beneficios que provee el Gobierno a trav\u00e9s de este plan, por lo que les exhortamos a acercarse a este ministerio para iniciar el proceso de formalizaci\u00f3n\u201d.<\/p>\n\n\n\n<p class=\"wp-block-paragraph\">En el acto, realizado en el Palacio Nacional, estuvieron presentes Jochi Vicente, ministro de Hacienda; Miguel Ceara Hatton, ministro de Econom\u00eda, Planificaci\u00f3n y Desarrollo; Luis Miguel De Camps, ministro de Trabajo y Jos\u00e9 Rijo Presbot, director general de Presupuesto.<\/p>\n\n\n\n<p class=\"wp-block-paragraph\">Adem\u00e1s, Samuel Pereyra, administrador general de Banreservas; Fernando Dur\u00e1n, director del Banco Agr\u00edcola; Porfirio Peralta, director de Promipyme y Carlos Pimentel, director general de Compras y Contrataciones P\u00fablicas.<\/p>\n\n\n\n<p class=\"wp-block-paragraph\"><strong>Esfuerzo conjunto en apoyo a las Mipymes<\/strong><\/p>\n\n\n\n<p class=\"wp-block-paragraph\">El Plan para Reactivaci\u00f3n de las Mipymes&nbsp;consta de tres programas para impulsar las Mipymes con apoyo a capital de trabajo, as\u00ed como la asociatividad a trav\u00e9s de las cooperativas. Estar\u00e1 liderado por el Ministerio de Industria, Comercio y Mipymes (MICM).<\/p>\n\n\n\n<p class=\"wp-block-paragraph\">Estos programas se aplicar\u00e1n a trav\u00e9s de Promipyme, el Instituto de Desarrollo y Cr\u00e9dito Cooperativo (IDECOOP), Banco Agr\u00edcola, Fiduciaria Banreservas y Fundaci\u00f3n Reservas del Pa\u00eds.<\/p>\n\n\n\n<p class=\"wp-block-paragraph\">\u201cActualmente, el tejido productivo Mipyme en Rep\u00fablica Dominicana est\u00e1 compuesto por 233,498 unidades productivas formalizadas, seg\u00fan datos de la DGII de 2020, que a su vez emplean 642,303 personas; y llegando a los 2.2 millones de empleos cuando se incluyen los informales\u201d, as\u00ed lo revel\u00f3 el presidente Abinader en su discurso.<\/p>\n\n\n\n<p class=\"wp-block-paragraph\"><strong>Facilidades disponibles&nbsp;<\/strong><\/p>\n\n\n\n<p class=\"wp-block-paragraph\">El primer programa ser\u00e1 ejecutado a trav\u00e9s de Promipyme y Banca Solidaria, que beneficiar\u00e1 micro y peque\u00f1as empresas formales e informales, con un monto de RD$2,500 millones para pr\u00e9stamos nuevos con tasas entre 6% y 10% anual fija y con 6 meses de gracia de capital, s\u00f3lo al pago de intereses.<\/p>\n\n\n\n<p class=\"wp-block-paragraph\">El segundo programa ser\u00e1 impulsado por el Banco Agr\u00edcola, el Instituto de Desarrollo y Cr\u00e9dito Cooperativo (IDECOOP) y Fundaci\u00f3n Reservas del Pa\u00eds, filial de la Familia Reservas, el cual incluir\u00e1 650 cooperativas con programas de microcr\u00e9ditos, impactando a m\u00e1s de 85,000 miembros.<\/p>\n\n\n\n<p class=\"wp-block-paragraph\">El financiamiento de este segundo programa ser\u00e1 ejecutado, de una parte, por Fundaci\u00f3n Reservas del Pa\u00eds, entidad de financiamiento de segundo piso que colocar\u00e1 RD$1,000 millones con tasas preferenciales y ofrecer\u00e1 educaci\u00f3n financiera especializada; y de la otra parte, el Banco Agr\u00edcola que implementar\u00e1 un programa especial de segundo piso, a trav\u00e9s del IDECOOP, con tasas anuales fijas que oscilan entre el 1% y el 2% en beneficio de cooperativas del sector agropecuario.<\/p>\n\n\n\n<p class=\"wp-block-paragraph\">El tercer programa es el Factoring Gubernamental Reservas de Fiduciaria Banreservas, que est\u00e1 dirigido a las micro y peque\u00f1as empresas suplidoras del Estado; mediante el cual estas puedan vender sus facturas pendientes a tasas de descuento competitivo, lo que les permita continuar la operatividad de sus negocios como proveedores del Estado, que bajo el esquema tradicional no califican o bien no obtienen condiciones favorables.<\/p>\n\n\n\n<p class=\"wp-block-paragraph\"><strong>Disposiciones adicionales<\/strong><\/p>\n\n\n\n<p class=\"wp-block-paragraph\">Con el objetivo de promover m\u00e1s oportunidades de negocio con el Estado dominicano, el gobierno anunci\u00f3 el estricto cumplimiento del Decreto 164-13, que establece que el 20% de las compras del Estado debe hacerse a las Mipymes. Adem\u00e1s, se instruy\u00f3 el pronto pago para las compras p\u00fablicas a Mipymes.<\/p>\n\n\n\n<p class=\"wp-block-paragraph\">Asimismo, se dispuso extender hasta septiembre 2021 la eliminaci\u00f3n de anticipos del Impuesto Sobre la Renta (ISR) para las micro y peque\u00f1as empresas.<\/p>\n\n\n\n<p class=\"wp-block-paragraph\"><strong>Se suma a otras iniciativas<\/strong><\/p>\n\n\n\n<p class=\"wp-block-paragraph\">De igual forma, el mandatario record\u00f3 que ya se han tomado medidas a ra\u00edz de la pandemia, con el fin de asistir a las Mypimes y la necesidad de seguir apoy\u00e1ndolas, que, entre otras cosas, facilitaban liquidez r\u00e1pida a las Mipymes por un monto total de RD$10 mil millones de pesos.<\/p>\n\n\n\n<p class=\"wp-block-paragraph\">Tambi\u00e9n dispuso de RD$5 mil millones para todas las entidades de intermediaci\u00f3n financiera, a ser canalizados espec\u00edficamente a las micro, peque\u00f1as y medianas empresas para el refinanciamiento de deuda, as\u00ed como para la aprobaci\u00f3n de nuevas l\u00edneas de cr\u00e9dito; y RD$5 mil millones que ser\u00edan canalizados por las entidades financieras especializadas en este segmento, as\u00ed como programas especializados de financiamiento al sector Mipymes.<\/p>\n\n\n\n<p class=\"wp-block-paragraph\">Adem\u00e1s, record\u00f3 que se habilit\u00f3 una ventanilla de liquidez de corto plazo por hasta RD$15 mil millones para ser canalizados al financiamiento de las Mipymes y otros microcr\u00e9ditos, a trav\u00e9s del Banco de Reservas y del resto las entidades de intermediaci\u00f3n financiera que est\u00e9n interesados en acceder a esta facilidad.<\/p>\n\n\n\n<p class=\"wp-block-paragraph\">Y, por \u00faltimo, se autoriz\u00f3 la liberaci\u00f3n de unos RD$5,681 millones del encaje legal para el refinanciamiento y consolidaci\u00f3n de pr\u00e9stamos a Mipymes y microcr\u00e9ditos.<\/p>\n\n\n\n<p class=\"wp-block-paragraph\">\u201cEstas son acciones que ya hemos puesto en marcha. Y hoy, agregamos nuevas medidas y seguiremos tomando todas las necesarias para ir, no solo en apoyo de las micro, peque\u00f1as y medianas empresas, sino tambi\u00e9n, de los empleos que generan y con ello el bienestar de las familias de cada persona que trabaja para una Mypime\u201d, expres\u00f3 el mandatario.<\/p>\n\n\n\n<p class=\"wp-block-paragraph\"><strong>Encuesta MICM sobre situaci\u00f3n MIPYMES<\/strong><\/p>\n\n\n\n<p class=\"wp-block-paragraph\">El ministerio de Industria, Comercio y Mipymes (MICM), con el objetivo de conocer la situaci\u00f3n actual de las Mipymes en el pa\u00eds, realiz\u00f3 estudio a finales del 2020, encontrando que las principales dificultades que han enfrentado los empresarios durante la pandemia han sido las limitadas opciones de pago, p\u00e9rdida de la cartera de clientes y ventas, problemas de liquidez, entre otros.<\/p>\n\n\n\n<p class=\"wp-block-paragraph\">Asimismo, el 29.4% de las empresas par\u00f3 totalmente sus operaciones, el 46.7% ha parado parcialmente sus operaciones, y el restante 22.9% ha continuado operando con relativa normalidad.<\/p>\n\n\n\n<p class=\"wp-block-paragraph\">Del 42.2% de las empresas han recurrido a nuevos cr\u00e9ditos y los principales destinos de fondos fueron capital de trabajo y reestructuraci\u00f3n o consolidaci\u00f3n de deudas.<\/p>\n\n\n\n<p class=\"wp-block-paragraph\">En el acto, estuvieron presentes la vicepresidenta Raquel Pe\u00f1a; Luis Miguel De Camps, ministro de Trabajo; Jos\u00e9 Rijo Presbot, director general de Presupuesto.<\/p>\n\n\n\n<p class=\"wp-block-paragraph\">Adem\u00e1s, el director del Idecoop, Franco de los Santos; de Pro Industria, Euclides Rodr\u00edguez y Porfirio Peralta, director de Promipyme.<\/p>\n","protected":false},"excerpt":{"rendered":"<p>SANTO DOMINGO, Rep\u00fablica Dominicana.- El presidente de la Rep\u00fablica, Luis Abinader, anunci\u00f3 este martes la puesta en marcha del Plan para Reactivaci\u00f3n de las Mipymes, destinado a las micro y peque\u00f1as empresas con ventas de hasta RD$58 millones. El plan tiene como prop\u00f3sito amortiguar la carga de los costos operativos y mitigar el enorme impacto [&hellip;]<\/p>\n","protected":false},"author":1,"featured_media":0,"comment_status":"open","ping_status":"open","sticky":false,"template":"","format":"standard","meta":{"_bbp_topic_count":0,"_bbp_reply_count":0,"_bbp_total_topic_count":0,"_bbp_total_reply_count":0,"_bbp_voice_count":0,"_bbp_anonymous_reply_count":0,"_bbp_topic_count_hidden":0,"_bbp_reply_count_hidden":0,"_bbp_forum_subforum_count":0,"footnotes":""},"categories":[35,60],"tags":[],"class_list":["post-339888","post","type-post","status-publish","format-standard","category-economia","category-titulares-del-dia"],"_links":{"self":[{"href":"https:\/\/primermomento.com\/index.php?rest_route=\/wp\/v2\/posts\/339888","targetHints":{"allow":["GET"]}}],"collection":[{"href":"https:\/\/primermomento.com\/index.php?rest_route=\/wp\/v2\/posts"}],"about":[{"href":"https:\/\/primermomento.com\/index.php?rest_route=\/wp\/v2\/types\/post"}],"author":[{"embeddable":true,"href":"https:\/\/primermomento.com\/index.php?rest_route=\/wp\/v2\/users\/1"}],"replies":[{"embeddable":true,"href":"https:\/\/primermomento.com\/index.php?rest_route=%2Fwp%2Fv2%2Fcomments&post=339888"}],"version-history":[{"count":1,"href":"https:\/\/primermomento.com\/index.php?rest_route=\/wp\/v2\/posts\/339888\/revisions"}],"predecessor-version":[{"id":339890,"href":"https:\/\/primermomento.com\/index.php?rest_route=\/wp\/v2\/posts\/339888\/revisions\/339890"}],"wp:attachment":[{"href":"https:\/\/primermomento.com\/index.php?rest_route=%2Fwp%2Fv2%2Fmedia&parent=339888"}],"wp:term":[{"taxonomy":"category","embeddable":true,"href":"https:\/\/primermomento.com\/index.php?rest_route=%2Fwp%2Fv2%2Fcategories&post=339888"},{"taxonomy":"post_tag","embeddable":true,"href":"https:\/\/primermomento.com\/index.php?rest_route=%2Fwp%2Fv2%2Ftags&post=339888"}],"curies":[{"name":"wp","href":"https:\/\/api.w.org\/{rel}","templated":true}]}}