{"id":339911,"date":"2021-01-27T13:53:30","date_gmt":"2021-01-27T17:53:30","guid":{"rendered":"http:\/\/primermomento.com\/?p=339911"},"modified":"2021-01-27T13:53:31","modified_gmt":"2021-01-27T17:53:31","slug":"juez-suprema-corte-ny-juramentara-congresista-espaillat","status":"publish","type":"post","link":"https:\/\/primermomento.com\/?p=339911","title":{"rendered":"Juez Suprema Corte NY juramentar\u00e1 congresista Espaillat"},"content":{"rendered":"\n<p>NUEVA YORK, EEUU.- El primer y \u00fanico congresista de origen dominicano en territorio estadounidense, Adriano Espaillat (NY-13), ser\u00e1 juramentado en una ceremonia virtual para servir en el Congreso 117\u00b0 de los Estados Unidos, por el juez presidente de la Suprema Corte de Justicia del estado de Nueva York, Honorable Rolando Acosta, tambi\u00e9n de origen quisqueyano.<\/p>\n\n\n\n<figure class=\"wp-block-image size-large\"><img loading=\"lazy\" decoding=\"async\" width=\"748\" height=\"498\" src=\"http:\/\/primermomento.com\/wp-content\/uploads\/2021\/01\/eeuu-Adriano-Espaillat.jpg\" alt=\"\" class=\"wp-image-339266\" srcset=\"https:\/\/primermomento.com\/wp-content\/uploads\/2021\/01\/eeuu-Adriano-Espaillat.jpg 748w, https:\/\/primermomento.com\/wp-content\/uploads\/2021\/01\/eeuu-Adriano-Espaillat-300x200.jpg 300w, https:\/\/primermomento.com\/wp-content\/uploads\/2021\/01\/eeuu-Adriano-Espaillat-73x50.jpg 73w, https:\/\/primermomento.com\/wp-content\/uploads\/2021\/01\/eeuu-Adriano-Espaillat-500x333.jpg 500w, https:\/\/primermomento.com\/wp-content\/uploads\/2021\/01\/eeuu-Adriano-Espaillat-280x186.jpg 280w, https:\/\/primermomento.com\/wp-content\/uploads\/2021\/01\/eeuu-Adriano-Espaillat-60x40.jpg 60w, https:\/\/primermomento.com\/wp-content\/uploads\/2021\/01\/eeuu-Adriano-Espaillat-638x425.jpg 638w, https:\/\/primermomento.com\/wp-content\/uploads\/2021\/01\/eeuu-Adriano-Espaillat-118x79.jpg 118w, https:\/\/primermomento.com\/wp-content\/uploads\/2021\/01\/eeuu-Adriano-Espaillat-479x319.jpg 479w\" sizes=\"auto, (max-width: 748px) 100vw, 748px\" \/><figcaption><em>Adriano Espaillat<\/em><\/figcaption><\/figure>\n\n\n\n<p>Espaillat no pudo ser juramentado en el Capitolio el pasado d\u00eda 20 debido a su contagio con el Covid-19 que lo mantuvo aislado en su hogar, pero ya se encuentra muy mejor de salud, se inform\u00f3.<\/p>\n\n\n\n<p>El acto se efectuar\u00e1 este pr\u00f3ximo jueves, a las 6:30 p.m. (TDE), para reafirmar su compromiso con sus constituyentes, el pueblo estadounidense, esbozar sus prioridades legislativas y trabajar con la administraci\u00f3n de Biden-Harris.<\/p>\n\n\n\n<p>El congresista Espaillat est\u00e1 invitando a los residentes de su distrito a que los acompa\u00f1en de manera virtual en la ceremonia de juramentaci\u00f3n, acontecimiento que podr\u00e1 ser visto en vivo en: <a rel=\"noreferrer noopener\" href=\"https:\/\/www.facebook.com\/RepEspaillat\" target=\"_blank\">https:\/\/www.facebook.com\/RepEspaillat<\/a><\/p>\n\n\n\n<p class=\"has-text-align-right\"><em>Ram\u00f3n Mercedes<\/em><\/p>\n","protected":false},"excerpt":{"rendered":"<p>NUEVA YORK, EEUU.- El primer y \u00fanico congresista de origen dominicano en territorio estadounidense, Adriano Espaillat (NY-13), ser\u00e1 juramentado en una ceremonia virtual para servir en el Congreso 117\u00b0 de los Estados Unidos, por el juez presidente de la Suprema Corte de Justicia del estado de Nueva York, Honorable Rolando Acosta, tambi\u00e9n de origen quisqueyano. [&hellip;]<\/p>\n","protected":false},"author":1,"featured_media":0,"comment_status":"open","ping_status":"open","sticky":false,"template":"","format":"standard","meta":{"_bbp_topic_count":0,"_bbp_reply_count":0,"_bbp_total_topic_count":0,"_bbp_total_reply_count":0,"_bbp_voice_count":0,"_bbp_anonymous_reply_count":0,"_bbp_topic_count_hidden":0,"_bbp_reply_count_hidden":0,"_bbp_forum_subforum_count":0,"footnotes":""},"categories":[40,60],"tags":[],"class_list":{"0":"post-339911","1":"post","2":"type-post","3":"status-publish","4":"format-standard","6":"category-comunidad","7":"category-titulares-del-dia"},"_links":{"self":[{"href":"https:\/\/primermomento.com\/index.php?rest_route=\/wp\/v2\/posts\/339911","targetHints":{"allow":["GET"]}}],"collection":[{"href":"https:\/\/primermomento.com\/index.php?rest_route=\/wp\/v2\/posts"}],"about":[{"href":"https:\/\/primermomento.com\/index.php?rest_route=\/wp\/v2\/types\/post"}],"author":[{"embeddable":true,"href":"https:\/\/primermomento.com\/index.php?rest_route=\/wp\/v2\/users\/1"}],"replies":[{"embeddable":true,"href":"https:\/\/primermomento.com\/index.php?rest_route=%2Fwp%2Fv2%2Fcomments&post=339911"}],"version-history":[{"count":1,"href":"https:\/\/primermomento.com\/index.php?rest_route=\/wp\/v2\/posts\/339911\/revisions"}],"predecessor-version":[{"id":339912,"href":"https:\/\/primermomento.com\/index.php?rest_route=\/wp\/v2\/posts\/339911\/revisions\/339912"}],"wp:attachment":[{"href":"https:\/\/primermomento.com\/index.php?rest_route=%2Fwp%2Fv2%2Fmedia&parent=339911"}],"wp:term":[{"taxonomy":"category","embeddable":true,"href":"https:\/\/primermomento.com\/index.php?rest_route=%2Fwp%2Fv2%2Fcategories&post=339911"},{"taxonomy":"post_tag","embeddable":true,"href":"https:\/\/primermomento.com\/index.php?rest_route=%2Fwp%2Fv2%2Ftags&post=339911"}],"curies":[{"name":"wp","href":"https:\/\/api.w.org\/{rel}","templated":true}]}}