{"id":340064,"date":"2021-01-29T09:01:54","date_gmt":"2021-01-29T13:01:54","guid":{"rendered":"http:\/\/primermomento.com\/?p=340064"},"modified":"2021-01-29T15:04:10","modified_gmt":"2021-01-29T19:04:10","slug":"valoran-de-positivo-editorial-defiende-dominicanos-residentes-en-el-exterior","status":"publish","type":"post","link":"https:\/\/primermomento.com\/?p=340064","title":{"rendered":"Valoran de positivo editorial defiende dominicanos residentes en el exterior"},"content":{"rendered":"\n<p>NUEVA YORK, EEUU.- Prestantes dominicanos residentes en esta ciudad han valorado como positivo el editorial del pasado d\u00eda 25 de un influyente medio de la Rep\u00fablica Dominicana en defensa de los quisqueyanos residentes en el exterior.<\/p>\n\n\n\n<figure class=\"wp-block-image size-large\"><img loading=\"lazy\" decoding=\"async\" width=\"523\" height=\"376\" src=\"http:\/\/primermomento.com\/wp-content\/uploads\/2021\/01\/Valoran-de-positivo-editorial-defiende-dominicanos-residentes-en-el-exterior.jpg\" alt=\"\" class=\"wp-image-340065\" srcset=\"https:\/\/primermomento.com\/wp-content\/uploads\/2021\/01\/Valoran-de-positivo-editorial-defiende-dominicanos-residentes-en-el-exterior.jpg 523w, https:\/\/primermomento.com\/wp-content\/uploads\/2021\/01\/Valoran-de-positivo-editorial-defiende-dominicanos-residentes-en-el-exterior-300x216.jpg 300w, https:\/\/primermomento.com\/wp-content\/uploads\/2021\/01\/Valoran-de-positivo-editorial-defiende-dominicanos-residentes-en-el-exterior-500x359.jpg 500w, https:\/\/primermomento.com\/wp-content\/uploads\/2021\/01\/Valoran-de-positivo-editorial-defiende-dominicanos-residentes-en-el-exterior-280x201.jpg 280w, https:\/\/primermomento.com\/wp-content\/uploads\/2021\/01\/Valoran-de-positivo-editorial-defiende-dominicanos-residentes-en-el-exterior-118x85.jpg 118w, https:\/\/primermomento.com\/wp-content\/uploads\/2021\/01\/Valoran-de-positivo-editorial-defiende-dominicanos-residentes-en-el-exterior-479x344.jpg 479w\" sizes=\"auto, (max-width: 523px) 100vw, 523px\" \/><\/figure>\n\n\n\n<p>El peri\u00f3dico HOY se\u00f1ala, entre otras cosas, que los servicios que prestan las representaciones del Estado dominicano a sus ciudadanos en el exterior, sobre todo en Nueva York, siguen siendo de hostil explotaci\u00f3n tarifaria.<\/p>\n\n\n\n<p>Asimismo, a\u00f1ade que no hay otra comunidad for\u00e1nea, de cualquier otra parte del mundo, peor tratada al momento de querer regularizar su estatus y actualizar su condici\u00f3n jur\u00eddica fuera de sus naciones de origen, y esa no es la forma justa de tratar a una di\u00e1spora fiel a la dominicanidad que en medio de la gran crisis crece como fuente de remesas para sus hermanos de ac\u00e1.<\/p>\n\n\n\n<p>Por su parte, Carlos Michelen, catedr\u00e1tico universitario en el estado de NY, expres\u00f3 \u201csin dudas es tiempo de renovarse para toda la administraci\u00f3n p\u00fablica dominicana y el servicio consular est\u00e1 entre los que m\u00e1s\u201d.<\/p>\n\n\n\n<p>\u201cSer\u00eda imprudente que se quiera seguir en esa direcci\u00f3n contraria. Esperamos y apoyamos la demanda de cambios sustanciales en la fluidez y costos de los servicios en el exterior, como se\u00f1ala el peri\u00f3dico\u201d, sostiene.<\/p>\n\n\n\n<p>Para el reconocido abogado criminalista Andr\u00e9s Aranda \u201cel problema de la di\u00e1spora es muy simple, en la RD todos nos ven como una alcanc\u00eda para sacarle y nunca meterle\u201d. \u201cSomos una vaca para ordenar y la gallinita de los huevos de oro\u201d, y esta mentalidad tiene y debe de cambiar\u201d, nos identificamos con el medio.<\/p>\n\n\n\n<p>La reconocida l\u00edder comunitaria Jacqueline Guilamo, precisa \u201cel editorial ha manifestado nuestro pesar en momentos en que nos quieren seguir golpeando con impuestos en una crisis de salud, viviendas y alimentaci\u00f3n que vivimos hoy en d\u00eda.&nbsp; Una gran pena, sostuvo.<\/p>\n\n\n\n<p>Asimismo, el tambi\u00e9n abogado Miguel Espaillat, columnista y alto dirigente del PRM, ha planteado sobre los abusos de los consulados dominicanos en todo el mundo\u201d, y el de NY est\u00e1 siendo blanco de la indignaci\u00f3n de los dominicanos residentes en la urbe y estados vecinos, protestando por los abusivos precios que se cobran en \u00e9ste y en los dem\u00e1s alrededor del mundo\u201d.<\/p>\n\n\n\n<p>Para el escritor y articulista Rom\u00e1n Polanco, \u201cya es hora de discutir los temas del salario consular y los servicios consulares que son mordidas a nosotros\u201d. \u201cLa forma injusta de tratar la comunidad, con elevados precios en los documentos consulares, es una muerta de que no les importamos al gobierno dominicano, aun nosotros siendo fiel a la dominicanidad\u201d, dijo.<\/p>\n\n\n\n<p>El empresario Franklyn N\u00fa\u00f1ez, subray\u00f3 \u201cnos identificamos con dicho editorial porque recoge el sentir de los que vivimos fuera del pa\u00eds\u201d. \u201cLos precios de los documentos consulares deben ser reajustado de manera urgente, dada la situaci\u00f3n en que viven nuestros connacionales en el exterior por el Covid-19.<\/p>\n\n\n\n<p>En t\u00e9rminos similares se pronunciaron ciudadanos comunes quisqueyanos, comunitarios, bodegueros, empleados privados y taxistas, entre otros, en el Alto Manhattan y El Bronx.<\/p>\n","protected":false},"excerpt":{"rendered":"<p>NUEVA YORK, EEUU.- Prestantes dominicanos residentes en esta ciudad han valorado como positivo el editorial del pasado d\u00eda 25 de un influyente medio de la Rep\u00fablica Dominicana en defensa de los quisqueyanos residentes en el exterior. El peri\u00f3dico HOY se\u00f1ala, entre otras cosas, que los servicios que prestan las representaciones del Estado dominicano a sus [&hellip;]<\/p>\n","protected":false},"author":1,"featured_media":0,"comment_status":"open","ping_status":"open","sticky":false,"template":"","format":"standard","meta":{"_bbp_topic_count":0,"_bbp_reply_count":0,"_bbp_total_topic_count":0,"_bbp_total_reply_count":0,"_bbp_voice_count":0,"_bbp_anonymous_reply_count":0,"_bbp_topic_count_hidden":0,"_bbp_reply_count_hidden":0,"_bbp_forum_subforum_count":0,"footnotes":""},"categories":[40,60],"tags":[],"class_list":{"0":"post-340064","1":"post","2":"type-post","3":"status-publish","4":"format-standard","6":"category-comunidad","7":"category-titulares-del-dia"},"_links":{"self":[{"href":"https:\/\/primermomento.com\/index.php?rest_route=\/wp\/v2\/posts\/340064","targetHints":{"allow":["GET"]}}],"collection":[{"href":"https:\/\/primermomento.com\/index.php?rest_route=\/wp\/v2\/posts"}],"about":[{"href":"https:\/\/primermomento.com\/index.php?rest_route=\/wp\/v2\/types\/post"}],"author":[{"embeddable":true,"href":"https:\/\/primermomento.com\/index.php?rest_route=\/wp\/v2\/users\/1"}],"replies":[{"embeddable":true,"href":"https:\/\/primermomento.com\/index.php?rest_route=%2Fwp%2Fv2%2Fcomments&post=340064"}],"version-history":[{"count":1,"href":"https:\/\/primermomento.com\/index.php?rest_route=\/wp\/v2\/posts\/340064\/revisions"}],"predecessor-version":[{"id":340066,"href":"https:\/\/primermomento.com\/index.php?rest_route=\/wp\/v2\/posts\/340064\/revisions\/340066"}],"wp:attachment":[{"href":"https:\/\/primermomento.com\/index.php?rest_route=%2Fwp%2Fv2%2Fmedia&parent=340064"}],"wp:term":[{"taxonomy":"category","embeddable":true,"href":"https:\/\/primermomento.com\/index.php?rest_route=%2Fwp%2Fv2%2Fcategories&post=340064"},{"taxonomy":"post_tag","embeddable":true,"href":"https:\/\/primermomento.com\/index.php?rest_route=%2Fwp%2Fv2%2Ftags&post=340064"}],"curies":[{"name":"wp","href":"https:\/\/api.w.org\/{rel}","templated":true}]}}