{"id":340071,"date":"2021-01-29T15:32:49","date_gmt":"2021-01-29T19:32:49","guid":{"rendered":"http:\/\/primermomento.com\/?p=340071"},"modified":"2021-01-29T15:32:50","modified_gmt":"2021-01-29T19:32:50","slug":"biden-pide-al-congreso-de-eeuu-aprobar-paquete-de-estimulo","status":"publish","type":"post","link":"https:\/\/primermomento.com\/?p=340071","title":{"rendered":"Biden pide al Congreso de EEUU aprobar paquete de est\u00edmulo"},"content":{"rendered":"\n<p class=\"wp-block-paragraph\">WASHINGTON, EEUU.- El presidente estadounidense, Joe Biden, dijo hoy que el Congreso debe tomar medidas inmediatas sobre su propuesta de ayuda de 1,9 billones de d\u00f3lares para enfrentar los efectos de la pandemia de Covid-19.<br>La mayor\u00eda de los economistas creen imprescindible un est\u00edmulo econ\u00f3mico adicional, por lo que &#8216;tenemos que actuar ahora&#8217;, pues hay un consenso abrumador entre los economistas de que este es un momento \u00fanico y el costo de la inacci\u00f3n es alto, dijo Biden a periodistas en la Casa Blanca.<\/p>\n\n\n\n<figure class=\"wp-block-image size-large\"><img loading=\"lazy\" decoding=\"async\" width=\"748\" height=\"498\" src=\"http:\/\/primermomento.com\/wp-content\/uploads\/2021\/01\/w-biden-casa-blanca.jpeg\" alt=\"\" class=\"wp-image-339698\" srcset=\"https:\/\/primermomento.com\/wp-content\/uploads\/2021\/01\/w-biden-casa-blanca.jpeg 748w, https:\/\/primermomento.com\/wp-content\/uploads\/2021\/01\/w-biden-casa-blanca-300x200.jpeg 300w, https:\/\/primermomento.com\/wp-content\/uploads\/2021\/01\/w-biden-casa-blanca-73x50.jpeg 73w, https:\/\/primermomento.com\/wp-content\/uploads\/2021\/01\/w-biden-casa-blanca-500x333.jpeg 500w, https:\/\/primermomento.com\/wp-content\/uploads\/2021\/01\/w-biden-casa-blanca-280x186.jpeg 280w, https:\/\/primermomento.com\/wp-content\/uploads\/2021\/01\/w-biden-casa-blanca-60x40.jpeg 60w, https:\/\/primermomento.com\/wp-content\/uploads\/2021\/01\/w-biden-casa-blanca-638x425.jpeg 638w, https:\/\/primermomento.com\/wp-content\/uploads\/2021\/01\/w-biden-casa-blanca-118x79.jpeg 118w, https:\/\/primermomento.com\/wp-content\/uploads\/2021\/01\/w-biden-casa-blanca-479x319.jpeg 479w\" sizes=\"auto, (max-width: 748px) 100vw, 748px\" \/><figcaption><em>Joe Biden<\/em><\/figcaption><\/figure>\n\n\n\n<p class=\"wp-block-paragraph\">El gobernante habl\u00f3 en momentos en que los dem\u00f3cratas, que controlan el Senado y la C\u00e1mara de Representantes, se alistan para dar los primeros pasos la pr\u00f3xima semana hacia la entrega de nueva ayuda a personas y empresas que sufren los efectos de la Covid-19, que dej\u00f3 hasta la fecha m\u00e1s de 433 mil muertos en el pa\u00eds.<\/p>\n\n\n\n<p class=\"wp-block-paragraph\">Varios comit\u00e9s legislativos negocian a puertas cerradas para convertir en ley esta iniciativa del mandatario, que contiene un monto de 1,9 billones (millones de d\u00f3lares) cuando nuevos datos del Departamento de Comercio muestran que la recuperaci\u00f3n econ\u00f3mica se desaceler\u00f3 a fines de 2020, destaca este viernes el diario The New York Times.<\/p>\n\n\n\n<p class=\"wp-block-paragraph\">&#8216;Queremos que sea siempre bipartidista, pero no podemos rendirnos si ellos no van a hacerlo, creo que tendremos m\u00e1s influencia para conseguir la cooperaci\u00f3n del otro lado si saben que tambi\u00e9n tenemos esa alternativa&#8217;, dijo anoche la presidenta de la C\u00e1mara de Representantes, Nancy Pelosi.<\/p>\n\n\n\n<p class=\"wp-block-paragraph\">Por su parte, el l\u00edder de la mayor\u00eda en el Senado, Charles Schumer, dijo que el Congreso debe buscar un curso de acci\u00f3n robusto para derrotar la pandemia y recuperar la econom\u00eda, pero si los republicanos se oponen a esta legislaci\u00f3n imprescindible, &#8216;tendremos que seguir adelante sin ellos&#8217;.<\/p>\n\n\n\n<p class=\"wp-block-paragraph\">Con ese fin, la semana pr\u00f3xima funcionarios de la administraci\u00f3n Biden y l\u00edderes dem\u00f3cratas en el Capitolio iniciar\u00e1n un proceso para lograr ese objetivo sin el apoyo de los republicanos.<\/p>\n\n\n\n<p class=\"wp-block-paragraph\">Los l\u00edderes dem\u00f3cratas esperan que Biden pueda promulgar su llamado Plan de Rescate Estadounidense a m\u00e1s tardar a mediados de marzo, incluso en medio de los preparativos para el juicio pol\u00edtico contra el expresidente Donald Trump en el Senado, programado para la semana del 8 de febrero.<\/p>\n\n\n\n<p class=\"has-text-align-right wp-block-paragraph\"><em>PL<\/em><\/p>\n","protected":false},"excerpt":{"rendered":"<p>WASHINGTON, EEUU.- El presidente estadounidense, Joe Biden, dijo hoy que el Congreso debe tomar medidas inmediatas sobre su propuesta de ayuda de 1,9 billones de d\u00f3lares para enfrentar los efectos de la pandemia de Covid-19.La mayor\u00eda de los economistas creen imprescindible un est\u00edmulo econ\u00f3mico adicional, por lo que &#8216;tenemos que actuar ahora&#8217;, pues hay un [&hellip;]<\/p>\n","protected":false},"author":1,"featured_media":0,"comment_status":"open","ping_status":"open","sticky":false,"template":"","format":"standard","meta":{"_bbp_topic_count":0,"_bbp_reply_count":0,"_bbp_total_topic_count":0,"_bbp_total_reply_count":0,"_bbp_voice_count":0,"_bbp_anonymous_reply_count":0,"_bbp_topic_count_hidden":0,"_bbp_reply_count_hidden":0,"_bbp_forum_subforum_count":0,"footnotes":""},"categories":[35,60],"tags":[],"class_list":["post-340071","post","type-post","status-publish","format-standard","category-economia","category-titulares-del-dia"],"_links":{"self":[{"href":"https:\/\/primermomento.com\/index.php?rest_route=\/wp\/v2\/posts\/340071","targetHints":{"allow":["GET"]}}],"collection":[{"href":"https:\/\/primermomento.com\/index.php?rest_route=\/wp\/v2\/posts"}],"about":[{"href":"https:\/\/primermomento.com\/index.php?rest_route=\/wp\/v2\/types\/post"}],"author":[{"embeddable":true,"href":"https:\/\/primermomento.com\/index.php?rest_route=\/wp\/v2\/users\/1"}],"replies":[{"embeddable":true,"href":"https:\/\/primermomento.com\/index.php?rest_route=%2Fwp%2Fv2%2Fcomments&post=340071"}],"version-history":[{"count":1,"href":"https:\/\/primermomento.com\/index.php?rest_route=\/wp\/v2\/posts\/340071\/revisions"}],"predecessor-version":[{"id":340072,"href":"https:\/\/primermomento.com\/index.php?rest_route=\/wp\/v2\/posts\/340071\/revisions\/340072"}],"wp:attachment":[{"href":"https:\/\/primermomento.com\/index.php?rest_route=%2Fwp%2Fv2%2Fmedia&parent=340071"}],"wp:term":[{"taxonomy":"category","embeddable":true,"href":"https:\/\/primermomento.com\/index.php?rest_route=%2Fwp%2Fv2%2Fcategories&post=340071"},{"taxonomy":"post_tag","embeddable":true,"href":"https:\/\/primermomento.com\/index.php?rest_route=%2Fwp%2Fv2%2Ftags&post=340071"}],"curies":[{"name":"wp","href":"https:\/\/api.w.org\/{rel}","templated":true}]}}