{"id":340204,"date":"2021-02-02T09:54:13","date_gmt":"2021-02-02T13:54:13","guid":{"rendered":"http:\/\/primermomento.com\/?p=340204"},"modified":"2021-02-02T10:57:33","modified_gmt":"2021-02-02T14:57:33","slug":"bagricola-y-proindustria-firman-acuerdo-para-respaldar-las-industrias","status":"publish","type":"post","link":"https:\/\/primermomento.com\/?p=340204","title":{"rendered":"Bagr\u00edcola y Proindustria firman acuerdo para respaldar las industrias"},"content":{"rendered":"\n<p class=\"wp-block-paragraph\">SANTO DOMINGO, Rep\u00fablica Dominicana.- El Banco Agr\u00edcola y el Centro de Desarrollo y Competitividad Industrial (Proindustria) firmaron un acuerdo a fin de dar un mayor impulso a la industria basada en la agricultura, incluyendo la adquisici\u00f3n de equipos, asistencia t\u00e9cnica para el mejoramiento de procesos y el financiamiento para la construcci\u00f3n y ampliaci\u00f3n de naves en los parques y zonas francas administrados por Proindustria.\u00a0<\/p>\n\n\n\n<figure class=\"wp-block-image size-large\"><img loading=\"lazy\" decoding=\"async\" width=\"537\" height=\"356\" src=\"http:\/\/primermomento.com\/wp-content\/uploads\/2021\/02\/Ulises-Rodriguez-y-Fernando-Duran-intercambian-copias-del-documento-firmado1.jpg\" alt=\"\" class=\"wp-image-340205\" srcset=\"https:\/\/primermomento.com\/wp-content\/uploads\/2021\/02\/Ulises-Rodriguez-y-Fernando-Duran-intercambian-copias-del-documento-firmado1.jpg 537w, https:\/\/primermomento.com\/wp-content\/uploads\/2021\/02\/Ulises-Rodriguez-y-Fernando-Duran-intercambian-copias-del-documento-firmado1-300x199.jpg 300w, https:\/\/primermomento.com\/wp-content\/uploads\/2021\/02\/Ulises-Rodriguez-y-Fernando-Duran-intercambian-copias-del-documento-firmado1-500x331.jpg 500w, https:\/\/primermomento.com\/wp-content\/uploads\/2021\/02\/Ulises-Rodriguez-y-Fernando-Duran-intercambian-copias-del-documento-firmado1-280x186.jpg 280w, https:\/\/primermomento.com\/wp-content\/uploads\/2021\/02\/Ulises-Rodriguez-y-Fernando-Duran-intercambian-copias-del-documento-firmado1-60x40.jpg 60w, https:\/\/primermomento.com\/wp-content\/uploads\/2021\/02\/Ulises-Rodriguez-y-Fernando-Duran-intercambian-copias-del-documento-firmado1-118x78.jpg 118w, https:\/\/primermomento.com\/wp-content\/uploads\/2021\/02\/Ulises-Rodriguez-y-Fernando-Duran-intercambian-copias-del-documento-firmado1-479x318.jpg 479w, https:\/\/primermomento.com\/wp-content\/uploads\/2021\/02\/Ulises-Rodriguez-y-Fernando-Duran-intercambian-copias-del-documento-firmado1-153x100.jpg 153w\" sizes=\"auto, (max-width: 537px) 100vw, 537px\" \/><\/figure>\n\n\n\n<p class=\"wp-block-paragraph\">El convenio, suscrito por el administrador del Bagr\u00edcola, Fernando Dur\u00e1n y el director de Proindustria, Ulises Rodr\u00edguez, permitir\u00e1 atender la gran demanda de espacios de peque\u00f1as y medianas industrias agr\u00edcolas instaladas en los parques de zonas francas.\u00a0<\/p>\n\n\n\n<p class=\"wp-block-paragraph\">Ambos funcionarios coincidieron que con la iniciativa se da inicio a un ambicioso plan de incentivo a la producci\u00f3n nacional, especialmente, en rubros como tabaco, cacao, aguacate, banano, con miras a impulsar la competitividad y agregar valor a los productos locales\u201d, expresaron ambos funcionarios.&nbsp;<\/p>\n\n\n\n<p class=\"wp-block-paragraph\">Dur\u00e1n expres\u00f3 que el objetivo del acuerdo es aunar las capacidades de ambas instituciones a fin de contribuir al mejoramiento de la cadena de valor de la producci\u00f3n agropecuaria, mejorar los ingresos de los productores, agregar mayor competitividad a nuestras exportaciones y contribuir a la generaci\u00f3n de divisas.&nbsp;<\/p>\n\n\n\n<p class=\"wp-block-paragraph\">De su lado, <strong>Ulises Rodr\u00edguez<\/strong> dijo que, con la firma de ese documento, ambas instituciones reafirman su compromiso con el desarrollo y la modernizaci\u00f3n del sector agroindustrial de Rep\u00fablica Dominicana.&nbsp;<\/p>\n\n\n\n<p class=\"wp-block-paragraph\">Estim\u00f3 de gran valor la firma del acuerdo en el marco de los planes de PROINDUSTRIA de relanzar los 22 parques industriales con que cuenta, respondiendo a las directrices trazadas por el presidente Luis Abinader, para generar empleos e impulsar las exportaciones.<\/p>\n\n\n\n<p class=\"wp-block-paragraph\">En la firma del acuerdo estuvieron presentes directivos de las entidades firmantes. De PROINDUSTRIA asisti\u00f3 el subdirector T\u00e9cnico, Raymond Familia; el director Administrativo Financiero; Arismendy Dajer; la encargada del departamento Financiero, Arazaty Feliz y el encargado de Cooperaci\u00f3n Internacional, Lic. Jos\u00e9 Carlos Guerrero.<\/p>\n\n\n\n<p class=\"wp-block-paragraph\">Mientras que de BAGR\u00cdCOLA, asistieron el director de Planificaci\u00f3n, Hip\u00f3lito Bazil y el subadministrador, V\u00edctor Garc\u00eda.<\/p>\n","protected":false},"excerpt":{"rendered":"<p>SANTO DOMINGO, Rep\u00fablica Dominicana.- El Banco Agr\u00edcola y el Centro de Desarrollo y Competitividad Industrial (Proindustria) firmaron un acuerdo a fin de dar un mayor impulso a la industria basada en la agricultura, incluyendo la adquisici\u00f3n de equipos, asistencia t\u00e9cnica para el mejoramiento de procesos y el financiamiento para la construcci\u00f3n y ampliaci\u00f3n de naves [&hellip;]<\/p>\n","protected":false},"author":1,"featured_media":0,"comment_status":"open","ping_status":"open","sticky":false,"template":"","format":"standard","meta":{"_bbp_topic_count":0,"_bbp_reply_count":0,"_bbp_total_topic_count":0,"_bbp_total_reply_count":0,"_bbp_voice_count":0,"_bbp_anonymous_reply_count":0,"_bbp_topic_count_hidden":0,"_bbp_reply_count_hidden":0,"_bbp_forum_subforum_count":0,"footnotes":""},"categories":[35,60],"tags":[],"class_list":["post-340204","post","type-post","status-publish","format-standard","category-economia","category-titulares-del-dia"],"_links":{"self":[{"href":"https:\/\/primermomento.com\/index.php?rest_route=\/wp\/v2\/posts\/340204","targetHints":{"allow":["GET"]}}],"collection":[{"href":"https:\/\/primermomento.com\/index.php?rest_route=\/wp\/v2\/posts"}],"about":[{"href":"https:\/\/primermomento.com\/index.php?rest_route=\/wp\/v2\/types\/post"}],"author":[{"embeddable":true,"href":"https:\/\/primermomento.com\/index.php?rest_route=\/wp\/v2\/users\/1"}],"replies":[{"embeddable":true,"href":"https:\/\/primermomento.com\/index.php?rest_route=%2Fwp%2Fv2%2Fcomments&post=340204"}],"version-history":[{"count":1,"href":"https:\/\/primermomento.com\/index.php?rest_route=\/wp\/v2\/posts\/340204\/revisions"}],"predecessor-version":[{"id":340206,"href":"https:\/\/primermomento.com\/index.php?rest_route=\/wp\/v2\/posts\/340204\/revisions\/340206"}],"wp:attachment":[{"href":"https:\/\/primermomento.com\/index.php?rest_route=%2Fwp%2Fv2%2Fmedia&parent=340204"}],"wp:term":[{"taxonomy":"category","embeddable":true,"href":"https:\/\/primermomento.com\/index.php?rest_route=%2Fwp%2Fv2%2Fcategories&post=340204"},{"taxonomy":"post_tag","embeddable":true,"href":"https:\/\/primermomento.com\/index.php?rest_route=%2Fwp%2Fv2%2Ftags&post=340204"}],"curies":[{"name":"wp","href":"https:\/\/api.w.org\/{rel}","templated":true}]}}