{"id":340229,"date":"2021-02-03T04:53:49","date_gmt":"2021-02-03T08:53:49","guid":{"rendered":"http:\/\/primermomento.com\/?p=340229"},"modified":"2021-02-03T06:57:31","modified_gmt":"2021-02-03T10:57:31","slug":"congresista-espaillat-encabezara-talleres-y-asincronicos-para-padres","status":"publish","type":"post","link":"https:\/\/primermomento.com\/?p=340229","title":{"rendered":"Congresista Espaillat encabezar\u00e1 talleres y asincr\u00f3nicos para padres"},"content":{"rendered":"\n<p>NUEVA YORK, EEUU.- El congresista Adriano Espaillat (NY-13) encabezar\u00e1 talleres en vivo y asincr\u00f3nicos para ayudar a los padres y cuidadores a navegar por este nuevo mundo del aprendizaje remoto.<\/p>\n\n\n\n<figure class=\"wp-block-image size-large\"><img decoding=\"async\" src=\"http:\/\/primermomento.com\/wp-content\/uploads\/2021\/01\/Adriano-Espaillat-afirma-la-vacuna-del-Covid-19-previene-ir-al-hospital-afirma-se-siente-bien.jpg\" alt=\"\" class=\"wp-image-339296\"\/><figcaption><em>Adriano Espaillat<\/em><\/figcaption><\/figure>\n\n\n\n<p>Los talleres comenzar\u00e1n este jueves a las 5:00 de la tarde y las grabaciones de las sesiones estar\u00e1n disponibles para los participantes que no se hayan conectado de manera simult\u00e1nea.<\/p>\n\n\n\n<p>Las sesiones ser\u00e1n dirigidas por l\u00edderes de Divisi\u00f3n del Departamento de Educaci\u00f3n de NYC. Las sesiones cubrir\u00e1n una variedad de temas que van desde la navegaci\u00f3n por el aprendizaje remoto para estudiantes con discapacidades, estudiantes multiling\u00fces y m\u00e1s, se inform\u00f3.<\/p>\n\n\n\n<p>Los talleres se impartir\u00e1n este jueves 4 de febrero, de 5:00 a 6:30 pm (apoyo a las familias en la navegaci\u00f3n por el aprendizaje remoto).<\/p>\n\n\n\n<p>El d\u00eda jueves 25 de febrero de 5:00 a 6:30 pm (apoyo a las familias en la navegaci\u00f3n por el aprendizaje remoto para estudiantes con discapacidades).<\/p>\n\n\n\n<p>El martes 9 de marzo, 5:00 a 6:30 pm (apoyo a las familias en la navegaci\u00f3n por el aprendizaje remoto para estudiantes multiling\u00fces).<\/p>\n\n\n\n<p>El martes 23 de marzo, 5:00 a 6:30 pm (apoyo a las familias con el manejo del estr\u00e9s durante el aprendizaje remoto).<\/p>\n\n\n\n<p>El jueves 15 de abril, 5:00 a 6:30 pm (Apoyo a las familias para fomentar la independencia de los estudiantes durante el aprendizaje remoto).<\/p>\n\n\n\n<p>El jueves 29 de abril, 5:00 a 6:30 pm (apoyo a las familias de estudiantes con discapacidades para fomentar la independencia de los estudiantes durante el aprendizaje remoto).<\/p>\n\n\n\n<p>El mi\u00e9rcoles 12 de mayo, de 5:00 a 6:30 pm (apoyo a las familias mediante el fortalecimiento de las habilidades de enfrentar situaciones a trav\u00e9s de la atenci\u00f3n plena).<\/p>\n\n\n\n<p class=\"has-text-align-right\"><em>Ram\u00f3n Mercedes<\/em><\/p>\n","protected":false},"excerpt":{"rendered":"<p>NUEVA YORK, EEUU.- El congresista Adriano Espaillat (NY-13) encabezar\u00e1 talleres en vivo y asincr\u00f3nicos para ayudar a los padres y cuidadores a navegar por este nuevo mundo del aprendizaje remoto. Los talleres comenzar\u00e1n este jueves a las 5:00 de la tarde y las grabaciones de las sesiones estar\u00e1n disponibles para los participantes que no se [&hellip;]<\/p>\n","protected":false},"author":1,"featured_media":0,"comment_status":"open","ping_status":"open","sticky":false,"template":"","format":"standard","meta":{"_bbp_topic_count":0,"_bbp_reply_count":0,"_bbp_total_topic_count":0,"_bbp_total_reply_count":0,"_bbp_voice_count":0,"_bbp_anonymous_reply_count":0,"_bbp_topic_count_hidden":0,"_bbp_reply_count_hidden":0,"_bbp_forum_subforum_count":0,"footnotes":""},"categories":[40,60],"tags":[],"class_list":{"0":"post-340229","1":"post","2":"type-post","3":"status-publish","4":"format-standard","6":"category-comunidad","7":"category-titulares-del-dia"},"_links":{"self":[{"href":"https:\/\/primermomento.com\/index.php?rest_route=\/wp\/v2\/posts\/340229","targetHints":{"allow":["GET"]}}],"collection":[{"href":"https:\/\/primermomento.com\/index.php?rest_route=\/wp\/v2\/posts"}],"about":[{"href":"https:\/\/primermomento.com\/index.php?rest_route=\/wp\/v2\/types\/post"}],"author":[{"embeddable":true,"href":"https:\/\/primermomento.com\/index.php?rest_route=\/wp\/v2\/users\/1"}],"replies":[{"embeddable":true,"href":"https:\/\/primermomento.com\/index.php?rest_route=%2Fwp%2Fv2%2Fcomments&post=340229"}],"version-history":[{"count":1,"href":"https:\/\/primermomento.com\/index.php?rest_route=\/wp\/v2\/posts\/340229\/revisions"}],"predecessor-version":[{"id":340230,"href":"https:\/\/primermomento.com\/index.php?rest_route=\/wp\/v2\/posts\/340229\/revisions\/340230"}],"wp:attachment":[{"href":"https:\/\/primermomento.com\/index.php?rest_route=%2Fwp%2Fv2%2Fmedia&parent=340229"}],"wp:term":[{"taxonomy":"category","embeddable":true,"href":"https:\/\/primermomento.com\/index.php?rest_route=%2Fwp%2Fv2%2Fcategories&post=340229"},{"taxonomy":"post_tag","embeddable":true,"href":"https:\/\/primermomento.com\/index.php?rest_route=%2Fwp%2Fv2%2Ftags&post=340229"}],"curies":[{"name":"wp","href":"https:\/\/api.w.org\/{rel}","templated":true}]}}