{"id":340341,"date":"2021-02-05T09:28:46","date_gmt":"2021-02-05T13:28:46","guid":{"rendered":"http:\/\/primermomento.com\/?p=340341"},"modified":"2021-02-05T09:28:47","modified_gmt":"2021-02-05T13:28:47","slug":"millones-de-dominicanos-sufriran-frio-polar-en-los-proximos-dias","status":"publish","type":"post","link":"https:\/\/primermomento.com\/?p=340341","title":{"rendered":"Millones de dominicanos sufrir\u00e1n fr\u00edo polar en los pr\u00f3ximos d\u00edas"},"content":{"rendered":"\n<p>NUEVA YORK, EEUU.- M\u00e1s de 2.3 millones de dominicanos residentes en Estados Unidos sufrir\u00e1n en los pr\u00f3ximos d\u00edas de un fr\u00edo polar que afectar\u00e1 cada estado de la Uni\u00f3n Americana con temperaturas congelantes.<\/p>\n\n\n\n<figure class=\"wp-block-image size-large\"><img loading=\"lazy\" decoding=\"async\" width=\"1024\" height=\"716\" src=\"http:\/\/primermomento.com\/wp-content\/uploads\/2021\/02\/Millones-dominicanos-en-USA-sufriran-frio-polar-proximos-dias-1024x716.jpg\" alt=\"\" class=\"wp-image-340342\" srcset=\"https:\/\/primermomento.com\/wp-content\/uploads\/2021\/02\/Millones-dominicanos-en-USA-sufriran-frio-polar-proximos-dias-1024x716.jpg 1024w, https:\/\/primermomento.com\/wp-content\/uploads\/2021\/02\/Millones-dominicanos-en-USA-sufriran-frio-polar-proximos-dias-300x210.jpg 300w, https:\/\/primermomento.com\/wp-content\/uploads\/2021\/02\/Millones-dominicanos-en-USA-sufriran-frio-polar-proximos-dias-768x537.jpg 768w, https:\/\/primermomento.com\/wp-content\/uploads\/2021\/02\/Millones-dominicanos-en-USA-sufriran-frio-polar-proximos-dias-1536x1074.jpg 1536w, https:\/\/primermomento.com\/wp-content\/uploads\/2021\/02\/Millones-dominicanos-en-USA-sufriran-frio-polar-proximos-dias-73x50.jpg 73w, https:\/\/primermomento.com\/wp-content\/uploads\/2021\/02\/Millones-dominicanos-en-USA-sufriran-frio-polar-proximos-dias-110x77.jpg 110w, https:\/\/primermomento.com\/wp-content\/uploads\/2021\/02\/Millones-dominicanos-en-USA-sufriran-frio-polar-proximos-dias-500x350.jpg 500w, https:\/\/primermomento.com\/wp-content\/uploads\/2021\/02\/Millones-dominicanos-en-USA-sufriran-frio-polar-proximos-dias-280x196.jpg 280w, https:\/\/primermomento.com\/wp-content\/uploads\/2021\/02\/Millones-dominicanos-en-USA-sufriran-frio-polar-proximos-dias-638x446.jpg 638w, https:\/\/primermomento.com\/wp-content\/uploads\/2021\/02\/Millones-dominicanos-en-USA-sufriran-frio-polar-proximos-dias-118x83.jpg 118w, https:\/\/primermomento.com\/wp-content\/uploads\/2021\/02\/Millones-dominicanos-en-USA-sufriran-frio-polar-proximos-dias-479x335.jpg 479w, https:\/\/primermomento.com\/wp-content\/uploads\/2021\/02\/Millones-dominicanos-en-USA-sufriran-frio-polar-proximos-dias.jpg 1800w\" sizes=\"auto, (max-width: 1024px) 100vw, 1024px\" \/><\/figure>\n\n\n\n<p>Unos 235 millones de personas padecer\u00e1n el fr\u00edo \u00e1rtico y se espera que el v\u00f3rtice polar tarde 10 d\u00edas en pasar por todo el territorio estadounidense, seg\u00fan CNN.<\/p>\n\n\n\n<p>El intenso fr\u00edo se sentir\u00e1 primero en el centro del pa\u00eds. La temperatura bajar\u00e1 a partir del s\u00e1bado y se espera que el term\u00f3metro registre -25\u00ba Fahrenheit el domingo en el centro de Wisconsin.<\/p>\n\n\n\n<p>En Chicago se espera que la temperatura sea de 0\u00baF a 9\u00baF durante el fin de semana. Para el lunes podr\u00eda caer a -10\u00baF.<\/p>\n\n\n\n<p>Los estados de Nueva York, Nueva Jersey, Pensilvania, y Connecticut, entre otros aleda\u00f1os, donde reside m\u00e1s de mill\u00f3n y medio de quisqueyanos, ser\u00e1n afectados por el frente fr\u00edo a medida que avance este lunes.<\/p>\n\n\n\n<p>En Washington DC podr\u00eda llegar a los 16\u00baF para la ma\u00f1ana del pr\u00f3ximo martes. En NY y Filadelfia la temperatura no pasar\u00e1 de 15\u00baF, seg\u00fan el pron\u00f3stico.<\/p>\n\n\n\n<p>Los dominicanos que piensen viajar durante los pr\u00f3ximos d\u00edas a NY y estados aleda\u00f1os deben venir preparados tambi\u00e9n para batallar con la acumulaci\u00f3n de nieve que hay en las calles.<\/p>\n\n\n\n<p>Despu\u00e9s de la fuerte tormenta invernal que azot\u00f3 varios estados el pasado lunes, a\u00fan no llega la calma entre los transe\u00fantes y el tr\u00e1fico vehicular, quedando pendiente arduas labores de limpieza, debido a que existen grandes acumulaciones en las aceras y frente a los edificios.<\/p>\n\n\n\n<p>Partes de Pennsylvania y Nueva Jersey registraron m\u00e1s de 30 pulgadas de nieve y en algunos lugares de la Gran Manzana sobrepasaron las 17, convirti\u00e9ndose en la mayor nevada en los \u00faltimos cinco a\u00f1os en la regi\u00f3n.<\/p>\n\n\n\n<p class=\"has-text-align-right\"><em>Ram\u00f3n Mercedes<\/em><\/p>\n","protected":false},"excerpt":{"rendered":"<p>NUEVA YORK, EEUU.- M\u00e1s de 2.3 millones de dominicanos residentes en Estados Unidos sufrir\u00e1n en los pr\u00f3ximos d\u00edas de un fr\u00edo polar que afectar\u00e1 cada estado de la Uni\u00f3n Americana con temperaturas congelantes. Unos 235 millones de personas padecer\u00e1n el fr\u00edo \u00e1rtico y se espera que el v\u00f3rtice polar tarde 10 d\u00edas en pasar por [&hellip;]<\/p>\n","protected":false},"author":1,"featured_media":0,"comment_status":"open","ping_status":"open","sticky":false,"template":"","format":"standard","meta":{"_bbp_topic_count":0,"_bbp_reply_count":0,"_bbp_total_topic_count":0,"_bbp_total_reply_count":0,"_bbp_voice_count":0,"_bbp_anonymous_reply_count":0,"_bbp_topic_count_hidden":0,"_bbp_reply_count_hidden":0,"_bbp_forum_subforum_count":0,"footnotes":""},"categories":[40,60],"tags":[],"class_list":{"0":"post-340341","1":"post","2":"type-post","3":"status-publish","4":"format-standard","6":"category-comunidad","7":"category-titulares-del-dia"},"_links":{"self":[{"href":"https:\/\/primermomento.com\/index.php?rest_route=\/wp\/v2\/posts\/340341","targetHints":{"allow":["GET"]}}],"collection":[{"href":"https:\/\/primermomento.com\/index.php?rest_route=\/wp\/v2\/posts"}],"about":[{"href":"https:\/\/primermomento.com\/index.php?rest_route=\/wp\/v2\/types\/post"}],"author":[{"embeddable":true,"href":"https:\/\/primermomento.com\/index.php?rest_route=\/wp\/v2\/users\/1"}],"replies":[{"embeddable":true,"href":"https:\/\/primermomento.com\/index.php?rest_route=%2Fwp%2Fv2%2Fcomments&post=340341"}],"version-history":[{"count":1,"href":"https:\/\/primermomento.com\/index.php?rest_route=\/wp\/v2\/posts\/340341\/revisions"}],"predecessor-version":[{"id":340343,"href":"https:\/\/primermomento.com\/index.php?rest_route=\/wp\/v2\/posts\/340341\/revisions\/340343"}],"wp:attachment":[{"href":"https:\/\/primermomento.com\/index.php?rest_route=%2Fwp%2Fv2%2Fmedia&parent=340341"}],"wp:term":[{"taxonomy":"category","embeddable":true,"href":"https:\/\/primermomento.com\/index.php?rest_route=%2Fwp%2Fv2%2Fcategories&post=340341"},{"taxonomy":"post_tag","embeddable":true,"href":"https:\/\/primermomento.com\/index.php?rest_route=%2Fwp%2Fv2%2Ftags&post=340341"}],"curies":[{"name":"wp","href":"https:\/\/api.w.org\/{rel}","templated":true}]}}