{"id":340449,"date":"2021-02-08T08:29:36","date_gmt":"2021-02-08T12:29:36","guid":{"rendered":"http:\/\/primermomento.com\/?p=340449"},"modified":"2021-02-08T09:32:27","modified_gmt":"2021-02-08T13:32:27","slug":"crean-coalicion-en-defensa-de-pequenos-negocios-ante-abusos-caseros","status":"publish","type":"post","link":"https:\/\/primermomento.com\/?p=340449","title":{"rendered":"Crean coalici\u00f3n en defensa de peque\u00f1os negocios ante abusos caseros"},"content":{"rendered":"\n<p>NUEVA YORK, EEUU.- Con el objetivo de defender miles de propietarios de peque\u00f1os negocios en esta ciudad, entre ellos cientos de dominicanos, se cre\u00f3 la \u201cCoalici\u00f3n para Salvar el Sue\u00f1o Americano de las Familias Inmigrantes\u201d.<\/p>\n\n\n\n<figure class=\"wp-block-image size-large\"><img loading=\"lazy\" decoding=\"async\" width=\"1024\" height=\"877\" src=\"http:\/\/primermomento.com\/wp-content\/uploads\/2021\/02\/Crean-en-NYC-Coalicion-defender-pequenos-negocios-ante-abusos-caseros-1024x877.jpg\" alt=\"\" class=\"wp-image-340450\" srcset=\"https:\/\/primermomento.com\/wp-content\/uploads\/2021\/02\/Crean-en-NYC-Coalicion-defender-pequenos-negocios-ante-abusos-caseros-1024x877.jpg 1024w, https:\/\/primermomento.com\/wp-content\/uploads\/2021\/02\/Crean-en-NYC-Coalicion-defender-pequenos-negocios-ante-abusos-caseros-300x257.jpg 300w, https:\/\/primermomento.com\/wp-content\/uploads\/2021\/02\/Crean-en-NYC-Coalicion-defender-pequenos-negocios-ante-abusos-caseros-768x658.jpg 768w, https:\/\/primermomento.com\/wp-content\/uploads\/2021\/02\/Crean-en-NYC-Coalicion-defender-pequenos-negocios-ante-abusos-caseros-500x428.jpg 500w, https:\/\/primermomento.com\/wp-content\/uploads\/2021\/02\/Crean-en-NYC-Coalicion-defender-pequenos-negocios-ante-abusos-caseros-257x220.jpg 257w, https:\/\/primermomento.com\/wp-content\/uploads\/2021\/02\/Crean-en-NYC-Coalicion-defender-pequenos-negocios-ante-abusos-caseros-638x546.jpg 638w, https:\/\/primermomento.com\/wp-content\/uploads\/2021\/02\/Crean-en-NYC-Coalicion-defender-pequenos-negocios-ante-abusos-caseros-118x101.jpg 118w, https:\/\/primermomento.com\/wp-content\/uploads\/2021\/02\/Crean-en-NYC-Coalicion-defender-pequenos-negocios-ante-abusos-caseros-479x410.jpg 479w, https:\/\/primermomento.com\/wp-content\/uploads\/2021\/02\/Crean-en-NYC-Coalicion-defender-pequenos-negocios-ante-abusos-caseros.jpg 1080w\" sizes=\"auto, (max-width: 1024px) 100vw, 1024px\" \/><\/figure>\n\n\n\n<p>Dicha \u201cCoalici\u00f3n\u201d es un esfuerzo conjunto entre due\u00f1os de Peque\u00f1os Negocios y diferentes activistas comunitarios, inform\u00f3 Luis Tejada, candidato al Concejo Municipal por el distrito 7, en el Alto Manhattan.<\/p>\n\n\n\n<p>Tejada, defensor de los inquilinos por cerca de 30 a\u00f1os en la Gran Manzana, sostuvo que los inmigrantes han invertido recursos econ\u00f3micos y tiempo durante d\u00e9cadas en sus negocios, sin embargo, hoy en d\u00eda est\u00e1n amenazados a desaparecer por los abusos de los caseros y la corrupci\u00f3n en City Hall.<\/p>\n\n\n\n<p>El l\u00edder comunitario y valorado candidato a concejal por dicho distrito, tiene en su aval cerca de 30 a\u00f1os defendiendo los inquilinos ante las cortes de vivienda por los abusos e injusticias que con frecuencia cometen los due\u00f1os de edificios contra ellos.<\/p>\n\n\n\n<p>Solicit\u00f3 a todo ciudadano al conocer esta informaci\u00f3n proveerla a sus familiares, amigos y relacionados.<\/p>\n\n\n\n<p>Para m\u00e1s informaci\u00f3n sobre el \u201cActa de Supervivencia de los Peque\u00f1os Negocios y los Trabajos\u201d visitar la p\u00e1gina: <a rel=\"noreferrer noopener\" href=\"https:\/\/luistejadaforcitycouncil.com\/small-business\/\" target=\"_blank\">https:\/\/luistejadaforcitycouncil.com\/small-business\/<\/a> o llamar al 646-626-3954, a trav\u00e9s de la \u201cFundaci\u00f3n Hermanas Mirabal\u201d, ubicada en el 618 W. de la calle 142, esquina avenida Riverside.<\/p>\n\n\n\n<p class=\"has-text-align-right\"><em>Ram\u00f3n Mercedes<\/em><\/p>\n","protected":false},"excerpt":{"rendered":"<p>NUEVA YORK, EEUU.- Con el objetivo de defender miles de propietarios de peque\u00f1os negocios en esta ciudad, entre ellos cientos de dominicanos, se cre\u00f3 la \u201cCoalici\u00f3n para Salvar el Sue\u00f1o Americano de las Familias Inmigrantes\u201d. Dicha \u201cCoalici\u00f3n\u201d es un esfuerzo conjunto entre due\u00f1os de Peque\u00f1os Negocios y diferentes activistas comunitarios, inform\u00f3 Luis Tejada, candidato al [&hellip;]<\/p>\n","protected":false},"author":1,"featured_media":0,"comment_status":"open","ping_status":"open","sticky":false,"template":"","format":"standard","meta":{"_bbp_topic_count":0,"_bbp_reply_count":0,"_bbp_total_topic_count":0,"_bbp_total_reply_count":0,"_bbp_voice_count":0,"_bbp_anonymous_reply_count":0,"_bbp_topic_count_hidden":0,"_bbp_reply_count_hidden":0,"_bbp_forum_subforum_count":0,"footnotes":""},"categories":[40,60],"tags":[],"class_list":{"0":"post-340449","1":"post","2":"type-post","3":"status-publish","4":"format-standard","6":"category-comunidad","7":"category-titulares-del-dia"},"_links":{"self":[{"href":"https:\/\/primermomento.com\/index.php?rest_route=\/wp\/v2\/posts\/340449","targetHints":{"allow":["GET"]}}],"collection":[{"href":"https:\/\/primermomento.com\/index.php?rest_route=\/wp\/v2\/posts"}],"about":[{"href":"https:\/\/primermomento.com\/index.php?rest_route=\/wp\/v2\/types\/post"}],"author":[{"embeddable":true,"href":"https:\/\/primermomento.com\/index.php?rest_route=\/wp\/v2\/users\/1"}],"replies":[{"embeddable":true,"href":"https:\/\/primermomento.com\/index.php?rest_route=%2Fwp%2Fv2%2Fcomments&post=340449"}],"version-history":[{"count":1,"href":"https:\/\/primermomento.com\/index.php?rest_route=\/wp\/v2\/posts\/340449\/revisions"}],"predecessor-version":[{"id":340451,"href":"https:\/\/primermomento.com\/index.php?rest_route=\/wp\/v2\/posts\/340449\/revisions\/340451"}],"wp:attachment":[{"href":"https:\/\/primermomento.com\/index.php?rest_route=%2Fwp%2Fv2%2Fmedia&parent=340449"}],"wp:term":[{"taxonomy":"category","embeddable":true,"href":"https:\/\/primermomento.com\/index.php?rest_route=%2Fwp%2Fv2%2Fcategories&post=340449"},{"taxonomy":"post_tag","embeddable":true,"href":"https:\/\/primermomento.com\/index.php?rest_route=%2Fwp%2Fv2%2Ftags&post=340449"}],"curies":[{"name":"wp","href":"https:\/\/api.w.org\/{rel}","templated":true}]}}