{"id":340975,"date":"2021-02-18T08:44:05","date_gmt":"2021-02-18T12:44:05","guid":{"rendered":"http:\/\/primermomento.com\/?p=340975"},"modified":"2021-02-18T08:44:07","modified_gmt":"2021-02-18T12:44:07","slug":"lamentan-no-digan-verdad-sobre-precios-documentos-consulares","status":"publish","type":"post","link":"https:\/\/primermomento.com\/?p=340975","title":{"rendered":"Lamentan no digan verdad sobre precios documentos consulares"},"content":{"rendered":"\n<p>NUEVA YORK, EEUU.- Dominicanos que representan organizaciones comunitarias, sociales y pol\u00edticas en esta ciudad manifestaron lamentar que algunos connacionales no salgan en defensa verdadera de la comunidad quisqueyana.<\/p>\n\n\n\n<figure class=\"wp-block-image size-large\"><img loading=\"lazy\" decoding=\"async\" width=\"744\" height=\"182\" src=\"http:\/\/primermomento.com\/wp-content\/uploads\/2021\/02\/Organizaciones-en-NY-lamentan-no-digan-verdad-sobre-precios-documentos-consulares.jpg\" alt=\"\" class=\"wp-image-340976\" srcset=\"https:\/\/primermomento.com\/wp-content\/uploads\/2021\/02\/Organizaciones-en-NY-lamentan-no-digan-verdad-sobre-precios-documentos-consulares.jpg 744w, https:\/\/primermomento.com\/wp-content\/uploads\/2021\/02\/Organizaciones-en-NY-lamentan-no-digan-verdad-sobre-precios-documentos-consulares-300x73.jpg 300w, https:\/\/primermomento.com\/wp-content\/uploads\/2021\/02\/Organizaciones-en-NY-lamentan-no-digan-verdad-sobre-precios-documentos-consulares-500x122.jpg 500w, https:\/\/primermomento.com\/wp-content\/uploads\/2021\/02\/Organizaciones-en-NY-lamentan-no-digan-verdad-sobre-precios-documentos-consulares-280x68.jpg 280w, https:\/\/primermomento.com\/wp-content\/uploads\/2021\/02\/Organizaciones-en-NY-lamentan-no-digan-verdad-sobre-precios-documentos-consulares-638x156.jpg 638w, https:\/\/primermomento.com\/wp-content\/uploads\/2021\/02\/Organizaciones-en-NY-lamentan-no-digan-verdad-sobre-precios-documentos-consulares-118x29.jpg 118w, https:\/\/primermomento.com\/wp-content\/uploads\/2021\/02\/Organizaciones-en-NY-lamentan-no-digan-verdad-sobre-precios-documentos-consulares-479x117.jpg 479w\" sizes=\"auto, (max-width: 744px) 100vw, 744px\" \/><\/figure>\n\n\n\n<p>Radham\u00e9s Garc\u00eda (Loma Miranda); Dayanara Borb\u00f3n y Ebelin Rodr\u00edguez (Acci\u00f3n R\u00e1pida); Gustavo Francisco (Central General de Taxistas -CGT-); Frank Omar (Marcha Verde); y B\u00e9lgica Gonz\u00e1lez (Movimiento Patria para Todos -MPT-) se\u00f1alaron que le ha resultado extra\u00f1o que el padre Ricardo Fajardo fije posici\u00f3n contraria a la que entreg\u00e1ramos personalmente la semana pasada al c\u00f3nsul Eligio J\u00e1quez, y \u00e9l formaba parte.<\/p>\n\n\n\n<p>El p\u00e1rroco en El Bronx, form\u00f3 parte de la comisi\u00f3n que entreg\u00f3 un documento, especificando entre otras demandas: Ajustar los precios al cat\u00e1logo publicado en el portal del Ministerio de Relaciones Exteriores (MIREX), ya que es grande la diferencia con los costos actuales, adem\u00e1s de ufanarse en los medios de prensa de haberlos rebajado\u201d, dicen<\/p>\n\n\n\n<p>Asimismo, disminuir la brecha de desinformaci\u00f3n, desconexi\u00f3n y procurar una efectiva interacci\u00f3n con la comunidad en los estados bajo la jurisdicci\u00f3n consular, y es urgente el fortalecimiento y reformulaci\u00f3n de los programas de repatriaci\u00f3n de cad\u00e1veres hacia RD; prestar atenci\u00f3n y asistencia a los dominicanos privados de la ley y confinados en centros correccionales.<\/p>\n\n\n\n<p>Adem\u00e1s, mejorar los canales de comunicaci\u00f3n con la di\u00e1spora que se mantiene hu\u00e9rfana de informaciones reales, as\u00ed como la interacci\u00f3n r\u00e1pida y eficiente de comunicaci\u00f3n telef\u00f3nica (212-768-2480 y 929-394-5178), porque las llamadas no son atendidas\u201d, entre otras cosas.<\/p>\n\n\n\n<p>Ahora, Fajardo junto a los altos dirigentes del PRM en NY, David William y Josefina Mart\u00ednez, manifiestan: \u201crespaldamos gesti\u00f3n del c\u00f3nsul J\u00e1quez porque est\u00e1 trabajando por el bienestar y desarrollo de nuestra comunidad como no lo hab\u00eda hecho ning\u00fan otro c\u00f3nsul en NY\u201d.<\/p>\n\n\n\n<p>\u201cApoyemos las iniciativas de este hombre que est\u00e1 buscando un mayor provecho y beneficios para todos nosotros los dominicanos\u201d, porque servirle a la comunidad en cualquier parte del mundo implica servirle a la dominicanidad como un ente social\u201d.<\/p>\n\n\n\n<p>Los representantes de las organizaciones explican que \u201ctienen todo el derecho de salir en defensa de la gesti\u00f3n consular, lo que no vemos bien es que quieran transmitirle a nuestra comunidad que los precios de los servicios consulares est\u00e1n bajando de precios\u201d.<\/p>\n\n\n\n<p>Eso no es correcto y no responde a la verdad\u201d, precisan.<\/p>\n\n\n\n<p>\u201cEsto forma parte de una campa\u00f1a bien elaborada para echar por tierra los esfuerzos de la comisi\u00f3n que se reuni\u00f3 con el c\u00f3nsul J\u00e1quez, saliendo a relucir precios de algunos pasaportes sobre los 300 d\u00f3lares, sin poder desmentirnos\u201d y ahora han salido varias publicaciones tratando de desmentir nuestras posiciones\u201d, sostuvieron.<\/p>\n\n\n\n<p class=\"has-text-align-right\"><em>Ram\u00f3n Mercedes<\/em><\/p>\n","protected":false},"excerpt":{"rendered":"<p>NUEVA YORK, EEUU.- Dominicanos que representan organizaciones comunitarias, sociales y pol\u00edticas en esta ciudad manifestaron lamentar que algunos connacionales no salgan en defensa verdadera de la comunidad quisqueyana. Radham\u00e9s Garc\u00eda (Loma Miranda); Dayanara Borb\u00f3n y Ebelin Rodr\u00edguez (Acci\u00f3n R\u00e1pida); Gustavo Francisco (Central General de Taxistas -CGT-); Frank Omar (Marcha Verde); y B\u00e9lgica Gonz\u00e1lez (Movimiento Patria [&hellip;]<\/p>\n","protected":false},"author":1,"featured_media":0,"comment_status":"open","ping_status":"open","sticky":false,"template":"","format":"standard","meta":{"_bbp_topic_count":0,"_bbp_reply_count":0,"_bbp_total_topic_count":0,"_bbp_total_reply_count":0,"_bbp_voice_count":0,"_bbp_anonymous_reply_count":0,"_bbp_topic_count_hidden":0,"_bbp_reply_count_hidden":0,"_bbp_forum_subforum_count":0,"footnotes":""},"categories":[40,60],"tags":[],"class_list":{"0":"post-340975","1":"post","2":"type-post","3":"status-publish","4":"format-standard","6":"category-comunidad","7":"category-titulares-del-dia"},"_links":{"self":[{"href":"https:\/\/primermomento.com\/index.php?rest_route=\/wp\/v2\/posts\/340975","targetHints":{"allow":["GET"]}}],"collection":[{"href":"https:\/\/primermomento.com\/index.php?rest_route=\/wp\/v2\/posts"}],"about":[{"href":"https:\/\/primermomento.com\/index.php?rest_route=\/wp\/v2\/types\/post"}],"author":[{"embeddable":true,"href":"https:\/\/primermomento.com\/index.php?rest_route=\/wp\/v2\/users\/1"}],"replies":[{"embeddable":true,"href":"https:\/\/primermomento.com\/index.php?rest_route=%2Fwp%2Fv2%2Fcomments&post=340975"}],"version-history":[{"count":1,"href":"https:\/\/primermomento.com\/index.php?rest_route=\/wp\/v2\/posts\/340975\/revisions"}],"predecessor-version":[{"id":340977,"href":"https:\/\/primermomento.com\/index.php?rest_route=\/wp\/v2\/posts\/340975\/revisions\/340977"}],"wp:attachment":[{"href":"https:\/\/primermomento.com\/index.php?rest_route=%2Fwp%2Fv2%2Fmedia&parent=340975"}],"wp:term":[{"taxonomy":"category","embeddable":true,"href":"https:\/\/primermomento.com\/index.php?rest_route=%2Fwp%2Fv2%2Fcategories&post=340975"},{"taxonomy":"post_tag","embeddable":true,"href":"https:\/\/primermomento.com\/index.php?rest_route=%2Fwp%2Fv2%2Ftags&post=340975"}],"curies":[{"name":"wp","href":"https:\/\/api.w.org\/{rel}","templated":true}]}}