{"id":341200,"date":"2021-02-23T20:18:13","date_gmt":"2021-02-24T00:18:13","guid":{"rendered":"http:\/\/primermomento.com\/?p=341200"},"modified":"2021-02-24T12:55:21","modified_gmt":"2021-02-24T16:55:21","slug":"bani-lanzan-operativo-de-adecuacion-de-espacios-de-recreacion","status":"publish","type":"post","link":"https:\/\/primermomento.com\/?p=341200","title":{"rendered":"BAN\u00cd | Lanzan operativo de adecuaci\u00f3n de espacios de recreaci\u00f3n"},"content":{"rendered":"\n<p>BAN\u00cd, Rep\u00fablica Dominicana.- Una de las misiones que tiene el alcalde Santo Ram\u00edrez, es adecuar los diferentes espacios de recreaci\u00f3n existentes en el municipio.<\/p>\n\n\n\n<figure class=\"wp-block-image size-large\"><img loading=\"lazy\" decoding=\"async\" width=\"642\" height=\"357\" src=\"http:\/\/primermomento.com\/wp-content\/uploads\/2021\/02\/IMG_03331.png\" alt=\"\" class=\"wp-image-341201\" srcset=\"https:\/\/primermomento.com\/wp-content\/uploads\/2021\/02\/IMG_03331.png 642w, https:\/\/primermomento.com\/wp-content\/uploads\/2021\/02\/IMG_03331-300x167.png 300w, https:\/\/primermomento.com\/wp-content\/uploads\/2021\/02\/IMG_03331-216x120.png 216w, https:\/\/primermomento.com\/wp-content\/uploads\/2021\/02\/IMG_03331-500x278.png 500w, https:\/\/primermomento.com\/wp-content\/uploads\/2021\/02\/IMG_03331-280x156.png 280w, https:\/\/primermomento.com\/wp-content\/uploads\/2021\/02\/IMG_03331-638x355.png 638w, https:\/\/primermomento.com\/wp-content\/uploads\/2021\/02\/IMG_03331-118x66.png 118w, https:\/\/primermomento.com\/wp-content\/uploads\/2021\/02\/IMG_03331-479x266.png 479w\" sizes=\"auto, (max-width: 642px) 100vw, 642px\" \/><\/figure>\n\n\n\n<p>Como ejemplo de esto est\u00e1n los mantenimientos que se han llevado a cabo en el parque Francisco Matos (La Gallera), bajo la direcci\u00f3n de Euclides Soto, encargado de Plazas y Parques.<\/p>\n\n\n\n<p>En este lugar donde acude la ciudadan\u00eda a compartir en familia, se efectuaron trabajos de poda de \u00e1rboles, arreglo de bombillas que se encontraban averiadas para que principalmente en horas de la noche se mantenga alumbrado, y de igual modo se repar\u00f3 el circuito el\u00e9ctrico y la cisterna que presentaba un desborde de agua que fue corregido.<\/p>\n\n\n\n<p>Los acondicionamientos, que son dispuestos por el ejecutivo municipal, continuar\u00e1n durante esta semana en el Residencial Margarita, Urbanizaci\u00f3n, BHD, luego se iniciar\u00e1 un nuevo proyecto de poda de \u00e1rboles en las v\u00edas p\u00fablicas, en coordinaci\u00f3n con el departamento de Medio Ambiente que dirige Julio Cesar Bobadilla.<\/p>\n\n\n\n<p><strong>SE\u00d1ALIZACIONES VIALES<\/strong><\/p>\n\n\n\n<p>Continuaron las se\u00f1alizaciones viales en el pol\u00edgono central del municipio por parte del Ayuntamiento de Ban\u00ed y por disposici\u00f3n expresa del alcalde Santo Ram\u00edrez.<\/p>\n\n\n\n<figure class=\"wp-block-image size-large\"><img loading=\"lazy\" decoding=\"async\" width=\"642\" height=\"356\" src=\"http:\/\/primermomento.com\/wp-content\/uploads\/2021\/02\/IMG_03341.png\" alt=\"\" class=\"wp-image-341202\" srcset=\"https:\/\/primermomento.com\/wp-content\/uploads\/2021\/02\/IMG_03341.png 642w, https:\/\/primermomento.com\/wp-content\/uploads\/2021\/02\/IMG_03341-300x166.png 300w, https:\/\/primermomento.com\/wp-content\/uploads\/2021\/02\/IMG_03341-216x120.png 216w, https:\/\/primermomento.com\/wp-content\/uploads\/2021\/02\/IMG_03341-500x277.png 500w, https:\/\/primermomento.com\/wp-content\/uploads\/2021\/02\/IMG_03341-280x155.png 280w, https:\/\/primermomento.com\/wp-content\/uploads\/2021\/02\/IMG_03341-638x354.png 638w, https:\/\/primermomento.com\/wp-content\/uploads\/2021\/02\/IMG_03341-118x65.png 118w, https:\/\/primermomento.com\/wp-content\/uploads\/2021\/02\/IMG_03341-479x266.png 479w\" sizes=\"auto, (max-width: 642px) 100vw, 642px\" \/><\/figure>\n\n\n\n<p>Esta vez la calle Mella fue favorecida con la pintura de los reductores de velocidad entre otras indicaciones que permiten a los transe\u00fantes identificar cuando es correcto o no estacionarse, detenerse o en algunos casos seguir en los diferentes trayectos de la ciudad.<\/p>\n\n\n\n<p>Estos trabajos que son coordinados por el departamento de Planeamiento Urbano del cabildo son de suma importancia para contribuir con la se\u00f1alizaci\u00f3n de las v\u00edas del municipio y que los ciudadanos respeten las mismas.<\/p>\n\n\n\n<p><strong>LICITACI\u00d3N<\/strong><\/p>\n\n\n\n<p>Para llevar a cabo el objetivo trazado por el alcalde Santo Ram\u00edrez, de renovar el parque vehicular del Ayuntamiento de Ban\u00ed, los miembros del Comit\u00e9 de Compras y Contrataciones de la instituci\u00f3n edilicia, estuvieron desarrollando la oferta t\u00e9cnica junto a representantes de dos compa\u00f1\u00edas para la posible adquisici\u00f3n de 06 unidades que planean integrar al sistema de recolecci\u00f3n de desechos s\u00f3lidos en el municipio, tras una reuni\u00f3n efectuada en el sal\u00f3n de conferencias.<\/p>\n\n\n\n<figure class=\"wp-block-image size-large\"><img loading=\"lazy\" decoding=\"async\" width=\"642\" height=\"356\" src=\"http:\/\/primermomento.com\/wp-content\/uploads\/2021\/02\/IMG_03351.png\" alt=\"\" class=\"wp-image-341203\" srcset=\"https:\/\/primermomento.com\/wp-content\/uploads\/2021\/02\/IMG_03351.png 642w, https:\/\/primermomento.com\/wp-content\/uploads\/2021\/02\/IMG_03351-300x166.png 300w, https:\/\/primermomento.com\/wp-content\/uploads\/2021\/02\/IMG_03351-216x120.png 216w, https:\/\/primermomento.com\/wp-content\/uploads\/2021\/02\/IMG_03351-500x277.png 500w, https:\/\/primermomento.com\/wp-content\/uploads\/2021\/02\/IMG_03351-280x155.png 280w, https:\/\/primermomento.com\/wp-content\/uploads\/2021\/02\/IMG_03351-638x354.png 638w, https:\/\/primermomento.com\/wp-content\/uploads\/2021\/02\/IMG_03351-118x65.png 118w, https:\/\/primermomento.com\/wp-content\/uploads\/2021\/02\/IMG_03351-479x266.png 479w\" sizes=\"auto, (max-width: 642px) 100vw, 642px\" \/><\/figure>\n\n\n\n<p>Durante el encuentro dos compa\u00f1\u00edas participaron en la licitaci\u00f3n p\u00fablica nacional, Meco Roger Dominicana y MTE Groups, que presentaron sus propuestas para la venta de bienes y servicios conexos, ofertando camiones compactadores usados de diferentes marcas como japon\u00e9s, HINO DUSTRO e ISUZU, as\u00ed como camionetas DONGSENG a\u00f1o 2020 de las denominadas Minitrucks.<\/p>\n\n\n\n<p>El informe de ambas compa\u00f1\u00edas fue analizado y ponderado por el Comit\u00e9 de Compras y Contrataciones, que en caso de resultar aprobadas pasar\u00e1n al siguiente proceso de apertura econ\u00f3mica que ser\u00e1 efectuado el pr\u00f3ximo 03 de marzo del presente a\u00f1o 2021.<\/p>\n\n\n\n<p>Estos equipos est\u00e1n siendo diligenciados por el ejecutivo municipal Santo Ram\u00edrez, como una forma de ofrecer una respuesta contundente a la demanda del manejo y destino final de los residuos s\u00f3lidos.<\/p>\n\n\n\n<p>Dijeron presentes en dicho encuentro los encargados de los departamentos Legal que preside el abogado Jos\u00e9 Lerebours, de Compras, Rafael Olaverr\u00eda, el gerente financiero Edwin Mej\u00eda, por Libre Acceso a la Informaci\u00f3n, \u00c1ngela Pol, Transportaci\u00f3n, Jos\u00e9 Antonio Encarnaci\u00f3n, F\u00e9lix Arias encargado de Almac\u00e9n y Suministro, Magdali D\u00edaz de Planificaci\u00f3n y Programaci\u00f3n, adem\u00e1s Edwin Liz, delegado de Meco Roger Dominicana.<\/p>\n","protected":false},"excerpt":{"rendered":"<p>BAN\u00cd, Rep\u00fablica Dominicana.- Una de las misiones que tiene el alcalde Santo Ram\u00edrez, es adecuar los diferentes espacios de recreaci\u00f3n existentes en el municipio. Como ejemplo de esto est\u00e1n los mantenimientos que se han llevado a cabo en el parque Francisco Matos (La Gallera), bajo la direcci\u00f3n de Euclides Soto, encargado de Plazas y Parques. [&hellip;]<\/p>\n","protected":false},"author":1,"featured_media":0,"comment_status":"open","ping_status":"open","sticky":false,"template":"","format":"standard","meta":{"_bbp_topic_count":0,"_bbp_reply_count":0,"_bbp_total_topic_count":0,"_bbp_total_reply_count":0,"_bbp_voice_count":0,"_bbp_anonymous_reply_count":0,"_bbp_topic_count_hidden":0,"_bbp_reply_count_hidden":0,"_bbp_forum_subforum_count":0,"footnotes":""},"categories":[60,32],"tags":[],"class_list":{"0":"post-341200","1":"post","2":"type-post","3":"status-publish","4":"format-standard","6":"category-titulares-del-dia","7":"category-lo-ultimo"},"_links":{"self":[{"href":"https:\/\/primermomento.com\/index.php?rest_route=\/wp\/v2\/posts\/341200","targetHints":{"allow":["GET"]}}],"collection":[{"href":"https:\/\/primermomento.com\/index.php?rest_route=\/wp\/v2\/posts"}],"about":[{"href":"https:\/\/primermomento.com\/index.php?rest_route=\/wp\/v2\/types\/post"}],"author":[{"embeddable":true,"href":"https:\/\/primermomento.com\/index.php?rest_route=\/wp\/v2\/users\/1"}],"replies":[{"embeddable":true,"href":"https:\/\/primermomento.com\/index.php?rest_route=%2Fwp%2Fv2%2Fcomments&post=341200"}],"version-history":[{"count":2,"href":"https:\/\/primermomento.com\/index.php?rest_route=\/wp\/v2\/posts\/341200\/revisions"}],"predecessor-version":[{"id":341252,"href":"https:\/\/primermomento.com\/index.php?rest_route=\/wp\/v2\/posts\/341200\/revisions\/341252"}],"wp:attachment":[{"href":"https:\/\/primermomento.com\/index.php?rest_route=%2Fwp%2Fv2%2Fmedia&parent=341200"}],"wp:term":[{"taxonomy":"category","embeddable":true,"href":"https:\/\/primermomento.com\/index.php?rest_route=%2Fwp%2Fv2%2Fcategories&post=341200"},{"taxonomy":"post_tag","embeddable":true,"href":"https:\/\/primermomento.com\/index.php?rest_route=%2Fwp%2Fv2%2Ftags&post=341200"}],"curies":[{"name":"wp","href":"https:\/\/api.w.org\/{rel}","templated":true}]}}