{"id":341350,"date":"2021-02-26T16:07:17","date_gmt":"2021-02-26T20:07:17","guid":{"rendered":"http:\/\/primermomento.com\/?p=341350"},"modified":"2021-02-26T16:07:19","modified_gmt":"2021-02-26T20:07:19","slug":"muere-de-covid-19-presidente-de-orden-fraternal-920-policia-ny","status":"publish","type":"post","link":"https:\/\/primermomento.com\/?p=341350","title":{"rendered":"Muere de Covid-19 presidente de Orden Fraternal 920 Polic\u00eda NY"},"content":{"rendered":"\n<p>NUEVA YORK, EEUU.- El presidente de la Organizaci\u00f3n de Oficiales Internacionales (Orden Fraternal 920 Polic\u00eda en NY), el dominicano Miguel Paulino, falleci\u00f3 la madrugada de este martes en el hospital Montefiore Medical Center, en El Bronx, por el Covid-19.<\/p>\n\n\n\n<div class=\"wp-block-image\"><figure class=\"alignright size-large\"><img loading=\"lazy\" decoding=\"async\" width=\"251\" height=\"199\" src=\"http:\/\/primermomento.com\/wp-content\/uploads\/2021\/02\/Miguel-Paulino-presidente-Orden-Fraternal-920-Policia-NY-muere-del-Covid-191.jpg\" alt=\"\" class=\"wp-image-341351\" srcset=\"https:\/\/primermomento.com\/wp-content\/uploads\/2021\/02\/Miguel-Paulino-presidente-Orden-Fraternal-920-Policia-NY-muere-del-Covid-191.jpg 251w, https:\/\/primermomento.com\/wp-content\/uploads\/2021\/02\/Miguel-Paulino-presidente-Orden-Fraternal-920-Policia-NY-muere-del-Covid-191-80x63.jpg 80w, https:\/\/primermomento.com\/wp-content\/uploads\/2021\/02\/Miguel-Paulino-presidente-Orden-Fraternal-920-Policia-NY-muere-del-Covid-191-118x94.jpg 118w\" sizes=\"auto, (max-width: 251px) 100vw, 251px\" \/><\/figure><\/div>\n\n\n\n<p>La informaci\u00f3n suministrada este jueves por agentes policiales integrantes de la entidad, indicaron que Paulino estuvo varios d\u00edas con ox\u00edgeno en el centro hospitalario con pulmon\u00eda y complicaciones del mortal virus.<\/p>\n\n\n\n<p>El oficial policial, quien era ingeniero agr\u00f3nomo, prest\u00f3 servicios por m\u00e1s de 20 a\u00f1os en la Polic\u00eda de Mount Vermont, se hab\u00eda retirado recientemente, y el a\u00f1o pasado perdi\u00f3 a su madre y un hermano, no del Covid-19, solicit\u00e1ndole a su familia que cuando falleciera lo \u201ccremaran\u201d.<\/p>\n\n\n\n<p>Todos los a\u00f1os visitaba la RD, junto a una comisi\u00f3n de la Orden Fraternal 920, para entregar donativos militares, tanto a la Polic\u00eda como al Ministerio de Defensa.<\/p>\n\n\n\n<p>En septiembre pasado entreg\u00f3 miles de mascarillas de tela reusables para protegerse del Covid-19, otras fueron donadas a la Asociaci\u00f3n de esposas de oficiales de la PN y a un hospital del interior del pa\u00eds.<\/p>\n\n\n\n<p>Asimismo, recib\u00eda comisiones de oficiales superiores, subalternos, clases y alistados de la uniformada dominicana, para entrenarlos en diversas t\u00e9cnicas contra el crimen organizado y la delincuencia com\u00fan, contra narc\u00f3ticos, escena del crimen, asuntos comunitarios, y de emergencia, entre otros t\u00f3picos de inter\u00e9s policial.<\/p>\n\n\n\n<p>Estos entrenamientos se enmarcaban dentro de los acuerdos que ha mantenido FOP 920 con la PN para ayudar en el proceso de reforma y modernizaci\u00f3n.<\/p>\n\n\n\n<p>Tambi\u00e9n se encarga de dirigir equipos de seguridad cuando visitan Nueva York candidatos presidenciales, altos funcionarios y figuras corporativas que requer\u00edan de su servicio.<\/p>\n\n\n\n<p>Durante el gobierno del presidente Barack Obama fue reconocido por el mandatario durante una ceremonia en la base militar Hamilton de Brooklyn y cuyo pergamino estuvo acompa\u00f1ado de una carta enviada por el propio mandatario.<\/p>\n\n\n\n<p>Obama resalt\u00f3 la labor de Paulino, expresando que es un ejemplo en el exitoso trabajo de seguridad y protecci\u00f3n a los ciudadanos de Estados Unidos y un orgullo para su comunidad.<\/p>\n\n\n\n<p>Tambi\u00e9n se refiri\u00f3 a la gran labor humanitaria realizada por Paulino al frente de la FOP 920.<\/p>\n\n\n\n<p>La comunidad dominicana en NYC, donde era muy conocido, ha lamentado su fallecimiento a destiempo.<\/p>\n\n\n\n<p class=\"has-text-align-right\"><em>Ram\u00f3n Mercedes<\/em><\/p>\n","protected":false},"excerpt":{"rendered":"<p>NUEVA YORK, EEUU.- El presidente de la Organizaci\u00f3n de Oficiales Internacionales (Orden Fraternal 920 Polic\u00eda en NY), el dominicano Miguel Paulino, falleci\u00f3 la madrugada de este martes en el hospital Montefiore Medical Center, en El Bronx, por el Covid-19. La informaci\u00f3n suministrada este jueves por agentes policiales integrantes de la entidad, indicaron que Paulino estuvo [&hellip;]<\/p>\n","protected":false},"author":1,"featured_media":0,"comment_status":"open","ping_status":"open","sticky":false,"template":"","format":"standard","meta":{"_bbp_topic_count":0,"_bbp_reply_count":0,"_bbp_total_topic_count":0,"_bbp_total_reply_count":0,"_bbp_voice_count":0,"_bbp_anonymous_reply_count":0,"_bbp_topic_count_hidden":0,"_bbp_reply_count_hidden":0,"_bbp_forum_subforum_count":0,"footnotes":""},"categories":[40,60],"tags":[],"class_list":{"0":"post-341350","1":"post","2":"type-post","3":"status-publish","4":"format-standard","6":"category-comunidad","7":"category-titulares-del-dia"},"_links":{"self":[{"href":"https:\/\/primermomento.com\/index.php?rest_route=\/wp\/v2\/posts\/341350","targetHints":{"allow":["GET"]}}],"collection":[{"href":"https:\/\/primermomento.com\/index.php?rest_route=\/wp\/v2\/posts"}],"about":[{"href":"https:\/\/primermomento.com\/index.php?rest_route=\/wp\/v2\/types\/post"}],"author":[{"embeddable":true,"href":"https:\/\/primermomento.com\/index.php?rest_route=\/wp\/v2\/users\/1"}],"replies":[{"embeddable":true,"href":"https:\/\/primermomento.com\/index.php?rest_route=%2Fwp%2Fv2%2Fcomments&post=341350"}],"version-history":[{"count":1,"href":"https:\/\/primermomento.com\/index.php?rest_route=\/wp\/v2\/posts\/341350\/revisions"}],"predecessor-version":[{"id":341352,"href":"https:\/\/primermomento.com\/index.php?rest_route=\/wp\/v2\/posts\/341350\/revisions\/341352"}],"wp:attachment":[{"href":"https:\/\/primermomento.com\/index.php?rest_route=%2Fwp%2Fv2%2Fmedia&parent=341350"}],"wp:term":[{"taxonomy":"category","embeddable":true,"href":"https:\/\/primermomento.com\/index.php?rest_route=%2Fwp%2Fv2%2Fcategories&post=341350"},{"taxonomy":"post_tag","embeddable":true,"href":"https:\/\/primermomento.com\/index.php?rest_route=%2Fwp%2Fv2%2Ftags&post=341350"}],"curies":[{"name":"wp","href":"https:\/\/api.w.org\/{rel}","templated":true}]}}