{"id":341496,"date":"2021-03-01T09:34:00","date_gmt":"2021-03-01T13:34:00","guid":{"rendered":"http:\/\/primermomento.com\/?p=341496"},"modified":"2021-03-01T14:38:54","modified_gmt":"2021-03-01T18:38:54","slug":"consulado-y-organizaciones-conmemoran-177-aniversario-de-la-independencia","status":"publish","type":"post","link":"https:\/\/primermomento.com\/?p=341496","title":{"rendered":"Consulado y entidades celebran Independencia dominicana"},"content":{"rendered":"\n<p>eNUEVA YORK, EEUU.- Desafiando una tenaz llovizna, decenas de dominicanos y dominicanas asistieron a un acto solemne organizado por el Consulado General de la Rep\u00fablica Dominicana, conjuntamente organizaciones pol\u00edticas y representativas de la comunidad donde para conmemorar el 177 aniversario de la Independencia.<\/p>\n\n\n\n<figure class=\"wp-block-image size-large\"><img loading=\"lazy\" decoding=\"async\" width=\"1024\" height=\"513\" src=\"http:\/\/primermomento.com\/wp-content\/uploads\/2021\/03\/DSC_4628-11-1024x513.jpg\" alt=\"\" class=\"wp-image-341497\" srcset=\"https:\/\/primermomento.com\/wp-content\/uploads\/2021\/03\/DSC_4628-11-1024x513.jpg 1024w, https:\/\/primermomento.com\/wp-content\/uploads\/2021\/03\/DSC_4628-11-300x150.jpg 300w, https:\/\/primermomento.com\/wp-content\/uploads\/2021\/03\/DSC_4628-11-768x385.jpg 768w, https:\/\/primermomento.com\/wp-content\/uploads\/2021\/03\/DSC_4628-11-1536x770.jpg 1536w, https:\/\/primermomento.com\/wp-content\/uploads\/2021\/03\/DSC_4628-11-2048x1027.jpg 2048w, https:\/\/primermomento.com\/wp-content\/uploads\/2021\/03\/DSC_4628-11-500x251.jpg 500w, https:\/\/primermomento.com\/wp-content\/uploads\/2021\/03\/DSC_4628-11-280x140.jpg 280w, https:\/\/primermomento.com\/wp-content\/uploads\/2021\/03\/DSC_4628-11-638x320.jpg 638w, https:\/\/primermomento.com\/wp-content\/uploads\/2021\/03\/DSC_4628-11-118x59.jpg 118w, https:\/\/primermomento.com\/wp-content\/uploads\/2021\/03\/DSC_4628-11-479x240.jpg 479w\" sizes=\"auto, (max-width: 1024px) 100vw, 1024px\" \/><\/figure>\n\n\n\n<p>Al acto realizado en el sal\u00f3n principal de la organizaci\u00f3n comunitaria Alianza Dominicana, localizada en el 530 de la calle 166, esquina avenida Audubon, en el Alto Manhattan, asistiendo funcionarios gubernamentales y representantes de diferentes organizaciones pol\u00edticas, culturales, profesionales y comunitarias<\/p>\n\n\n\n<p>En el acto l\u00edrico cultural, conducido por el declamador Frank Adolfo, el discurso central estuvo a cargo del profesor Manuel F\u00e9lix, quien dio lectura a un mensaje enviado por el c\u00f3nsul Eligio Jaquez, quien estuvo fuera de la ciudad cumpliendo asuntos relacionados de sus funciones consulares.<\/p>\n\n\n\n<p>En su mensaje a los asistentes al acto , el C\u00f3nsul se\u00f1al\u00f3 que al conmemorarse cada a\u00f1o la gesta independentista reafirmamos nuestra soberan\u00eda y recordamos con orgullo a los hombres y mujeres que lucharon por una Rep\u00fablica Dominicana libre e independiente.<\/p>\n\n\n\n<p>A\u00f1adi\u00f3 que \u201cno importa el lugar donde nos encontremos, pues siempre nos sentimos orgullosos de ser dominicanos, gracias a la gesti\u00f3n liberadora que hicieran nuestro Padres de la Paria\u201d.<\/p>\n\n\n\n<p>Llam\u00f3 a la comunidad dominicana establecida en los estados de Nueva York ,Nueva Jersey, Pensylvania y Connecticut, bajo su jurisdicci\u00f3n consular , a continuar con sus esfuerzos , trabajo y tenacidad con que se destacan los quisqueyanos sin importar el lugar donde se encuentren.<\/p>\n\n\n\n<p>J\u00e1quez destac\u00f3 el desarrollo y el progreso que se est\u00e1 llevando a cabo bajo el Gobierno encabezado por Luis Abinader, quien est\u00e1 interesado en el bienestar del pueblo dominicano.<\/p>\n\n\n\n<p>Durante el desarrollo del acto tambi\u00e9n hicieron uso de la palabra , Miguel estrella, representante del Instituto Duartiano y Juan Ernesto Silva, en representaci\u00f3n de la tertulia cultural Ercilia Pep\u00edn, del Alto Manhattan que dirige Bienvenido Lara Flores.<\/p>\n\n\n\n<p>En la parte art\u00edstica participaron el cantante Javier Villam\u00e1n, quien deleit\u00f3 al p\u00fablico asistente con canciones y Frank Adolfo declar\u00f3 el poema \u201cArriba el Pabell\u00f3n\u201d, de la autor\u00eda de Fernando Gast\u00f3n Deligne.<\/p>\n\n\n\n<p>Al final del evento decenas de quisqueyanos caminaron un trayecto de cuatro cuadras, hasta llegar al parquecito de la calle 170, de denominado Plaza Juan Pablo Duarte, donde el Consulado dominicano deposit\u00f3 una ofrenda floral, as\u00ed como otras instituciones con motivo de conmemorarse el 177 aniversario de la Independencia Dominicana. Asimismo se distribuy\u00f3 un folleto alusivo a la Independencia Nacional, los s\u00edmbolos patrios y resaltando quienes fueron los fundadores de Sociedad secreta La Trinitaria que dirigi\u00f3 Juan Pablo Duarte el 16 de Julio del 1838.<\/p>\n\n\n\n<p>Entre los asistentes al acto acudieron reconocidas personalidades, entre ellos se encontraban Julio Pujols, representante de la Misi\u00f3n Dominicana en ONU, el empresario Modesto Liranzo, Ra\u00edza Rodr\u00edguez, de ProDominicana, Iv\u00e1n Dom\u00ednguez de alianza Dominicana, Tom\u00e1s Veras, subcomisionado de Cultura, el artista Mickey Toribio, Edward Contreras, James Robinson, de Alianza Dominicana y Francia Vargas del Comisionado de Cultura, Juanita Martinez, vicepresidenta del PRM, David Williams, William Aquino, Yanilda Santos, Nino Cross, Mar\u00eda Cordones, Ing. Leopoldo Santos, presidente del Frente Agropecuario de Nueva York y una delegaci\u00f3n del Precinto 33, de la Polic\u00eda de New York encabezada por el capit\u00e1n Robert Bello.<\/p>\n","protected":false},"excerpt":{"rendered":"<p>eNUEVA YORK, EEUU.- Desafiando una tenaz llovizna, decenas de dominicanos y dominicanas asistieron a un acto solemne organizado por el Consulado General de la Rep\u00fablica Dominicana, conjuntamente organizaciones pol\u00edticas y representativas de la comunidad donde para conmemorar el 177 aniversario de la Independencia. Al acto realizado en el sal\u00f3n principal de la organizaci\u00f3n comunitaria Alianza [&hellip;]<\/p>\n","protected":false},"author":1,"featured_media":0,"comment_status":"open","ping_status":"open","sticky":false,"template":"","format":"standard","meta":{"_bbp_topic_count":0,"_bbp_reply_count":0,"_bbp_total_topic_count":0,"_bbp_total_reply_count":0,"_bbp_voice_count":0,"_bbp_anonymous_reply_count":0,"_bbp_topic_count_hidden":0,"_bbp_reply_count_hidden":0,"_bbp_forum_subforum_count":0,"footnotes":""},"categories":[40,60],"tags":[],"class_list":{"0":"post-341496","1":"post","2":"type-post","3":"status-publish","4":"format-standard","6":"category-comunidad","7":"category-titulares-del-dia"},"_links":{"self":[{"href":"https:\/\/primermomento.com\/index.php?rest_route=\/wp\/v2\/posts\/341496","targetHints":{"allow":["GET"]}}],"collection":[{"href":"https:\/\/primermomento.com\/index.php?rest_route=\/wp\/v2\/posts"}],"about":[{"href":"https:\/\/primermomento.com\/index.php?rest_route=\/wp\/v2\/types\/post"}],"author":[{"embeddable":true,"href":"https:\/\/primermomento.com\/index.php?rest_route=\/wp\/v2\/users\/1"}],"replies":[{"embeddable":true,"href":"https:\/\/primermomento.com\/index.php?rest_route=%2Fwp%2Fv2%2Fcomments&post=341496"}],"version-history":[{"count":2,"href":"https:\/\/primermomento.com\/index.php?rest_route=\/wp\/v2\/posts\/341496\/revisions"}],"predecessor-version":[{"id":341500,"href":"https:\/\/primermomento.com\/index.php?rest_route=\/wp\/v2\/posts\/341496\/revisions\/341500"}],"wp:attachment":[{"href":"https:\/\/primermomento.com\/index.php?rest_route=%2Fwp%2Fv2%2Fmedia&parent=341496"}],"wp:term":[{"taxonomy":"category","embeddable":true,"href":"https:\/\/primermomento.com\/index.php?rest_route=%2Fwp%2Fv2%2Fcategories&post=341496"},{"taxonomy":"post_tag","embeddable":true,"href":"https:\/\/primermomento.com\/index.php?rest_route=%2Fwp%2Fv2%2Ftags&post=341496"}],"curies":[{"name":"wp","href":"https:\/\/api.w.org\/{rel}","templated":true}]}}