{"id":341848,"date":"2021-03-08T07:37:00","date_gmt":"2021-03-08T11:37:00","guid":{"rendered":"http:\/\/primermomento.com\/?p=341848"},"modified":"2021-03-08T20:42:37","modified_gmt":"2021-03-09T00:42:37","slug":"exponen-cuerpo-de-ramon-anibal-en-funeraria-ny","status":"publish","type":"post","link":"https:\/\/primermomento.com\/?p=341848","title":{"rendered":"Exponen cuerpo de Ram\u00f3n An\u00edbal en funeraria NY"},"content":{"rendered":"\n<p>NUEVA YORK, EEUU.- Los restos del reconocido locutor y productor de TV dominicano en esta ciudad, Ram\u00f3n An\u00edbal, de 75 a\u00f1os, fueron velado este domingo en la funeraria \u201cRiverdale\u201d, ubicada en el 5044 de Broadway con la calle 214 en el Alto Manhattan.<\/p>\n\n\n\n<figure class=\"wp-block-image size-large\"><img loading=\"lazy\" decoding=\"async\" width=\"505\" height=\"447\" src=\"http:\/\/primermomento.com\/wp-content\/uploads\/2021\/03\/Exponen-cuerpo-Ramon-Anibal-en-funeraria-NY-proximo-sabado-de-Felix-B.-Trinidad1.jpg\" alt=\"\" class=\"wp-image-341849\" srcset=\"https:\/\/primermomento.com\/wp-content\/uploads\/2021\/03\/Exponen-cuerpo-Ramon-Anibal-en-funeraria-NY-proximo-sabado-de-Felix-B.-Trinidad1.jpg 505w, https:\/\/primermomento.com\/wp-content\/uploads\/2021\/03\/Exponen-cuerpo-Ramon-Anibal-en-funeraria-NY-proximo-sabado-de-Felix-B.-Trinidad1-300x266.jpg 300w, https:\/\/primermomento.com\/wp-content\/uploads\/2021\/03\/Exponen-cuerpo-Ramon-Anibal-en-funeraria-NY-proximo-sabado-de-Felix-B.-Trinidad1-500x443.jpg 500w, https:\/\/primermomento.com\/wp-content\/uploads\/2021\/03\/Exponen-cuerpo-Ramon-Anibal-en-funeraria-NY-proximo-sabado-de-Felix-B.-Trinidad1-249x220.jpg 249w, https:\/\/primermomento.com\/wp-content\/uploads\/2021\/03\/Exponen-cuerpo-Ramon-Anibal-en-funeraria-NY-proximo-sabado-de-Felix-B.-Trinidad1-118x104.jpg 118w, https:\/\/primermomento.com\/wp-content\/uploads\/2021\/03\/Exponen-cuerpo-Ramon-Anibal-en-funeraria-NY-proximo-sabado-de-Felix-B.-Trinidad1-479x424.jpg 479w\" sizes=\"auto, (max-width: 505px) 100vw, 505px\" \/><\/figure>\n\n\n\n<p>Acudieron a darle el \u00faltimo adi\u00f3s pol\u00edticos, profesionales, periodistas, comunitarios, empresarios, y ciudadanos comunes, entre otros.<\/p>\n\n\n\n<p>Ramos, sufri\u00f3 un infarto el pasado 14 de febrero que lo mantuvo interno por varios d\u00edas, en la unidad de cuidados intensivos, en Jamaica Hospital Medical Center, pero muri\u00f3 9 d\u00edas despu\u00e9s.<\/p>\n\n\n\n<p>Residi\u00f3 en la Gran Manzana desde 1982. Era nativo de San Pedro de Macor\u00eds. Su cuerpo ser\u00e1 cremado como lo pidi\u00f3 en vida.<\/p>\n\n\n\n<p>Asimismo, el cuerpo de F\u00e9lix Berroa Trinidad, padre del periodista Johnny Trinidad en esta ciudad, ser\u00e1 velado el pr\u00f3ximo s\u00e1bado d\u00eda 13 en la funeraria Ortiz, ubicada en Grand Concourse con la calle 192, en El Bronx, a partir de las 6:00 hasta las 9:00 de la noche.<\/p>\n\n\n\n<p>El lunes 14, sus familiares lo trasladar\u00e1n a Santo Domingo Este-RD para darle cristiana sepultura. Paz para el alma de ambos.<\/p>\n\n\n\n<p class=\"has-text-align-right\"><em>Ram\u00f3n Mercedes<\/em><\/p>\n","protected":false},"excerpt":{"rendered":"<p>NUEVA YORK, EEUU.- Los restos del reconocido locutor y productor de TV dominicano en esta ciudad, Ram\u00f3n An\u00edbal, de 75 a\u00f1os, fueron velado este domingo en la funeraria \u201cRiverdale\u201d, ubicada en el 5044 de Broadway con la calle 214 en el Alto Manhattan. Acudieron a darle el \u00faltimo adi\u00f3s pol\u00edticos, profesionales, periodistas, comunitarios, empresarios, y [&hellip;]<\/p>\n","protected":false},"author":1,"featured_media":0,"comment_status":"open","ping_status":"open","sticky":false,"template":"","format":"standard","meta":{"_bbp_topic_count":0,"_bbp_reply_count":0,"_bbp_total_topic_count":0,"_bbp_total_reply_count":0,"_bbp_voice_count":0,"_bbp_anonymous_reply_count":0,"_bbp_topic_count_hidden":0,"_bbp_reply_count_hidden":0,"_bbp_forum_subforum_count":0,"footnotes":""},"categories":[40,60],"tags":[],"class_list":{"0":"post-341848","1":"post","2":"type-post","3":"status-publish","4":"format-standard","6":"category-comunidad","7":"category-titulares-del-dia"},"_links":{"self":[{"href":"https:\/\/primermomento.com\/index.php?rest_route=\/wp\/v2\/posts\/341848","targetHints":{"allow":["GET"]}}],"collection":[{"href":"https:\/\/primermomento.com\/index.php?rest_route=\/wp\/v2\/posts"}],"about":[{"href":"https:\/\/primermomento.com\/index.php?rest_route=\/wp\/v2\/types\/post"}],"author":[{"embeddable":true,"href":"https:\/\/primermomento.com\/index.php?rest_route=\/wp\/v2\/users\/1"}],"replies":[{"embeddable":true,"href":"https:\/\/primermomento.com\/index.php?rest_route=%2Fwp%2Fv2%2Fcomments&post=341848"}],"version-history":[{"count":1,"href":"https:\/\/primermomento.com\/index.php?rest_route=\/wp\/v2\/posts\/341848\/revisions"}],"predecessor-version":[{"id":341850,"href":"https:\/\/primermomento.com\/index.php?rest_route=\/wp\/v2\/posts\/341848\/revisions\/341850"}],"wp:attachment":[{"href":"https:\/\/primermomento.com\/index.php?rest_route=%2Fwp%2Fv2%2Fmedia&parent=341848"}],"wp:term":[{"taxonomy":"category","embeddable":true,"href":"https:\/\/primermomento.com\/index.php?rest_route=%2Fwp%2Fv2%2Fcategories&post=341848"},{"taxonomy":"post_tag","embeddable":true,"href":"https:\/\/primermomento.com\/index.php?rest_route=%2Fwp%2Fv2%2Ftags&post=341848"}],"curies":[{"name":"wp","href":"https:\/\/api.w.org\/{rel}","templated":true}]}}