{"id":341880,"date":"2021-03-09T09:09:00","date_gmt":"2021-03-09T13:09:00","guid":{"rendered":"http:\/\/primermomento.com\/?p=341880"},"modified":"2021-03-09T14:15:01","modified_gmt":"2021-03-09T18:15:01","slug":"por-primera-vez-consulado-reconoce-mujeres-dominicanas-en-ny","status":"publish","type":"post","link":"https:\/\/primermomento.com\/?p=341880","title":{"rendered":"Por primera vez Consulado reconoce mujeres dominicanas en NY"},"content":{"rendered":"\n<p>NUEVA YORK, EEUU.- El Consulado General de la Rep\u00fablica Dominicana en esta ciudad reconoci\u00f3 este viernes a\u00a0 doce (12) destacadas mujeres\u00a0 dominicanas que han trascendido en la vida en diversas \u00e1reas del saber y que por\u00a0 cuya labor profesional y social sobresalen \u00a0en el exterior.<\/p>\n\n\n\n<figure class=\"wp-block-image size-large\"><img loading=\"lazy\" decoding=\"async\" width=\"705\" height=\"492\" src=\"http:\/\/primermomento.com\/wp-content\/uploads\/2021\/03\/FAH_50561.jpg\" alt=\"\" class=\"wp-image-341881\" srcset=\"https:\/\/primermomento.com\/wp-content\/uploads\/2021\/03\/FAH_50561.jpg 705w, https:\/\/primermomento.com\/wp-content\/uploads\/2021\/03\/FAH_50561-300x209.jpg 300w, https:\/\/primermomento.com\/wp-content\/uploads\/2021\/03\/FAH_50561-73x50.jpg 73w, https:\/\/primermomento.com\/wp-content\/uploads\/2021\/03\/FAH_50561-110x77.jpg 110w, https:\/\/primermomento.com\/wp-content\/uploads\/2021\/03\/FAH_50561-500x349.jpg 500w, https:\/\/primermomento.com\/wp-content\/uploads\/2021\/03\/FAH_50561-280x195.jpg 280w, https:\/\/primermomento.com\/wp-content\/uploads\/2021\/03\/FAH_50561-638x445.jpg 638w, https:\/\/primermomento.com\/wp-content\/uploads\/2021\/03\/FAH_50561-118x82.jpg 118w, https:\/\/primermomento.com\/wp-content\/uploads\/2021\/03\/FAH_50561-479x334.jpg 479w\" sizes=\"auto, (max-width: 705px) 100vw, 705px\" \/><\/figure>\n\n\n\n<p>Entre las &nbsp;motivaciones&nbsp; que justifican&nbsp;&nbsp; la decisi\u00f3n del C\u00f3nsul Eligio J\u00e1quez &nbsp;en reconocer a esas personalidades &nbsp;residentes en el extranjero, quienes cada d\u00eda se capacitan y participan&nbsp; m\u00e1s en los procesos de desarrollo de la vida p\u00fablica y privada.<\/p>\n\n\n\n<p>Adem\u00e1s dijo que las&nbsp; honran por &nbsp;su trabajo, entrega y dedicaci\u00f3n a la comunidad dominicana.<\/p>\n\n\n\n<p>\u201cEn el D\u00eda Internacional de la Mujer nos enorgullece poder reconocer la labor , esfuerzo y el gran aporte que cada mujer dominicana hace a diario a nuestra sociedad\u201d, expres\u00f3 el funcionario consular a trav\u00e9s &nbsp;de un comunicado del Departamento de Prensa y Comunicaciones de la sede consular.<\/p>\n\n\n\n<p>Las mujeres distinguidas por el C\u00f3nsul &nbsp;son Alexandra Sarubbi, comandante del Precinto 26;Luc\u00eda Ure\u00f1a, due\u00f1a de sal\u00f3n de belleza; Giselle Suero, doctora en &nbsp;medicina interna; Lourdes Ventura, jueza de la Suprema Corte de Justicia, en Queens; Ana Villalona, bodeguera; Yomaris &nbsp;Ferreira, taxista; Mar\u00eda M. V\u00e1squez, enfermera del Hospital Montefiore; Tamny N\u00edn, directora de escuela intermedia&nbsp; de Yonkers.<\/p>\n\n\n\n<p>Tambi\u00e9n fueron reconocidas las periodistas&nbsp; Birmania R\u00edos, de NY1 Noticias; Esperanza Ceballos y Yisel Tejeda, &nbsp;de &nbsp;Univisi\u00f3n y Rosarina Bret\u00f3n, de Telemundo.<\/p>\n\n\n\n<p>\u201dDeseo reiterarles&nbsp; que les profeso todo el respeto, la admiraci\u00f3n y el cari\u00f1o incondicional que merecen, por la firmeza con que cada d\u00eda asumen los retos&nbsp; que tienen que enfrentar, en procura de un mejor porvenir para ustedes y sus seres &nbsp;queridos\u201d, manifest\u00f3 el diplom\u00e1tico.<\/p>\n\n\n\n<p>&nbsp;J\u00e1quez acudi\u00f3 personalmente a los centros&nbsp; de trabajo de&nbsp; cada uno de ellos para hacerles entrega de los reconocimientos, en compa\u00f1\u00eda de los vicec\u00f3nsules Clarelina Sosa, Yul\u00edn Mateo e Isaura Nivar de Fuerte, as\u00ed como de algunos funcionarios y empleados de la sede consular.<\/p>\n\n\n\n<p>El funcionario consular dijo que&nbsp; no fue f\u00e1cil, el trabajo de escoger a las doce mujeres que el Consulado reconoci\u00f3 este d\u00eda 8 de marzo, ya que existen cientos de dominicanas que se han destacado en este estado de Nueva York.<\/p>\n","protected":false},"excerpt":{"rendered":"<p>NUEVA YORK, EEUU.- El Consulado General de la Rep\u00fablica Dominicana en esta ciudad reconoci\u00f3 este viernes a\u00a0 doce (12) destacadas mujeres\u00a0 dominicanas que han trascendido en la vida en diversas \u00e1reas del saber y que por\u00a0 cuya labor profesional y social sobresalen \u00a0en el exterior. Entre las &nbsp;motivaciones&nbsp; que justifican&nbsp;&nbsp; la decisi\u00f3n del C\u00f3nsul Eligio [&hellip;]<\/p>\n","protected":false},"author":1,"featured_media":0,"comment_status":"open","ping_status":"open","sticky":false,"template":"","format":"standard","meta":{"_bbp_topic_count":0,"_bbp_reply_count":0,"_bbp_total_topic_count":0,"_bbp_total_reply_count":0,"_bbp_voice_count":0,"_bbp_anonymous_reply_count":0,"_bbp_topic_count_hidden":0,"_bbp_reply_count_hidden":0,"_bbp_forum_subforum_count":0,"footnotes":""},"categories":[40,60],"tags":[],"class_list":{"0":"post-341880","1":"post","2":"type-post","3":"status-publish","4":"format-standard","6":"category-comunidad","7":"category-titulares-del-dia"},"_links":{"self":[{"href":"https:\/\/primermomento.com\/index.php?rest_route=\/wp\/v2\/posts\/341880","targetHints":{"allow":["GET"]}}],"collection":[{"href":"https:\/\/primermomento.com\/index.php?rest_route=\/wp\/v2\/posts"}],"about":[{"href":"https:\/\/primermomento.com\/index.php?rest_route=\/wp\/v2\/types\/post"}],"author":[{"embeddable":true,"href":"https:\/\/primermomento.com\/index.php?rest_route=\/wp\/v2\/users\/1"}],"replies":[{"embeddable":true,"href":"https:\/\/primermomento.com\/index.php?rest_route=%2Fwp%2Fv2%2Fcomments&post=341880"}],"version-history":[{"count":1,"href":"https:\/\/primermomento.com\/index.php?rest_route=\/wp\/v2\/posts\/341880\/revisions"}],"predecessor-version":[{"id":341882,"href":"https:\/\/primermomento.com\/index.php?rest_route=\/wp\/v2\/posts\/341880\/revisions\/341882"}],"wp:attachment":[{"href":"https:\/\/primermomento.com\/index.php?rest_route=%2Fwp%2Fv2%2Fmedia&parent=341880"}],"wp:term":[{"taxonomy":"category","embeddable":true,"href":"https:\/\/primermomento.com\/index.php?rest_route=%2Fwp%2Fv2%2Fcategories&post=341880"},{"taxonomy":"post_tag","embeddable":true,"href":"https:\/\/primermomento.com\/index.php?rest_route=%2Fwp%2Fv2%2Ftags&post=341880"}],"curies":[{"name":"wp","href":"https:\/\/api.w.org\/{rel}","templated":true}]}}