{"id":341966,"date":"2021-03-10T07:51:00","date_gmt":"2021-03-10T11:51:00","guid":{"rendered":"http:\/\/primermomento.com\/?p=341966"},"modified":"2021-03-10T20:55:35","modified_gmt":"2021-03-11T00:55:35","slug":"consul-de-ny-agradece-felicitaciones-del-ministro-de-administracion-publica","status":"publish","type":"post","link":"https:\/\/primermomento.com\/?p=341966","title":{"rendered":"C\u00f3nsul de NY agradece felicitaciones del ministro de Administraci\u00f3n P\u00fablica"},"content":{"rendered":"\n<p>NUEVA YORK, EEUU.- El C\u00f3nsul General en Nueva York, agradeci\u00f3 las felicitaciones realizada por el ministro de Administraci\u00f3n P\u00fablica Dar\u00edo Castillo Lugo, sobre la honesta y valiente decisi\u00f3n de Antonio J\u00e1quez de la resignaci\u00f3n a su puesto como Asistente Ejecutivo.\u00a0<\/p>\n\n\n\n<figure class=\"wp-block-image size-large\"><img decoding=\"async\" src=\"http:\/\/primermomento.com\/wp-content\/uploads\/2020\/03\/Fachada-MAP.jpg\" alt=\"\" class=\"wp-image-326816\"\/><\/figure>\n\n\n\n<p>El 04 de marzo de 2021, Antonio J\u00e1quez present\u00f3 formalmente su desvinculaci\u00f3n de esta Misi\u00f3n Consular, ya que a pesar de su lealtad hacia el C\u00f3nsul, es de su inter\u00e9s anteponer siempre la legalidad y el acatamiento de las normas por el bien nacional.<\/p>\n\n\n\n<p>Por este motivo, acoge la publicaci\u00f3n emitida el pasado 24 de febrero por el MAP, No. 5001, la cual veta a familiares de primer y segundo grado trabajar en un mismo \u00f3rgano p\u00fablico, seg\u00fan lo establecido en al art. 80.15 de la ley 41-08 de Funci\u00f3n P\u00fablica.&nbsp;<\/p>\n\n\n\n<p>Dicha acci\u00f3n, fue bien recibida por el Ministro de Administraci\u00f3n P\u00fablica, Dar\u00edo Castillo Lugo, quien aplaudi\u00f3 la valent\u00eda, el profesionalismo y magn\u00edfico trabajo que ha venido ejecutando en el Consulado General de Rep\u00fablica Dominicana en la ciudad de Nueva&nbsp; York.&nbsp;<\/p>\n","protected":false},"excerpt":{"rendered":"<p>NUEVA YORK, EEUU.- El C\u00f3nsul General en Nueva York, agradeci\u00f3 las felicitaciones realizada por el ministro de Administraci\u00f3n P\u00fablica Dar\u00edo Castillo Lugo, sobre la honesta y valiente decisi\u00f3n de Antonio J\u00e1quez de la resignaci\u00f3n a su puesto como Asistente Ejecutivo.\u00a0 El 04 de marzo de 2021, Antonio J\u00e1quez present\u00f3 formalmente su desvinculaci\u00f3n de esta Misi\u00f3n [&hellip;]<\/p>\n","protected":false},"author":1,"featured_media":0,"comment_status":"open","ping_status":"open","sticky":false,"template":"","format":"standard","meta":{"_bbp_topic_count":0,"_bbp_reply_count":0,"_bbp_total_topic_count":0,"_bbp_total_reply_count":0,"_bbp_voice_count":0,"_bbp_anonymous_reply_count":0,"_bbp_topic_count_hidden":0,"_bbp_reply_count_hidden":0,"_bbp_forum_subforum_count":0,"footnotes":""},"categories":[40,60],"tags":[],"class_list":{"0":"post-341966","1":"post","2":"type-post","3":"status-publish","4":"format-standard","6":"category-comunidad","7":"category-titulares-del-dia"},"_links":{"self":[{"href":"https:\/\/primermomento.com\/index.php?rest_route=\/wp\/v2\/posts\/341966","targetHints":{"allow":["GET"]}}],"collection":[{"href":"https:\/\/primermomento.com\/index.php?rest_route=\/wp\/v2\/posts"}],"about":[{"href":"https:\/\/primermomento.com\/index.php?rest_route=\/wp\/v2\/types\/post"}],"author":[{"embeddable":true,"href":"https:\/\/primermomento.com\/index.php?rest_route=\/wp\/v2\/users\/1"}],"replies":[{"embeddable":true,"href":"https:\/\/primermomento.com\/index.php?rest_route=%2Fwp%2Fv2%2Fcomments&post=341966"}],"version-history":[{"count":1,"href":"https:\/\/primermomento.com\/index.php?rest_route=\/wp\/v2\/posts\/341966\/revisions"}],"predecessor-version":[{"id":341967,"href":"https:\/\/primermomento.com\/index.php?rest_route=\/wp\/v2\/posts\/341966\/revisions\/341967"}],"wp:attachment":[{"href":"https:\/\/primermomento.com\/index.php?rest_route=%2Fwp%2Fv2%2Fmedia&parent=341966"}],"wp:term":[{"taxonomy":"category","embeddable":true,"href":"https:\/\/primermomento.com\/index.php?rest_route=%2Fwp%2Fv2%2Fcategories&post=341966"},{"taxonomy":"post_tag","embeddable":true,"href":"https:\/\/primermomento.com\/index.php?rest_route=%2Fwp%2Fv2%2Ftags&post=341966"}],"curies":[{"name":"wp","href":"https:\/\/api.w.org\/{rel}","templated":true}]}}