{"id":342004,"date":"2021-03-11T08:56:00","date_gmt":"2021-03-11T12:56:00","guid":{"rendered":"http:\/\/primermomento.com\/?p=342004"},"modified":"2021-03-11T15:01:06","modified_gmt":"2021-03-11T19:01:06","slug":"crece-numero-de-migrantes-en-busca-de-cruzar-frontera-de-eeuu","status":"publish","type":"post","link":"https:\/\/primermomento.com\/?p=342004","title":{"rendered":"Crece n\u00famero de migrantes en busca de cruzar frontera de EEUU"},"content":{"rendered":"\n<p>WASHINGTON, EEUU.- La cantidad de familias migrantes en busca de cruzar la frontera suroeste de Estados Unidos aument\u00f3 en enero y febrero pasados, lo cual es considerado hoy un problema para la administraci\u00f3n del presidente Joe Biden.<\/p>\n\n\n\n<figure class=\"wp-block-image size-large\"><img loading=\"lazy\" decoding=\"async\" width=\"748\" height=\"498\" src=\"http:\/\/primermomento.com\/wp-content\/uploads\/2021\/03\/Migrantes.jpg\" alt=\"\" class=\"wp-image-342005\" srcset=\"https:\/\/primermomento.com\/wp-content\/uploads\/2021\/03\/Migrantes.jpg 748w, https:\/\/primermomento.com\/wp-content\/uploads\/2021\/03\/Migrantes-300x200.jpg 300w, https:\/\/primermomento.com\/wp-content\/uploads\/2021\/03\/Migrantes-73x50.jpg 73w, https:\/\/primermomento.com\/wp-content\/uploads\/2021\/03\/Migrantes-500x333.jpg 500w, https:\/\/primermomento.com\/wp-content\/uploads\/2021\/03\/Migrantes-280x186.jpg 280w, https:\/\/primermomento.com\/wp-content\/uploads\/2021\/03\/Migrantes-60x40.jpg 60w, https:\/\/primermomento.com\/wp-content\/uploads\/2021\/03\/Migrantes-638x425.jpg 638w, https:\/\/primermomento.com\/wp-content\/uploads\/2021\/03\/Migrantes-118x79.jpg 118w, https:\/\/primermomento.com\/wp-content\/uploads\/2021\/03\/Migrantes-479x319.jpg 479w\" sizes=\"auto, (max-width: 748px) 100vw, 748px\" \/><\/figure>\n\n\n\n<p>Sin embargo, el gobierno dem\u00f3crata, en poder desde el \u00faltimo 20 de enero, est\u00e1 rechazando a casi todos los adultos que viajan solos, bajo una orden de salud p\u00fablica implementada en 2020 al inicio de la pandemia de Covid-19, reportan medios de prensa.<\/p>\n\n\n\n<p>De acuerdo con la Oficina de Aduanas y Protecci\u00f3n Fronteriza, en los dos primeros meses de 2021 m\u00e1s de nueve mil 400 ni\u00f1os viajaron sin compa\u00f1\u00eda de un mayor, y esa situaci\u00f3n provoc\u00f3 la b\u00fasqueda de nuevos lugares para detenerlos de manera temporal.<\/p>\n\n\n\n<p>Esto supone un problema para un gobierno que ha estado trabajando con el fin de restablecer un sistema de asilo desmantelado en gran medida durante la presidencia de Donald Trump (2017-2021), y es probable que enfrente una creciente presi\u00f3n, apunt\u00f3 la agencia Associated Press.<\/p>\n\n\n\n<p>A juicio de los republicanos, quienes pretenden entrar y vivir en Estados Unidos son atra\u00eddos por incentivos como la propuesta de inmigraci\u00f3n apoyada por Biden y muchos dem\u00f3cratas, la cual proporcionar\u00eda una forma de obtener la ciudadan\u00eda norteamericana a millones de personas que est\u00e1n de manera irregular en ese pa\u00eds.<\/p>\n\n\n\n<p>En el contexto actual, funcionarios gubernamentales enfrentan cada vez m\u00e1s preguntas sobre la detenci\u00f3n temporal de las familias migrantes, subray\u00f3 el mencionado medio de prensa.<\/p>\n\n\n\n<p>Para autoridades estadounidenses, probablemente los traficantes de personas le han presentado de manera incorrecta a los migrantes las primeras acciones del gobierno de Biden en este tema.<\/p>\n\n\n\n<p>Quieren hacer creer que cruzar la frontera suroeste es m\u00e1s f\u00e1cil ahora que durante el mandato de Trump, pero la mayor\u00eda de la gente sigue siendo rechazada, recalcan informaciones period\u00edsticas.<\/p>\n\n\n\n<p class=\"has-text-align-right\"><em>PL<\/em><\/p>\n","protected":false},"excerpt":{"rendered":"<p>WASHINGTON, EEUU.- La cantidad de familias migrantes en busca de cruzar la frontera suroeste de Estados Unidos aument\u00f3 en enero y febrero pasados, lo cual es considerado hoy un problema para la administraci\u00f3n del presidente Joe Biden. Sin embargo, el gobierno dem\u00f3crata, en poder desde el \u00faltimo 20 de enero, est\u00e1 rechazando a casi todos [&hellip;]<\/p>\n","protected":false},"author":1,"featured_media":0,"comment_status":"open","ping_status":"open","sticky":false,"template":"","format":"standard","meta":{"_bbp_topic_count":0,"_bbp_reply_count":0,"_bbp_total_topic_count":0,"_bbp_total_reply_count":0,"_bbp_voice_count":0,"_bbp_anonymous_reply_count":0,"_bbp_topic_count_hidden":0,"_bbp_reply_count_hidden":0,"_bbp_forum_subforum_count":0,"footnotes":""},"categories":[40,60],"tags":[],"class_list":{"0":"post-342004","1":"post","2":"type-post","3":"status-publish","4":"format-standard","6":"category-comunidad","7":"category-titulares-del-dia"},"_links":{"self":[{"href":"https:\/\/primermomento.com\/index.php?rest_route=\/wp\/v2\/posts\/342004","targetHints":{"allow":["GET"]}}],"collection":[{"href":"https:\/\/primermomento.com\/index.php?rest_route=\/wp\/v2\/posts"}],"about":[{"href":"https:\/\/primermomento.com\/index.php?rest_route=\/wp\/v2\/types\/post"}],"author":[{"embeddable":true,"href":"https:\/\/primermomento.com\/index.php?rest_route=\/wp\/v2\/users\/1"}],"replies":[{"embeddable":true,"href":"https:\/\/primermomento.com\/index.php?rest_route=%2Fwp%2Fv2%2Fcomments&post=342004"}],"version-history":[{"count":1,"href":"https:\/\/primermomento.com\/index.php?rest_route=\/wp\/v2\/posts\/342004\/revisions"}],"predecessor-version":[{"id":342006,"href":"https:\/\/primermomento.com\/index.php?rest_route=\/wp\/v2\/posts\/342004\/revisions\/342006"}],"wp:attachment":[{"href":"https:\/\/primermomento.com\/index.php?rest_route=%2Fwp%2Fv2%2Fmedia&parent=342004"}],"wp:term":[{"taxonomy":"category","embeddable":true,"href":"https:\/\/primermomento.com\/index.php?rest_route=%2Fwp%2Fv2%2Fcategories&post=342004"},{"taxonomy":"post_tag","embeddable":true,"href":"https:\/\/primermomento.com\/index.php?rest_route=%2Fwp%2Fv2%2Ftags&post=342004"}],"curies":[{"name":"wp","href":"https:\/\/api.w.org\/{rel}","templated":true}]}}