{"id":342052,"date":"2021-03-12T06:11:00","date_gmt":"2021-03-12T10:11:00","guid":{"rendered":"http:\/\/primermomento.com\/?p=342052"},"modified":"2021-03-12T19:14:24","modified_gmt":"2021-03-12T23:14:24","slug":"prensa-comunidad-hispana-reconocera-prestantes-dominicanos","status":"publish","type":"post","link":"https:\/\/primermomento.com\/?p=342052","title":{"rendered":"Prensa &#038; Comunidad Hispana reconocer\u00e1 prestantes dominicanos"},"content":{"rendered":"\n<p>NUEVA YORK, EEUU.- La entidad \u201cPrensa &amp; Comunidad Hispana\u201d (PreCoHis), que dirige el periodista en esta ciudad Ram\u00f3n Mercedes, reconocer\u00e1 este s\u00e1bado prestantes dominicanos(as) con motivo del reci\u00e9n finalizado \u201cMes de la Herencia Dominica\u201d en Estados Unidos.<\/p>\n\n\n\n<figure class=\"wp-block-image size-large\"><img loading=\"lazy\" decoding=\"async\" width=\"647\" height=\"348\" src=\"http:\/\/primermomento.com\/wp-content\/uploads\/2021\/03\/Prensa-Comunidad-Hispana-en-NY-reconocera-prestantes-dominicanos.jpg\" alt=\"\" class=\"wp-image-342053\" srcset=\"https:\/\/primermomento.com\/wp-content\/uploads\/2021\/03\/Prensa-Comunidad-Hispana-en-NY-reconocera-prestantes-dominicanos.jpg 647w, https:\/\/primermomento.com\/wp-content\/uploads\/2021\/03\/Prensa-Comunidad-Hispana-en-NY-reconocera-prestantes-dominicanos-300x161.jpg 300w, https:\/\/primermomento.com\/wp-content\/uploads\/2021\/03\/Prensa-Comunidad-Hispana-en-NY-reconocera-prestantes-dominicanos-500x269.jpg 500w, https:\/\/primermomento.com\/wp-content\/uploads\/2021\/03\/Prensa-Comunidad-Hispana-en-NY-reconocera-prestantes-dominicanos-280x151.jpg 280w, https:\/\/primermomento.com\/wp-content\/uploads\/2021\/03\/Prensa-Comunidad-Hispana-en-NY-reconocera-prestantes-dominicanos-638x343.jpg 638w, https:\/\/primermomento.com\/wp-content\/uploads\/2021\/03\/Prensa-Comunidad-Hispana-en-NY-reconocera-prestantes-dominicanos-118x63.jpg 118w, https:\/\/primermomento.com\/wp-content\/uploads\/2021\/03\/Prensa-Comunidad-Hispana-en-NY-reconocera-prestantes-dominicanos-479x258.jpg 479w\" sizes=\"auto, (max-width: 647px) 100vw, 647px\" \/><\/figure>\n\n\n\n<p>Mercedes, inform\u00f3 que la organizaci\u00f3n tom\u00f3 la decisi\u00f3n para este s\u00e1bado para reconocer tambi\u00e9n varias f\u00e9minas quisqueyanas en el \u201cD\u00eda Internacional de la Mujer\u201d que se conmemor\u00f3 el pasado lunes.<\/p>\n\n\n\n<p>Entre los homenajeados figurar\u00e1n Adriano Espaillat, congresista NY-13; Carlos Michel\u00e9n, embajador alterno ante la ONU; N\u00e9stor D\u00edaz, Juez de la Corte Criminal de Manhattan; y Antonio Cabrera, presidente de la Federaci\u00f3n de Taxistas del Estado de NY (NYSFTD).<\/p>\n\n\n\n<p>Asimismo, Radham\u00e9s A. Rojas, m\u00e9dico especialista en cardiolog\u00eda y electrofisiolog\u00eda en el Hospital Westchester Medical Center; y Carlos Ghonz, comandante del precinto policial 42, en El Bronx.<\/p>\n\n\n\n<p>Por el \u201cD\u00eda Internacional de la Mujer\u201d lo ser\u00e1n Lutzi Vieluf Isidor, presidenta de la empresa Cibao Meat Products; Jaline Isidor Horta, gerente de mercadeo de la misma instituci\u00f3n; y Ana Garc\u00eda Reyes, vicedecana de Relaciones Comunitarias de la Universidad Hostos Community College.<\/p>\n\n\n\n<p>El presidente de PreCoHis precis\u00f3 que dichos reconocimientos est\u00e1n sustentados porque todos ellos, como otros dominicanos, han trascendidos y sobresalidos en la Gran Manzana en las diferentes \u00e1reas de la sociedad, poniendo en alto la bandera tricolor.<\/p>\n\n\n\n<p class=\"has-text-align-right\"><em>Ram\u00f3n Mercedes<\/em><\/p>\n","protected":false},"excerpt":{"rendered":"<p>NUEVA YORK, EEUU.- La entidad \u201cPrensa &amp; Comunidad Hispana\u201d (PreCoHis), que dirige el periodista en esta ciudad Ram\u00f3n Mercedes, reconocer\u00e1 este s\u00e1bado prestantes dominicanos(as) con motivo del reci\u00e9n finalizado \u201cMes de la Herencia Dominica\u201d en Estados Unidos. Mercedes, inform\u00f3 que la organizaci\u00f3n tom\u00f3 la decisi\u00f3n para este s\u00e1bado para reconocer tambi\u00e9n varias f\u00e9minas quisqueyanas en [&hellip;]<\/p>\n","protected":false},"author":1,"featured_media":0,"comment_status":"open","ping_status":"open","sticky":false,"template":"","format":"standard","meta":{"_bbp_topic_count":0,"_bbp_reply_count":0,"_bbp_total_topic_count":0,"_bbp_total_reply_count":0,"_bbp_voice_count":0,"_bbp_anonymous_reply_count":0,"_bbp_topic_count_hidden":0,"_bbp_reply_count_hidden":0,"_bbp_forum_subforum_count":0,"footnotes":""},"categories":[40,60],"tags":[],"class_list":{"0":"post-342052","1":"post","2":"type-post","3":"status-publish","4":"format-standard","6":"category-comunidad","7":"category-titulares-del-dia"},"_links":{"self":[{"href":"https:\/\/primermomento.com\/index.php?rest_route=\/wp\/v2\/posts\/342052","targetHints":{"allow":["GET"]}}],"collection":[{"href":"https:\/\/primermomento.com\/index.php?rest_route=\/wp\/v2\/posts"}],"about":[{"href":"https:\/\/primermomento.com\/index.php?rest_route=\/wp\/v2\/types\/post"}],"author":[{"embeddable":true,"href":"https:\/\/primermomento.com\/index.php?rest_route=\/wp\/v2\/users\/1"}],"replies":[{"embeddable":true,"href":"https:\/\/primermomento.com\/index.php?rest_route=%2Fwp%2Fv2%2Fcomments&post=342052"}],"version-history":[{"count":1,"href":"https:\/\/primermomento.com\/index.php?rest_route=\/wp\/v2\/posts\/342052\/revisions"}],"predecessor-version":[{"id":342054,"href":"https:\/\/primermomento.com\/index.php?rest_route=\/wp\/v2\/posts\/342052\/revisions\/342054"}],"wp:attachment":[{"href":"https:\/\/primermomento.com\/index.php?rest_route=%2Fwp%2Fv2%2Fmedia&parent=342052"}],"wp:term":[{"taxonomy":"category","embeddable":true,"href":"https:\/\/primermomento.com\/index.php?rest_route=%2Fwp%2Fv2%2Fcategories&post=342052"},{"taxonomy":"post_tag","embeddable":true,"href":"https:\/\/primermomento.com\/index.php?rest_route=%2Fwp%2Fv2%2Ftags&post=342052"}],"curies":[{"name":"wp","href":"https:\/\/api.w.org\/{rel}","templated":true}]}}