{"id":342086,"date":"2021-03-14T12:15:00","date_gmt":"2021-03-14T16:15:00","guid":{"rendered":"http:\/\/primermomento.com\/?p=342086"},"modified":"2021-03-14T15:19:59","modified_gmt":"2021-03-14T19:19:59","slug":"eeuu-recibe-ninos-migrantes-en-medio-de-criticas-contra-autoridades","status":"publish","type":"post","link":"https:\/\/primermomento.com\/?p=342086","title":{"rendered":"EEUU recibe ni\u00f1os migrantes en medio de cr\u00edticas contra autoridades"},"content":{"rendered":"\n<p>WASHINGTON, EEUU.- El gobierno de Estados Unidos redobla esfuerzos para atender a ni\u00f1os migrantes en la frontera sur, mientras contin\u00faan hoy las cr\u00edticas a las autoridades por retener a menores durante largos per\u00edodos en instalaciones saturadas.<\/p>\n\n\n\n<figure class=\"wp-block-image size-large\"><img loading=\"lazy\" decoding=\"async\" width=\"748\" height=\"498\" src=\"http:\/\/primermomento.com\/wp-content\/uploads\/2021\/03\/1-lam-usa-migrantes.png\" alt=\"\" class=\"wp-image-342087\" srcset=\"https:\/\/primermomento.com\/wp-content\/uploads\/2021\/03\/1-lam-usa-migrantes.png 748w, https:\/\/primermomento.com\/wp-content\/uploads\/2021\/03\/1-lam-usa-migrantes-300x200.png 300w, https:\/\/primermomento.com\/wp-content\/uploads\/2021\/03\/1-lam-usa-migrantes-73x50.png 73w, https:\/\/primermomento.com\/wp-content\/uploads\/2021\/03\/1-lam-usa-migrantes-500x333.png 500w, https:\/\/primermomento.com\/wp-content\/uploads\/2021\/03\/1-lam-usa-migrantes-280x186.png 280w, https:\/\/primermomento.com\/wp-content\/uploads\/2021\/03\/1-lam-usa-migrantes-60x40.png 60w, https:\/\/primermomento.com\/wp-content\/uploads\/2021\/03\/1-lam-usa-migrantes-638x425.png 638w, https:\/\/primermomento.com\/wp-content\/uploads\/2021\/03\/1-lam-usa-migrantes-118x79.png 118w, https:\/\/primermomento.com\/wp-content\/uploads\/2021\/03\/1-lam-usa-migrantes-479x319.png 479w\" sizes=\"auto, (max-width: 748px) 100vw, 748px\" \/><\/figure>\n\n\n\n<p>Con el fin de enfrentar los actuales problemas y ofrecer albergue temporal, el secretario de Seguridad Nacional, Alejandro Mayorkas, pidi\u00f3 la cooperaci\u00f3n de la Agencia Federal para el Manejo de Emergencias a lo largo de 90 d\u00edas.<\/p>\n\n\n\n<p>Nuestro objetivo es asegurar que los ni\u00f1os no acompa\u00f1ados sean transferidos al Departamento de Salud y Servicios Humanos lo m\u00e1s r\u00e1pido posible, de acuerdo con los requisitos legales y en el mejor inter\u00e9s de ellos, afirm\u00f3 Mayorkas la v\u00edspera en un comunicado.<\/p>\n\n\n\n<p>Posteriormente, los peque\u00f1os deben ser entregados a personas que los cuidar\u00e1n, generalmente familiares que ya viven en Estados Unidos.<\/p>\n\n\n\n<p>Datos oficiales precisan que el Departamento de Salud y Servicios Humanos tiene actualmente a su cargo a unos ocho mil 800 menores y la Oficina de Aduanas y Protecci\u00f3n Fronteriza acoge a otros centenares m\u00e1s.<\/p>\n\n\n\n<p>Recientes informaciones period\u00edsticas expusieron que centenares de ni\u00f1os y adolescentes migrantes est\u00e1n detenidos en condiciones de hacinamiento en una instalaci\u00f3n de la Patrulla Fronteriza en el estado de Texas.<\/p>\n\n\n\n<p>De acuerdo con abogados de organizaciones sin fines de lucro que supervisan esos centros de reclusi\u00f3n, algunos peque\u00f1os duermen en el piso pues los colchones son insuficientes.<\/p>\n\n\n\n<p>La agencia Associated Press divulg\u00f3 que los letrados entrevistaron a m\u00e1s de una docena de ni\u00f1os en Donna, Texas, donde est\u00e1n detenidos m\u00e1s de mil extranjeros que pretenden vivir en Estados Unidos.<\/p>\n\n\n\n<p>Testimonios de los chicos afirman que han permanecido una semana o m\u00e1s en dicho lugar a pesar del l\u00edmite de detenci\u00f3n de tres d\u00edas que tiene por ley la Patrulla Fronteriza para el caso de los menores.<\/p>\n\n\n\n<p>A juicio de los ni\u00f1os, no se les ha permitido llamar por tel\u00e9fono a sus padres ni a otros familiares que podr\u00edan estar preocupados por saber d\u00f3nde se encuentran.<\/p>\n\n\n\n<p>Tambi\u00e9n, seg\u00fan los abogados, en medio del azote de la pandemia de Covid-19, los menores est\u00e1n a una distancia tan estrecha que pueden tocarse entre ellos, y algunos deben esperar cinco d\u00edas para ba\u00f1arse, aunque no siempre hay jab\u00f3n disponible.<\/p>\n\n\n\n<p>La administraci\u00f3n del presidente norteamericano, Joe Biden, quien prometi\u00f3 cambiar las criticadas pol\u00edticas migratorias de su antecesor, Donald Trump, neg\u00f3 a los abogados el acceso a la instalaci\u00f3n de tiendas de campa\u00f1a, apunt\u00f3 el mencionado medio de comunicaci\u00f3n.<\/p>\n\n\n\n<p>Record\u00f3 adem\u00e1s que durante el gobierno de Trump las visitas de letrados a estaciones de la Patrulla Fronteriza sacaron a la luz problemas serios, como el encierro de ni\u00f1os sin suministro adecuado de alimentos y agua para beber.<\/p>\n\n\n\n<p class=\"has-text-align-right\"><em>PL<\/em><\/p>\n","protected":false},"excerpt":{"rendered":"<p>WASHINGTON, EEUU.- El gobierno de Estados Unidos redobla esfuerzos para atender a ni\u00f1os migrantes en la frontera sur, mientras contin\u00faan hoy las cr\u00edticas a las autoridades por retener a menores durante largos per\u00edodos en instalaciones saturadas. Con el fin de enfrentar los actuales problemas y ofrecer albergue temporal, el secretario de Seguridad Nacional, Alejandro Mayorkas, [&hellip;]<\/p>\n","protected":false},"author":1,"featured_media":0,"comment_status":"open","ping_status":"open","sticky":false,"template":"","format":"standard","meta":{"_bbp_topic_count":0,"_bbp_reply_count":0,"_bbp_total_topic_count":0,"_bbp_total_reply_count":0,"_bbp_voice_count":0,"_bbp_anonymous_reply_count":0,"_bbp_topic_count_hidden":0,"_bbp_reply_count_hidden":0,"_bbp_forum_subforum_count":0,"footnotes":""},"categories":[40,60],"tags":[],"class_list":{"0":"post-342086","1":"post","2":"type-post","3":"status-publish","4":"format-standard","6":"category-comunidad","7":"category-titulares-del-dia"},"_links":{"self":[{"href":"https:\/\/primermomento.com\/index.php?rest_route=\/wp\/v2\/posts\/342086","targetHints":{"allow":["GET"]}}],"collection":[{"href":"https:\/\/primermomento.com\/index.php?rest_route=\/wp\/v2\/posts"}],"about":[{"href":"https:\/\/primermomento.com\/index.php?rest_route=\/wp\/v2\/types\/post"}],"author":[{"embeddable":true,"href":"https:\/\/primermomento.com\/index.php?rest_route=\/wp\/v2\/users\/1"}],"replies":[{"embeddable":true,"href":"https:\/\/primermomento.com\/index.php?rest_route=%2Fwp%2Fv2%2Fcomments&post=342086"}],"version-history":[{"count":1,"href":"https:\/\/primermomento.com\/index.php?rest_route=\/wp\/v2\/posts\/342086\/revisions"}],"predecessor-version":[{"id":342088,"href":"https:\/\/primermomento.com\/index.php?rest_route=\/wp\/v2\/posts\/342086\/revisions\/342088"}],"wp:attachment":[{"href":"https:\/\/primermomento.com\/index.php?rest_route=%2Fwp%2Fv2%2Fmedia&parent=342086"}],"wp:term":[{"taxonomy":"category","embeddable":true,"href":"https:\/\/primermomento.com\/index.php?rest_route=%2Fwp%2Fv2%2Fcategories&post=342086"},{"taxonomy":"post_tag","embeddable":true,"href":"https:\/\/primermomento.com\/index.php?rest_route=%2Fwp%2Fv2%2Ftags&post=342086"}],"curies":[{"name":"wp","href":"https:\/\/api.w.org\/{rel}","templated":true}]}}