{"id":342148,"date":"2021-03-16T16:55:00","date_gmt":"2021-03-16T20:55:00","guid":{"rendered":"http:\/\/primermomento.com\/?p=342148"},"modified":"2021-03-16T17:00:52","modified_gmt":"2021-03-16T21:00:52","slug":"bani-anuncian-remodelacion-del-parque-central-del-municipio","status":"publish","type":"post","link":"https:\/\/primermomento.com\/?p=342148","title":{"rendered":"BAN\u00cd | Anuncian remodelaci\u00f3n del parque central del municipio"},"content":{"rendered":"\n<p>BAN\u00cd, Rep\u00fablica Dominicana.- El parque central Marcos A. Cabral, est\u00e1 recibiendo m\u00faltiples acondicionamientos con la finalidad de mejorar su aspecto, trabajos que comprender\u00e1n varias etapas y son dispuestos por el alcalde Santo Ram\u00edrez quien tiene la intenci\u00f3n adem\u00e1s de preservar el ornato de este espacio de recreaci\u00f3n.<\/p>\n\n\n\n<figure class=\"wp-block-image size-large\"><img loading=\"lazy\" decoding=\"async\" width=\"596\" height=\"398\" src=\"http:\/\/primermomento.com\/wp-content\/uploads\/2021\/03\/poda-parque-central.jpg\" alt=\"\" class=\"wp-image-342149\" srcset=\"https:\/\/primermomento.com\/wp-content\/uploads\/2021\/03\/poda-parque-central.jpg 596w, https:\/\/primermomento.com\/wp-content\/uploads\/2021\/03\/poda-parque-central-300x200.jpg 300w, https:\/\/primermomento.com\/wp-content\/uploads\/2021\/03\/poda-parque-central-73x50.jpg 73w, https:\/\/primermomento.com\/wp-content\/uploads\/2021\/03\/poda-parque-central-500x334.jpg 500w, https:\/\/primermomento.com\/wp-content\/uploads\/2021\/03\/poda-parque-central-280x187.jpg 280w, https:\/\/primermomento.com\/wp-content\/uploads\/2021\/03\/poda-parque-central-60x40.jpg 60w, https:\/\/primermomento.com\/wp-content\/uploads\/2021\/03\/poda-parque-central-118x79.jpg 118w, https:\/\/primermomento.com\/wp-content\/uploads\/2021\/03\/poda-parque-central-479x320.jpg 479w\" sizes=\"auto, (max-width: 596px) 100vw, 596px\" \/><\/figure>\n\n\n\n<p>En esta primera fase de trabajo, los cuales son coordinados por la direcci\u00f3n de Servicios Municipales, Plazas y Parques y Gesti\u00f3n Ambiental, se realizan retiro de ramas secas, poda de \u00e1rboles, y ser\u00e1n colocados de zafacones nuevos para evitar el arrojo de desechos s\u00f3lidos.<\/p>\n\n\n\n<p>De igual modo, se efect\u00faa un levantamiento para determinar los espacios que ser\u00e1n intervenidos en lo inmediato, como son los bancos y cer\u00e1micas en mal estado. Asimismo, modo, se estar\u00e1 resaltando la pintura de todo el parque, ser\u00e1n sustituidas algunas l\u00e1mparas y se evaluar\u00e1 las condiciones de las dos fuentes para su posterior reparaci\u00f3n.<\/p>\n","protected":false},"excerpt":{"rendered":"<p>BAN\u00cd, Rep\u00fablica Dominicana.- El parque central Marcos A. Cabral, est\u00e1 recibiendo m\u00faltiples acondicionamientos con la finalidad de mejorar su aspecto, trabajos que comprender\u00e1n varias etapas y son dispuestos por el alcalde Santo Ram\u00edrez quien tiene la intenci\u00f3n adem\u00e1s de preservar el ornato de este espacio de recreaci\u00f3n. En esta primera fase de trabajo, los cuales [&hellip;]<\/p>\n","protected":false},"author":1,"featured_media":0,"comment_status":"open","ping_status":"open","sticky":false,"template":"","format":"standard","meta":{"_bbp_topic_count":0,"_bbp_reply_count":0,"_bbp_total_topic_count":0,"_bbp_total_reply_count":0,"_bbp_voice_count":0,"_bbp_anonymous_reply_count":0,"_bbp_topic_count_hidden":0,"_bbp_reply_count_hidden":0,"_bbp_forum_subforum_count":0,"footnotes":""},"categories":[30,60],"tags":[],"class_list":{"0":"post-342148","1":"post","2":"type-post","3":"status-publish","4":"format-standard","6":"category-actualidad","7":"category-titulares-del-dia"},"_links":{"self":[{"href":"https:\/\/primermomento.com\/index.php?rest_route=\/wp\/v2\/posts\/342148","targetHints":{"allow":["GET"]}}],"collection":[{"href":"https:\/\/primermomento.com\/index.php?rest_route=\/wp\/v2\/posts"}],"about":[{"href":"https:\/\/primermomento.com\/index.php?rest_route=\/wp\/v2\/types\/post"}],"author":[{"embeddable":true,"href":"https:\/\/primermomento.com\/index.php?rest_route=\/wp\/v2\/users\/1"}],"replies":[{"embeddable":true,"href":"https:\/\/primermomento.com\/index.php?rest_route=%2Fwp%2Fv2%2Fcomments&post=342148"}],"version-history":[{"count":1,"href":"https:\/\/primermomento.com\/index.php?rest_route=\/wp\/v2\/posts\/342148\/revisions"}],"predecessor-version":[{"id":342150,"href":"https:\/\/primermomento.com\/index.php?rest_route=\/wp\/v2\/posts\/342148\/revisions\/342150"}],"wp:attachment":[{"href":"https:\/\/primermomento.com\/index.php?rest_route=%2Fwp%2Fv2%2Fmedia&parent=342148"}],"wp:term":[{"taxonomy":"category","embeddable":true,"href":"https:\/\/primermomento.com\/index.php?rest_route=%2Fwp%2Fv2%2Fcategories&post=342148"},{"taxonomy":"post_tag","embeddable":true,"href":"https:\/\/primermomento.com\/index.php?rest_route=%2Fwp%2Fv2%2Ftags&post=342148"}],"curies":[{"name":"wp","href":"https:\/\/api.w.org\/{rel}","templated":true}]}}