{"id":342165,"date":"2021-03-16T06:21:00","date_gmt":"2021-03-16T10:21:00","guid":{"rendered":"http:\/\/primermomento.com\/?p=342165"},"modified":"2021-03-16T15:25:09","modified_gmt":"2021-03-16T19:25:09","slug":"prensa-comunidad-hispana-en-ny-galardona-dominicanos","status":"publish","type":"post","link":"https:\/\/primermomento.com\/?p=342165","title":{"rendered":"Prensa &#038; Comunidad Hispana en NY galardona dominicanos"},"content":{"rendered":"\n<p>NUEVA YORK, EEUU.- Varios dominicanos residentes en diversos sectores de esta ciudad fueron galardonados el pasado fin de semana por la entidad \u201cPrensa &amp; Comunidad Hispana\u201d (PreCoHis), que dirige el periodista Ram\u00f3n Mercedes.<\/p>\n\n\n\n<figure class=\"wp-block-image size-large\"><img loading=\"lazy\" decoding=\"async\" width=\"636\" height=\"293\" src=\"http:\/\/primermomento.com\/wp-content\/uploads\/2021\/03\/Prensa-Comunidad-Hispana-en-NY-galardona-dominicanos.jpg\" alt=\"\" class=\"wp-image-342166\" srcset=\"https:\/\/primermomento.com\/wp-content\/uploads\/2021\/03\/Prensa-Comunidad-Hispana-en-NY-galardona-dominicanos.jpg 636w, https:\/\/primermomento.com\/wp-content\/uploads\/2021\/03\/Prensa-Comunidad-Hispana-en-NY-galardona-dominicanos-300x138.jpg 300w, https:\/\/primermomento.com\/wp-content\/uploads\/2021\/03\/Prensa-Comunidad-Hispana-en-NY-galardona-dominicanos-500x230.jpg 500w, https:\/\/primermomento.com\/wp-content\/uploads\/2021\/03\/Prensa-Comunidad-Hispana-en-NY-galardona-dominicanos-280x129.jpg 280w, https:\/\/primermomento.com\/wp-content\/uploads\/2021\/03\/Prensa-Comunidad-Hispana-en-NY-galardona-dominicanos-118x54.jpg 118w, https:\/\/primermomento.com\/wp-content\/uploads\/2021\/03\/Prensa-Comunidad-Hispana-en-NY-galardona-dominicanos-479x221.jpg 479w\" sizes=\"auto, (max-width: 636px) 100vw, 636px\" \/><\/figure>\n\n\n\n<p>El reconocimiento se realiz\u00f3 en el marco de la celebraci\u00f3n del \u201cMes de la Herencia Dominicana en EE.UU.\u201d y del \u201cD\u00eda Internacional de la Mujer\u201d.<\/p>\n\n\n\n<p>Al hablar durante la actividad, realizada en uno de los exclusivos salones del Beverly Hills Manor, ubicado en el 1700 de la avenida Jerome, en El Bronx, Mercedes destac\u00f3 que los homenajeados \u201chan trascendido en diferentes \u00e1reas del quehacer de la sociedad neoyorquina, poniendo el alto la bandera dominicana\u201d.<\/p>\n\n\n\n<p>Precis\u00f3 que los dominicanos representamos el grupo hispano m\u00e1s grande y de mayor crecimiento en esta ciudad. Somos muchos oficiales electos, empresarios, gerentes empresariales, m\u00e9dicos, jueces, abogados, polic\u00edas, en el ej\u00e9rcito, periodistas, locutores, y maestros, por lo tanto, dinamizamos la econom\u00eda en esta gran ciudad, afirm\u00f3 el reconocido periodista.<\/p>\n\n\n\n<p>Entre los personajes distinguidos figuran Lutzi Vieluf Isidor y Jaline Isidor Horta, presidenta y gerente de Mercadeo, respectivamente, de la empresa Cibao Meat Products; Ana Garc\u00eda Reyes, vicedecana de Relaciones Comunitarias de la Universidad Hostos Community College; y N\u00e9stor D\u00edaz, Juez de la Corte Criminal de Manhattan.<\/p>\n\n\n\n<p>Tambi\u00e9n fueron laureados, el congresista Adriano Espaillat; Carlos Ghonz, comandante del precinto policial 42, en El Bronx; Radham\u00e9s A. Rojas, m\u00e9dico especialista en cardiolog\u00eda y electrofisiolog\u00eda en el Hospital Westchester Medical Center; Carlos Michel\u00e9n, embajador alterno ante la ONU; y Antonio Cabrera, presidente de la Federaci\u00f3n de Taxistas del Estado de NY (NYSFTD).<\/p>\n\n\n\n<p>Tras resaltar que los dominicanos son el mayor grupo de los hispanos residentes en esta urbe, el presidente de PreCoHis indic\u00f3 que esa instituci\u00f3n tambi\u00e9n galardona a un amplio n\u00facleo de empleados de la ciudad y del sector privado, \u201cque con su trabajo dignifican la reputaci\u00f3n de nuestra di\u00e1spora\u201d.<\/p>\n\n\n\n<p class=\"has-text-align-right\"><em>Ram\u00f3n Mercedes<\/em><\/p>\n","protected":false},"excerpt":{"rendered":"<p>NUEVA YORK, EEUU.- Varios dominicanos residentes en diversos sectores de esta ciudad fueron galardonados el pasado fin de semana por la entidad \u201cPrensa &amp; Comunidad Hispana\u201d (PreCoHis), que dirige el periodista Ram\u00f3n Mercedes. El reconocimiento se realiz\u00f3 en el marco de la celebraci\u00f3n del \u201cMes de la Herencia Dominicana en EE.UU.\u201d y del \u201cD\u00eda Internacional [&hellip;]<\/p>\n","protected":false},"author":1,"featured_media":0,"comment_status":"open","ping_status":"open","sticky":false,"template":"","format":"standard","meta":{"_bbp_topic_count":0,"_bbp_reply_count":0,"_bbp_total_topic_count":0,"_bbp_total_reply_count":0,"_bbp_voice_count":0,"_bbp_anonymous_reply_count":0,"_bbp_topic_count_hidden":0,"_bbp_reply_count_hidden":0,"_bbp_forum_subforum_count":0,"footnotes":""},"categories":[40],"tags":[],"class_list":{"0":"post-342165","1":"post","2":"type-post","3":"status-publish","4":"format-standard","6":"category-comunidad"},"_links":{"self":[{"href":"https:\/\/primermomento.com\/index.php?rest_route=\/wp\/v2\/posts\/342165","targetHints":{"allow":["GET"]}}],"collection":[{"href":"https:\/\/primermomento.com\/index.php?rest_route=\/wp\/v2\/posts"}],"about":[{"href":"https:\/\/primermomento.com\/index.php?rest_route=\/wp\/v2\/types\/post"}],"author":[{"embeddable":true,"href":"https:\/\/primermomento.com\/index.php?rest_route=\/wp\/v2\/users\/1"}],"replies":[{"embeddable":true,"href":"https:\/\/primermomento.com\/index.php?rest_route=%2Fwp%2Fv2%2Fcomments&post=342165"}],"version-history":[{"count":1,"href":"https:\/\/primermomento.com\/index.php?rest_route=\/wp\/v2\/posts\/342165\/revisions"}],"predecessor-version":[{"id":342167,"href":"https:\/\/primermomento.com\/index.php?rest_route=\/wp\/v2\/posts\/342165\/revisions\/342167"}],"wp:attachment":[{"href":"https:\/\/primermomento.com\/index.php?rest_route=%2Fwp%2Fv2%2Fmedia&parent=342165"}],"wp:term":[{"taxonomy":"category","embeddable":true,"href":"https:\/\/primermomento.com\/index.php?rest_route=%2Fwp%2Fv2%2Fcategories&post=342165"},{"taxonomy":"post_tag","embeddable":true,"href":"https:\/\/primermomento.com\/index.php?rest_route=%2Fwp%2Fv2%2Ftags&post=342165"}],"curies":[{"name":"wp","href":"https:\/\/api.w.org\/{rel}","templated":true}]}}