{"id":342420,"date":"2021-03-23T15:40:00","date_gmt":"2021-03-23T19:40:00","guid":{"rendered":"http:\/\/primermomento.com\/?p=342420"},"modified":"2021-03-23T17:44:48","modified_gmt":"2021-03-23T21:44:48","slug":"consulado-dominicano-en-ny-cubrira-gastos-funerales-de-hugo-cabrera","status":"publish","type":"post","link":"https:\/\/primermomento.com\/?p=342420","title":{"rendered":"Consulado dominicano en NY cubrir\u00e1 gastos funerales de Hugo Cabrera"},"content":{"rendered":"\n<p>NEW YORK, EEUU.- El Consulado General de la Rep\u00fablica Dominicana en Nueva York dispuso hoy cubrir los gastos de los funerales del baloncestista Hugo Cabrera, inmortal del deporte dominicano, \u00a0quien muri\u00f3 a los 67 a\u00f1os, en la madrugada de este martes en su residencia del condado de Manhattan de esta ciudad donde resid\u00eda junto a su compa\u00f1era de vida, Marta Acta. \u00a0\u00a0<\/p>\n\n\n\n<figure class=\"wp-block-image size-large\"><img loading=\"lazy\" decoding=\"async\" width=\"907\" height=\"419\" src=\"http:\/\/primermomento.com\/wp-content\/uploads\/2021\/03\/Consulado-dominicano-y-gastos-deportistas.jpg\" alt=\"\" class=\"wp-image-342421\" srcset=\"https:\/\/primermomento.com\/wp-content\/uploads\/2021\/03\/Consulado-dominicano-y-gastos-deportistas.jpg 907w, https:\/\/primermomento.com\/wp-content\/uploads\/2021\/03\/Consulado-dominicano-y-gastos-deportistas-300x139.jpg 300w, https:\/\/primermomento.com\/wp-content\/uploads\/2021\/03\/Consulado-dominicano-y-gastos-deportistas-768x355.jpg 768w, https:\/\/primermomento.com\/wp-content\/uploads\/2021\/03\/Consulado-dominicano-y-gastos-deportistas-500x231.jpg 500w, https:\/\/primermomento.com\/wp-content\/uploads\/2021\/03\/Consulado-dominicano-y-gastos-deportistas-280x129.jpg 280w, https:\/\/primermomento.com\/wp-content\/uploads\/2021\/03\/Consulado-dominicano-y-gastos-deportistas-638x295.jpg 638w, https:\/\/primermomento.com\/wp-content\/uploads\/2021\/03\/Consulado-dominicano-y-gastos-deportistas-118x55.jpg 118w, https:\/\/primermomento.com\/wp-content\/uploads\/2021\/03\/Consulado-dominicano-y-gastos-deportistas-479x221.jpg 479w\" sizes=\"auto, (max-width: 907px) 100vw, 907px\" \/><\/figure>\n\n\n\n<p>El C\u00f3nsul Eligio J\u00e1quez dijo que despu\u00e9s de entonar las notas del Himno Nacional de la Rep\u00fablica Dominicana en la sede consular, les solicit\u00f3 al personal de la instituci\u00f3n y al p\u00fablico presente rendir un minuto de silencio a la memoria de ese gran deportista que puso en alto el nombre del pa\u00eds en Santo Domingo y varios pa\u00edses.<\/p>\n\n\n\n<p>El deceso de la gloria del baloncesto dominicano, se produjo tras perder la batalla contra el c\u00e1ncer de P\u00e1ncreas que padec\u00eda &nbsp;desde el 10 de Enero del&nbsp; 2020 en que le fue diagnosticada la enfermedad en la ciudad de Miami, donde recibi\u00f3 dos procesos de quimioterapias.<\/p>\n\n\n\n<p>Hugo Cabrera naci\u00f3 &nbsp;el 23 de Octubre del 1953 en Santo Domingo y fue exaltado como miembro del Sal\u00f3n de la Fama del Deporte Dominicano en el Ceremonial del a\u00f1o 1998 &nbsp;al igual que en el &nbsp;East Texas State University,&nbsp; del estado de Texas, en los Estados Unidos.<\/p>\n\n\n\n<p>En una \u00e9poca fue considerado el mejor jugador latino de baloncesto, y tras su carrera universitaria fue elegido en el sorteo de la NBA por el equipo New York Knicks que era su favorito al igual que los Yankees de New York.<\/p>\n\n\n\n<p>Cabrera se destac\u00f3 jugando para los clubes de San L\u00e1zaro, Naco y Los Mina. Sus mayores logros se produjeron con la Selecci\u00f3n Nacional en Centro B\u00e1squet entre los a\u00f1os 1975 y 1977.<\/p>\n\n\n\n<p>Durante&nbsp; su internamiento el representante diplom\u00e1tico dominicano se mantuvo d\u00eda tras d\u00eda pendiente de su convalecencia y prestando toda la &nbsp;colaboraci\u00f3n a trav\u00e9s de Manolo Prince, quien es el director de deportes de esta sede consular y &nbsp;fuera su compa\u00f1ero de juegos por varios a\u00f1os.&nbsp; Cabrera trabaj\u00f3 como Decano Administrativo de una Escuela Superior de la ciudad de Miami, Florida.<\/p>\n\n\n\n<p>Por su parte,&nbsp; el ingeniero Eligio J\u00e1quez lament\u00f3 el fallecimiento de esa gloria del baloncesto de Rep\u00fablica Dominicana y extendi\u00f3 sus condolencias a los familiares, amigos y&nbsp; toda la clase deportiva del pa\u00eds. El funcionario consular dijo a trav\u00e9s de su cuenta de Twitter &nbsp;que \u201cdespu\u00e9s de un seguimiento d\u00eda a d\u00eda a la salud del inmenso &nbsp;baloncestista dominicano Hugo Cabrera, hoy temprano nos llega la infausta noticia de su muerte. Paz a su alma y abrazos a sus familiares.\u201d.<\/p>\n\n\n\n<p>Pie de Foto: El se\u00f1or Eligio J\u00e1quez, C\u00f3nsul dominiano mientras entrega un cheque al director de deportes, Manolo Prince para cubrir los gastos del funeral del deportista Hugo Cabrera.&nbsp;<\/p>\n","protected":false},"excerpt":{"rendered":"<p>NEW YORK, EEUU.- El Consulado General de la Rep\u00fablica Dominicana en Nueva York dispuso hoy cubrir los gastos de los funerales del baloncestista Hugo Cabrera, inmortal del deporte dominicano, \u00a0quien muri\u00f3 a los 67 a\u00f1os, en la madrugada de este martes en su residencia del condado de Manhattan de esta ciudad donde resid\u00eda junto a [&hellip;]<\/p>\n","protected":false},"author":1,"featured_media":0,"comment_status":"open","ping_status":"open","sticky":false,"template":"","format":"standard","meta":{"_bbp_topic_count":0,"_bbp_reply_count":0,"_bbp_total_topic_count":0,"_bbp_total_reply_count":0,"_bbp_voice_count":0,"_bbp_anonymous_reply_count":0,"_bbp_topic_count_hidden":0,"_bbp_reply_count_hidden":0,"_bbp_forum_subforum_count":0,"footnotes":""},"categories":[40,60],"tags":[],"class_list":{"0":"post-342420","1":"post","2":"type-post","3":"status-publish","4":"format-standard","6":"category-comunidad","7":"category-titulares-del-dia"},"_links":{"self":[{"href":"https:\/\/primermomento.com\/index.php?rest_route=\/wp\/v2\/posts\/342420","targetHints":{"allow":["GET"]}}],"collection":[{"href":"https:\/\/primermomento.com\/index.php?rest_route=\/wp\/v2\/posts"}],"about":[{"href":"https:\/\/primermomento.com\/index.php?rest_route=\/wp\/v2\/types\/post"}],"author":[{"embeddable":true,"href":"https:\/\/primermomento.com\/index.php?rest_route=\/wp\/v2\/users\/1"}],"replies":[{"embeddable":true,"href":"https:\/\/primermomento.com\/index.php?rest_route=%2Fwp%2Fv2%2Fcomments&post=342420"}],"version-history":[{"count":1,"href":"https:\/\/primermomento.com\/index.php?rest_route=\/wp\/v2\/posts\/342420\/revisions"}],"predecessor-version":[{"id":342422,"href":"https:\/\/primermomento.com\/index.php?rest_route=\/wp\/v2\/posts\/342420\/revisions\/342422"}],"wp:attachment":[{"href":"https:\/\/primermomento.com\/index.php?rest_route=%2Fwp%2Fv2%2Fmedia&parent=342420"}],"wp:term":[{"taxonomy":"category","embeddable":true,"href":"https:\/\/primermomento.com\/index.php?rest_route=%2Fwp%2Fv2%2Fcategories&post=342420"},{"taxonomy":"post_tag","embeddable":true,"href":"https:\/\/primermomento.com\/index.php?rest_route=%2Fwp%2Fv2%2Ftags&post=342420"}],"curies":[{"name":"wp","href":"https:\/\/api.w.org\/{rel}","templated":true}]}}