{"id":342447,"date":"2021-03-24T17:09:31","date_gmt":"2021-03-24T21:09:31","guid":{"rendered":"http:\/\/primermomento.com\/?p=342447"},"modified":"2021-03-24T17:09:33","modified_gmt":"2021-03-24T21:09:33","slug":"ante-hechos-violentos-en-eeuu-dominicanos-expresan-preocupacion","status":"publish","type":"post","link":"https:\/\/primermomento.com\/?p=342447","title":{"rendered":"Ante hechos violentos en EEUU dominicanos expresan preocupaci\u00f3n"},"content":{"rendered":"\n<p>NUEVA YORK, EEUU.- Debido a la violencia que arropa varios estados de los Estados Unidos dominicanos en esta ciudad se muestran preocupados ya que tienen familiares en los lugares que han ocurrido intensos tiroteos en las \u00faltimas horas, que han dejado varias personas asesinadas y heridas, algunas de gravedad.<\/p>\n\n\n\n<figure class=\"wp-block-image size-large\"><img loading=\"lazy\" decoding=\"async\" width=\"720\" height=\"441\" src=\"http:\/\/primermomento.com\/wp-content\/uploads\/2019\/08\/Contin\u00faa-violencia-NY-matan-cuatro-personas-a-tiros-\u00faltimas-horas-en-Brooklyn-y-Queens.jpg\" alt=\"\" class=\"wp-image-320332\" srcset=\"https:\/\/primermomento.com\/wp-content\/uploads\/2019\/08\/Contin\u00faa-violencia-NY-matan-cuatro-personas-a-tiros-\u00faltimas-horas-en-Brooklyn-y-Queens.jpg 720w, https:\/\/primermomento.com\/wp-content\/uploads\/2019\/08\/Contin\u00faa-violencia-NY-matan-cuatro-personas-a-tiros-\u00faltimas-horas-en-Brooklyn-y-Queens-300x184.jpg 300w, https:\/\/primermomento.com\/wp-content\/uploads\/2019\/08\/Contin\u00faa-violencia-NY-matan-cuatro-personas-a-tiros-\u00faltimas-horas-en-Brooklyn-y-Queens-110x66.jpg 110w, https:\/\/primermomento.com\/wp-content\/uploads\/2019\/08\/Contin\u00faa-violencia-NY-matan-cuatro-personas-a-tiros-\u00faltimas-horas-en-Brooklyn-y-Queens-500x306.jpg 500w, https:\/\/primermomento.com\/wp-content\/uploads\/2019\/08\/Contin\u00faa-violencia-NY-matan-cuatro-personas-a-tiros-\u00faltimas-horas-en-Brooklyn-y-Queens-280x172.jpg 280w, https:\/\/primermomento.com\/wp-content\/uploads\/2019\/08\/Contin\u00faa-violencia-NY-matan-cuatro-personas-a-tiros-\u00faltimas-horas-en-Brooklyn-y-Queens-638x391.jpg 638w, https:\/\/primermomento.com\/wp-content\/uploads\/2019\/08\/Contin\u00faa-violencia-NY-matan-cuatro-personas-a-tiros-\u00faltimas-horas-en-Brooklyn-y-Queens-118x72.jpg 118w, https:\/\/primermomento.com\/wp-content\/uploads\/2019\/08\/Contin\u00faa-violencia-NY-matan-cuatro-personas-a-tiros-\u00faltimas-horas-en-Brooklyn-y-Queens-479x293.jpg 479w\" sizes=\"auto, (max-width: 720px) 100vw, 720px\" \/><\/figure>\n\n\n\n<p>Especifican que el martes de la semana pasada ocho personas resultaron muertas en ataques a tres salones de masajes asi\u00e1ticos en Atlanta.<\/p>\n\n\n\n<p>Tambi\u00e9n, 13 personas resultaron heridas la madrugada de este domingo cuando un hombre armado abri\u00f3 fuego contra una multitud en la zona de Water\u2019front de la ciudad de Peoria, Illinois.<\/p>\n\n\n\n<p>Asimismo, al menos 2 muertos y 8 heridos por un tiroteo la madrugada de este domingo en un club nocturno de Carolina del Sur.<\/p>\n\n\n\n<p>Adem\u00e1s, 10 personas muertas a tiros la noche de este lunes cuando un desconocido abri\u00f3 fuego en un supermercado en Boulder, Colorado.<\/p>\n\n\n\n<p>Tambi\u00e9n por los disturbios en Miami, espec\u00edficamente en Miami Beach, que ha dejado 2 muertos, varios heridos, m\u00e1s de mil arrestos y el decomiso de cerca de 100 armas de fuego.<\/p>\n\n\n\n<p>La situaci\u00f3n es tan alarmante que las autoridades declararon el estado de emergencia, se mantienen en alerta m\u00e1xima por el caos, disturbios y las preocupantes multitudes en Miami Beach durante la semana de Spring Break y este domingo decidieron extender el toque de queda en horas de la noche hasta finales de las vacaciones de primavera.<\/p>\n\n\n\n<p>Hasta este pasado domingo 21, en todo el territorio estadounidense se hab\u00edan producido 9,546 tiroteos, dejando como saldo 4,134 homicidios y 5,412 suicidio.<\/p>\n\n\n\n<p class=\"has-text-align-right\"><em>Ram\u00f3n Mercedes<\/em><\/p>\n","protected":false},"excerpt":{"rendered":"<p>NUEVA YORK, EEUU.- Debido a la violencia que arropa varios estados de los Estados Unidos dominicanos en esta ciudad se muestran preocupados ya que tienen familiares en los lugares que han ocurrido intensos tiroteos en las \u00faltimas horas, que han dejado varias personas asesinadas y heridas, algunas de gravedad. Especifican que el martes de la [&hellip;]<\/p>\n","protected":false},"author":1,"featured_media":0,"comment_status":"open","ping_status":"open","sticky":false,"template":"","format":"standard","meta":{"_bbp_topic_count":0,"_bbp_reply_count":0,"_bbp_total_topic_count":0,"_bbp_total_reply_count":0,"_bbp_voice_count":0,"_bbp_anonymous_reply_count":0,"_bbp_topic_count_hidden":0,"_bbp_reply_count_hidden":0,"_bbp_forum_subforum_count":0,"footnotes":""},"categories":[40,60],"tags":[],"class_list":{"0":"post-342447","1":"post","2":"type-post","3":"status-publish","4":"format-standard","6":"category-comunidad","7":"category-titulares-del-dia"},"_links":{"self":[{"href":"https:\/\/primermomento.com\/index.php?rest_route=\/wp\/v2\/posts\/342447","targetHints":{"allow":["GET"]}}],"collection":[{"href":"https:\/\/primermomento.com\/index.php?rest_route=\/wp\/v2\/posts"}],"about":[{"href":"https:\/\/primermomento.com\/index.php?rest_route=\/wp\/v2\/types\/post"}],"author":[{"embeddable":true,"href":"https:\/\/primermomento.com\/index.php?rest_route=\/wp\/v2\/users\/1"}],"replies":[{"embeddable":true,"href":"https:\/\/primermomento.com\/index.php?rest_route=%2Fwp%2Fv2%2Fcomments&post=342447"}],"version-history":[{"count":1,"href":"https:\/\/primermomento.com\/index.php?rest_route=\/wp\/v2\/posts\/342447\/revisions"}],"predecessor-version":[{"id":342448,"href":"https:\/\/primermomento.com\/index.php?rest_route=\/wp\/v2\/posts\/342447\/revisions\/342448"}],"wp:attachment":[{"href":"https:\/\/primermomento.com\/index.php?rest_route=%2Fwp%2Fv2%2Fmedia&parent=342447"}],"wp:term":[{"taxonomy":"category","embeddable":true,"href":"https:\/\/primermomento.com\/index.php?rest_route=%2Fwp%2Fv2%2Fcategories&post=342447"},{"taxonomy":"post_tag","embeddable":true,"href":"https:\/\/primermomento.com\/index.php?rest_route=%2Fwp%2Fv2%2Ftags&post=342447"}],"curies":[{"name":"wp","href":"https:\/\/api.w.org\/{rel}","templated":true}]}}