{"id":342729,"date":"2021-03-31T13:40:36","date_gmt":"2021-03-31T17:40:36","guid":{"rendered":"http:\/\/primermomento.com\/?p=342729"},"modified":"2021-03-31T13:42:10","modified_gmt":"2021-03-31T17:42:10","slug":"consulado-no-laborara-1-y-2-de-abril-por-semana-santa","status":"publish","type":"post","link":"https:\/\/primermomento.com\/?p=342729","title":{"rendered":"Consulado no laborar\u00e1 1 y 2 de abril por Semana Santa"},"content":{"rendered":"\n<p>NUEVA YORK, EEUU.- El Consulado General de la Rep\u00fablica Dominicana en esta ciudad no tendr\u00e1 labor los d\u00edas jueves1 y viernes 2 de abril, por motivo de la celebraci\u00f3n de la Semana Santa.&nbsp;<\/p>\n\n\n\n<figure class=\"wp-block-image size-large\"><img loading=\"lazy\" decoding=\"async\" width=\"696\" height=\"410\" src=\"http:\/\/primermomento.com\/wp-content\/uploads\/2020\/12\/Consulado-RD-NY-dice-aplica-medidas-contra-COVID-19.jpg\" alt=\"\" class=\"wp-image-337833\" srcset=\"https:\/\/primermomento.com\/wp-content\/uploads\/2020\/12\/Consulado-RD-NY-dice-aplica-medidas-contra-COVID-19.jpg 696w, https:\/\/primermomento.com\/wp-content\/uploads\/2020\/12\/Consulado-RD-NY-dice-aplica-medidas-contra-COVID-19-300x177.jpg 300w, https:\/\/primermomento.com\/wp-content\/uploads\/2020\/12\/Consulado-RD-NY-dice-aplica-medidas-contra-COVID-19-110x66.jpg 110w, https:\/\/primermomento.com\/wp-content\/uploads\/2020\/12\/Consulado-RD-NY-dice-aplica-medidas-contra-COVID-19-500x295.jpg 500w, https:\/\/primermomento.com\/wp-content\/uploads\/2020\/12\/Consulado-RD-NY-dice-aplica-medidas-contra-COVID-19-280x165.jpg 280w, https:\/\/primermomento.com\/wp-content\/uploads\/2020\/12\/Consulado-RD-NY-dice-aplica-medidas-contra-COVID-19-638x376.jpg 638w, https:\/\/primermomento.com\/wp-content\/uploads\/2020\/12\/Consulado-RD-NY-dice-aplica-medidas-contra-COVID-19-118x70.jpg 118w, https:\/\/primermomento.com\/wp-content\/uploads\/2020\/12\/Consulado-RD-NY-dice-aplica-medidas-contra-COVID-19-479x282.jpg 479w\" sizes=\"auto, (max-width: 696px) 100vw, 696px\" \/><\/figure>\n\n\n\n<p>Esta disposici\u00f3n tambi\u00e9n rige para las Extensiones Consulares de Haverstraw, Paterson, N.J., Pensylvania, Long Island y&nbsp;El Bronx.<\/p>\n\n\n\n<p>El Consulado record\u00f3 a los dominicanos que estos son d\u00edas de&nbsp;recogimiento espiritual y de reflexi\u00f3n familiar sobre la pasi\u00f3n, vida, muerte y resurrecci\u00f3n de Jesucristo.&nbsp;<\/p>\n\n\n\n<p>En una nota enviada por el Departamento de Prensa y Comunicaciones de la sede consular, se reitera el esmero del&nbsp;personal en realizar una labor con&nbsp;eficiencia y de calidad como parte de la pol\u00edtica del Gobierno del presidente Luis&nbsp;&nbsp;Abinader en todas las dependencias gubernamentales en&nbsp;el pa\u00eds y el exterior.&nbsp;<\/p>\n\n\n\n<p>\u201cRogamos a&nbsp;nuestros usuarios&nbsp;&nbsp;&nbsp;excusarnos por los inconvenientes que esta medida pueda causarles, al tiempo que&nbsp;les deseamos un per\u00edodo de reflexi\u00f3n y recogimiento familiar\u201d, expresa el c\u00f3nsul Eligio J\u00e1quez.&nbsp;<\/p>\n\n\n\n<p>Las labores se reanudar\u00e1n el lunes 5 de abril en el horario habitual de 8:00\u00a0de la ma\u00f1ana a\u00a04:00 de la tarde, dijo el parte de prensa de la sede consular.\u00a0<\/p>\n\n\n\n<p><strong>Consulado laborar\u00e1 hasta hoy mi\u00e9rcoles por motivo de celebraci\u00f3n de Semana Santa<\/strong>\u00a0\u00a0<\/p>\n\n\n\n<p>El Consulado General de la Rep\u00fablica Dominicana en esta ciudad laborar\u00e1 hasta hoy Mi\u00e9rcoles por motivo de la celebraci\u00f3n de Semana Santa.&nbsp;<\/p>\n\n\n\n<p>Esta disposici\u00f3n tambi\u00e9n rige para las Extensiones Consulares de Haverstraw, Paterson, N.J., Pensylvania, Long Island y&nbsp;El Bronx.<\/p>\n\n\n\n<p>El Consulado record\u00f3 a los dominicanos que estos son d\u00edas de&nbsp;recogimiento espiritual y de reflexi\u00f3n familiar sobre la pasi\u00f3n, vida, muerte y resurrecci\u00f3n de Jesucristo.&nbsp;<\/p>\n\n\n\n<p>En una nota enviada por el Departamento de Prensa y Comunicaciones de la sede consular, se reitera el esmero del&nbsp;personal en realizar una labor con&nbsp;eficiencia y de calidad como parte de la pol\u00edtica del Gobierno del presidente Luis&nbsp;&nbsp;Abinader en todas las dependencias gubernamentales en&nbsp;el pa\u00eds y el exterior.&nbsp;<\/p>\n\n\n\n<p>\u201cRogamos a&nbsp;nuestros usuarios&nbsp;&nbsp;&nbsp;excusarnos por los inconvenientes que esta medida pueda causarles, al tiempo que&nbsp;les deseamos un per\u00edodo de reflexi\u00f3n y recogimiento familiar\u201d, expresa el c\u00f3nsul Eligio J\u00e1quez.&nbsp;<\/p>\n\n\n\n<p>Las labores se reanudar\u00e1n el lunes 5 de abril en el horario habitual de 8:00&nbsp;de la ma\u00f1ana a&nbsp;4:00 de la tarde, dijo el parte de prensa de la sede consular.&nbsp;&nbsp;&nbsp;<\/p>\n","protected":false},"excerpt":{"rendered":"<p>NUEVA YORK, EEUU.- El Consulado General de la Rep\u00fablica Dominicana en esta ciudad no tendr\u00e1 labor los d\u00edas jueves1 y viernes 2 de abril, por motivo de la celebraci\u00f3n de la Semana Santa.&nbsp; Esta disposici\u00f3n tambi\u00e9n rige para las Extensiones Consulares de Haverstraw, Paterson, N.J., Pensylvania, Long Island y&nbsp;El Bronx. El Consulado record\u00f3 a los [&hellip;]<\/p>\n","protected":false},"author":1,"featured_media":0,"comment_status":"open","ping_status":"open","sticky":false,"template":"","format":"standard","meta":{"_bbp_topic_count":0,"_bbp_reply_count":0,"_bbp_total_topic_count":0,"_bbp_total_reply_count":0,"_bbp_voice_count":0,"_bbp_anonymous_reply_count":0,"_bbp_topic_count_hidden":0,"_bbp_reply_count_hidden":0,"_bbp_forum_subforum_count":0,"footnotes":""},"categories":[40,60],"tags":[],"class_list":{"0":"post-342729","1":"post","2":"type-post","3":"status-publish","4":"format-standard","6":"category-comunidad","7":"category-titulares-del-dia"},"_links":{"self":[{"href":"https:\/\/primermomento.com\/index.php?rest_route=\/wp\/v2\/posts\/342729","targetHints":{"allow":["GET"]}}],"collection":[{"href":"https:\/\/primermomento.com\/index.php?rest_route=\/wp\/v2\/posts"}],"about":[{"href":"https:\/\/primermomento.com\/index.php?rest_route=\/wp\/v2\/types\/post"}],"author":[{"embeddable":true,"href":"https:\/\/primermomento.com\/index.php?rest_route=\/wp\/v2\/users\/1"}],"replies":[{"embeddable":true,"href":"https:\/\/primermomento.com\/index.php?rest_route=%2Fwp%2Fv2%2Fcomments&post=342729"}],"version-history":[{"count":2,"href":"https:\/\/primermomento.com\/index.php?rest_route=\/wp\/v2\/posts\/342729\/revisions"}],"predecessor-version":[{"id":342732,"href":"https:\/\/primermomento.com\/index.php?rest_route=\/wp\/v2\/posts\/342729\/revisions\/342732"}],"wp:attachment":[{"href":"https:\/\/primermomento.com\/index.php?rest_route=%2Fwp%2Fv2%2Fmedia&parent=342729"}],"wp:term":[{"taxonomy":"category","embeddable":true,"href":"https:\/\/primermomento.com\/index.php?rest_route=%2Fwp%2Fv2%2Fcategories&post=342729"},{"taxonomy":"post_tag","embeddable":true,"href":"https:\/\/primermomento.com\/index.php?rest_route=%2Fwp%2Fv2%2Ftags&post=342729"}],"curies":[{"name":"wp","href":"https:\/\/api.w.org\/{rel}","templated":true}]}}