{"id":342768,"date":"2021-04-01T12:46:30","date_gmt":"2021-04-01T16:46:30","guid":{"rendered":"http:\/\/primermomento.com\/?p=342768"},"modified":"2021-04-01T12:46:32","modified_gmt":"2021-04-01T16:46:32","slug":"llaman-a-inmigrantes-consultar-abogado-ante-nueva-decision-de-csj","status":"publish","type":"post","link":"https:\/\/primermomento.com\/?p=342768","title":{"rendered":"Llaman a inmigrantes consultar abogado ante nueva decisi\u00f3n de CSJ"},"content":{"rendered":"\n<p>NUEVA YORK, EEUU.- Ante la decisi\u00f3n de la Corte Suprema de los Estados Unidos el pasado 4 de marzo,\u00a0 la entidad \u201cPrensa &amp; Comunidad Hispana\u201d (PreCoHis) hizo un llamado a los hispanos, principalmente a los dominicanos, consultar con un abogado experto en inmigraci\u00f3n ante cualquier paso que vayan a dar en asuntos migratorios.<\/p>\n\n\n\n<figure class=\"wp-block-image size-large\"><img loading=\"lazy\" decoding=\"async\" width=\"640\" height=\"360\" src=\"http:\/\/primermomento.com\/wp-content\/uploads\/2016\/05\/corte-suprema-de-eeuu.jpg\" alt=\"\" class=\"wp-image-275872\" srcset=\"https:\/\/primermomento.com\/wp-content\/uploads\/2016\/05\/corte-suprema-de-eeuu.jpg 640w, https:\/\/primermomento.com\/wp-content\/uploads\/2016\/05\/corte-suprema-de-eeuu-300x169.jpg 300w, https:\/\/primermomento.com\/wp-content\/uploads\/2016\/05\/corte-suprema-de-eeuu-478x270.jpg 478w, https:\/\/primermomento.com\/wp-content\/uploads\/2016\/05\/corte-suprema-de-eeuu-500x281.jpg 500w, https:\/\/primermomento.com\/wp-content\/uploads\/2016\/05\/corte-suprema-de-eeuu-280x158.jpg 280w, https:\/\/primermomento.com\/wp-content\/uploads\/2016\/05\/corte-suprema-de-eeuu-638x359.jpg 638w, https:\/\/primermomento.com\/wp-content\/uploads\/2016\/05\/corte-suprema-de-eeuu-118x66.jpg 118w, https:\/\/primermomento.com\/wp-content\/uploads\/2016\/05\/corte-suprema-de-eeuu-479x269.jpg 479w\" sizes=\"auto, (max-width: 640px) 100vw, 640px\" \/><\/figure>\n\n\n\n<p>El periodista Ram\u00f3n Mercedes, presidente de PreCoHis, record\u00f3 que la Corte Suprema facilitar\u00e1 la deportaci\u00f3n de inmigrantes, aun con residencia y lleven mucho tiempo viviendo en territorio estadounidense, que hayan sido condenados aun por delitos menores.<\/p>\n\n\n\n<p>Antes del fallo del 4 de marzo pasado, las autoridades de inmigraci\u00f3n ten\u00edan la autoridad para deportar a un indocumentado o residente legal si estos solo hab\u00edan cometido un delito grave.<\/p>\n\n\n\n<p>Con la nueva medida los delitos menores tambi\u00e9n ameritan la expulsi\u00f3n del pa\u00eds, incluso si se cometieron hace a\u00f1os, sostiene el alto Tribunal.<\/p>\n\n\n\n<p>Mercedes, record\u00f3 que en la Gran Manzana figuran 170 delitos menores, entre ellos cr\u00edmenes de odio, agresi\u00f3n a un oficial de la ley, a bomberos, param\u00e9dicos, a los conductores de trenes y autobuses, amenazas y agresi\u00f3n contra un menor, delitos sexuales como violaci\u00f3n, patrocinio de la prostituci\u00f3n, promover o poseer pornograf\u00eda infantil, conducir borracho, y reporte falso de un incidente.<\/p>\n\n\n\n<p>Asimismo, acoso a un inquilino de renta regulada, poner en peligro el bienestar de una persona con discapacidad, posesi\u00f3n y venta criminal de un arma, el uso de fuegos artificiales en lugares prohibidos, incendio premeditado, robo, obstrucci\u00f3n de la justicia, manipulaci\u00f3n de un testigo, intimidaci\u00f3n, posesi\u00f3n y venta criminal de drogas il\u00edcitas, entre otras cosas.<\/p>\n\n\n\n<p>El periodista destac\u00f3 que ActionNYC brinda ayuda legal gratis a inmigrantes en la Gran Manzana, al tel\u00e9fono 800-354-0365, para cumplir con el distanciamiento f\u00edsico, de lunes a viernes de 9:00 de la ma\u00f1ana a 6:00 de la tarde. Adem\u00e1s, se puede llamar al 311 y decir \u00abActionNYC\u00bb y recibir\u00e1 asistencia.<\/p>\n\n\n\n<p class=\"has-text-align-right\"><em>Ram\u00f3n Mercedes<\/em><\/p>\n","protected":false},"excerpt":{"rendered":"<p>NUEVA YORK, EEUU.- Ante la decisi\u00f3n de la Corte Suprema de los Estados Unidos el pasado 4 de marzo,\u00a0 la entidad \u201cPrensa &amp; Comunidad Hispana\u201d (PreCoHis) hizo un llamado a los hispanos, principalmente a los dominicanos, consultar con un abogado experto en inmigraci\u00f3n ante cualquier paso que vayan a dar en asuntos migratorios. El periodista [&hellip;]<\/p>\n","protected":false},"author":1,"featured_media":0,"comment_status":"open","ping_status":"open","sticky":false,"template":"","format":"standard","meta":{"_bbp_topic_count":0,"_bbp_reply_count":0,"_bbp_total_topic_count":0,"_bbp_total_reply_count":0,"_bbp_voice_count":0,"_bbp_anonymous_reply_count":0,"_bbp_topic_count_hidden":0,"_bbp_reply_count_hidden":0,"_bbp_forum_subforum_count":0,"footnotes":""},"categories":[40,60],"tags":[],"class_list":{"0":"post-342768","1":"post","2":"type-post","3":"status-publish","4":"format-standard","6":"category-comunidad","7":"category-titulares-del-dia"},"_links":{"self":[{"href":"https:\/\/primermomento.com\/index.php?rest_route=\/wp\/v2\/posts\/342768","targetHints":{"allow":["GET"]}}],"collection":[{"href":"https:\/\/primermomento.com\/index.php?rest_route=\/wp\/v2\/posts"}],"about":[{"href":"https:\/\/primermomento.com\/index.php?rest_route=\/wp\/v2\/types\/post"}],"author":[{"embeddable":true,"href":"https:\/\/primermomento.com\/index.php?rest_route=\/wp\/v2\/users\/1"}],"replies":[{"embeddable":true,"href":"https:\/\/primermomento.com\/index.php?rest_route=%2Fwp%2Fv2%2Fcomments&post=342768"}],"version-history":[{"count":1,"href":"https:\/\/primermomento.com\/index.php?rest_route=\/wp\/v2\/posts\/342768\/revisions"}],"predecessor-version":[{"id":342769,"href":"https:\/\/primermomento.com\/index.php?rest_route=\/wp\/v2\/posts\/342768\/revisions\/342769"}],"wp:attachment":[{"href":"https:\/\/primermomento.com\/index.php?rest_route=%2Fwp%2Fv2%2Fmedia&parent=342768"}],"wp:term":[{"taxonomy":"category","embeddable":true,"href":"https:\/\/primermomento.com\/index.php?rest_route=%2Fwp%2Fv2%2Fcategories&post=342768"},{"taxonomy":"post_tag","embeddable":true,"href":"https:\/\/primermomento.com\/index.php?rest_route=%2Fwp%2Fv2%2Ftags&post=342768"}],"curies":[{"name":"wp","href":"https:\/\/api.w.org\/{rel}","templated":true}]}}