{"id":342917,"date":"2021-04-06T12:45:00","date_gmt":"2021-04-06T16:45:00","guid":{"rendered":"http:\/\/primermomento.com\/?p=342917"},"modified":"2021-04-06T14:50:25","modified_gmt":"2021-04-06T18:50:25","slug":"consules-llaman-a-participar-en-talleres-de-negocios","status":"publish","type":"post","link":"https:\/\/primermomento.com\/?p=342917","title":{"rendered":"C\u00f3nsules llaman a participar en talleres de negocios"},"content":{"rendered":"\n<p class=\"wp-block-paragraph\">NUEVA YORK, EEUU.- El comisionado del Departamento de Servicios a Peque\u00f1as Empresas de Nueva York y los cuatro c\u00f3nsules latinoamericanos destacan la importancia de los talleres de gerencia de negocios al tiempo que instan a sus connacionales a inscribirse, \u00a0participar y aprovechar los beneficios que los mismos ofrecen a la comunidad comercial en esta ciudad de Nueva York.<\/p>\n\n\n\n<figure class=\"wp-block-image size-large\"><img loading=\"lazy\" decoding=\"async\" width=\"600\" height=\"450\" src=\"http:\/\/primermomento.com\/wp-content\/uploads\/2020\/03\/nueva-york-coronavirus.jpg\" alt=\"\" class=\"wp-image-326664\" srcset=\"https:\/\/primermomento.com\/wp-content\/uploads\/2020\/03\/nueva-york-coronavirus.jpg 600w, https:\/\/primermomento.com\/wp-content\/uploads\/2020\/03\/nueva-york-coronavirus-300x225.jpg 300w, https:\/\/primermomento.com\/wp-content\/uploads\/2020\/03\/nueva-york-coronavirus-120x90.jpg 120w, https:\/\/primermomento.com\/wp-content\/uploads\/2020\/03\/nueva-york-coronavirus-500x375.jpg 500w, https:\/\/primermomento.com\/wp-content\/uploads\/2020\/03\/nueva-york-coronavirus-280x210.jpg 280w, https:\/\/primermomento.com\/wp-content\/uploads\/2020\/03\/nueva-york-coronavirus-118x89.jpg 118w, https:\/\/primermomento.com\/wp-content\/uploads\/2020\/03\/nueva-york-coronavirus-479x359.jpg 479w\" sizes=\"auto, (max-width: 600px) 100vw, 600px\" \/><\/figure>\n\n\n\n<p class=\"wp-block-paragraph\">En los talleres contaremos con la participaci\u00f3n con&nbsp;larga experiencia, entre los que destacan: bodegueros, trabajadores de salones de belleza, barber\u00edas, supermercados, tiendas diversas, as\u00ed como otros negocios de latinos establecidos en esta Ciudad.<\/p>\n\n\n\n<p class=\"wp-block-paragraph\">En ese sentido el C\u00f3nsul General de la Rep\u00fablica Dominicana en esta Ciudad,&nbsp;<strong>Eligio J\u00e1quez,&nbsp;<\/strong>formul\u00f3 un llamado&nbsp;a los dominicanos&nbsp;y dominicanas para que aprovechen la oportunidad y obtengan amplios conocimientos en el aspecto financiero, gerencial y de servicios al cliente en sus propios negocios.<\/p>\n\n\n\n<p class=\"wp-block-paragraph\">La C\u00f3nsul General del Per\u00fa en Nueva York, <strong>Marita Landaveri,<\/strong>&nbsp; espera que muchos de sus compatriotas se beneficien de estos m\u00f3dulos para emprendedores, ya sean peque\u00f1os o medianos empresarios o quienes quieren empezar a serlo.&nbsp; La informaci\u00f3n y orientaci\u00f3n que recibir\u00e1n podr\u00e1 lanzarlos a tener su propio negocio y contar con el apoyo y orientaci\u00f3n necesaria para concretarlo.<\/p>\n\n\n\n<p class=\"wp-block-paragraph\">Por su parte, el C\u00f3nsul General de M\u00e9xico en Nueva York, <strong>Jorge Islas,<\/strong> llam\u00f3 a sus connacionales para aprovechar esta gran oportunidad e inscribirse a la serie de talleres de la Coalici\u00f3n <strong>#LatinxNYCSiPodemos,<\/strong> para que puedan adquirir conocimientos y herramientas b\u00e1sicas para emprender un peque\u00f1o negocio o en su caso, desarrollarlo y potencializarlo, ante la imperiosa necesidad de que la Ciudad se recupere de las consecuencias econ\u00f3micas que ha dejado la pandemia.<\/p>\n\n\n\n<p class=\"wp-block-paragraph\">El C\u00f3nsul del Ecuador en Nueva York, Carlos Mart\u00ednez, invit\u00f3 a su comunidad a participar activamente en este ciclo de talleres, que tiene el objetivo de favorecer la necesaria recuperaci\u00f3n econ\u00f3mica de los peque\u00f1os emprendedores para hacer frente a la pandemia.<\/p>\n\n\n\n<p class=\"wp-block-paragraph\">El C\u00f3nsul Mart\u00ednez destac\u00f3 asimismo la importancia de la coalici\u00f3n #LatinxNYCSiPodemos, que junto con autoridades de NYC y los consulados latinoamericanos, se ha constituido en un espacio de apoyo muy positivo para la poblaci\u00f3n migrante en NY.<\/p>\n\n\n\n<p class=\"wp-block-paragraph\">\u201cSabemos que la recuperaci\u00f3n econ\u00f3mica de nuestra Ciudad depende en gran parte en la revitalizaci\u00f3n y la prosperidad de nuestras peque\u00f1as empresas, y por lo tanto en el apoyo que brindemos a nuestros emprendedores inmigrantes,\u201d dijo <strong>Jonnel Doris<\/strong>, Comisionado del Departamento de Servicios para Peque\u00f1as Empresas de la ciudad de Nueva York. \u00abSBS seguir\u00e1 proporcionando los recursos necesarios para apoyar a los emprendedores de la comunidad latinx y ayudarlos a salir adelante.\u201d<\/p>\n\n\n\n<p class=\"wp-block-paragraph\">\u00b7&nbsp;&nbsp;&nbsp;&nbsp; <strong>Taller 1: Los primeros pasos para empezar un negocio<\/strong>&nbsp;\u2013 8 de abril del 2021 a las 5pm \u2013&nbsp;<a href=\"https:\/\/www.eventbrite.com\/e\/primer-paso-para-comenzar-un-negocio-bx-40821-we-master-resiliencia-tickets-143182511747\" target=\"_blank\" rel=\"noreferrer noopener\">Registro&nbsp;<\/a><\/p>\n\n\n\n<p class=\"wp-block-paragraph\">\u00b7&nbsp;&nbsp;&nbsp;&nbsp; <strong>Taller 2: Crear una idea de negocio que funcione<\/strong>&nbsp;\u2013 15 de abril del 2021 a las 5pm \u2013&nbsp;<a href=\"https:\/\/www.eventbrite.com\/e\/crear-una-idea-de-negocio-que-funcionebx-41521we-master-resiliencia-tickets-143193494597\" target=\"_blank\" rel=\"noreferrer noopener\">Registro<\/a><\/p>\n\n\n\n<p class=\"wp-block-paragraph\">\u00b7&nbsp;&nbsp;&nbsp;&nbsp; <strong>Taller 3: Desarrollar Sus Operaciones De Negocios<\/strong>&nbsp;\u2013 22 de abril del 2021 a las 5pm \u2013&nbsp;<a href=\"https:\/\/www.eventbrite.com\/e\/desarrollar-sus-operaciones-de-negociosbx-42221we-master-resiliencia-tickets-143188662143\" target=\"_blank\" rel=\"noreferrer noopener\">Registro<\/a><\/p>\n\n\n\n<p class=\"wp-block-paragraph\">\u00b7&nbsp;&nbsp;&nbsp;&nbsp; <strong>Taller 4: Finanzas Empresariales 1: Como Comenzar<\/strong>&nbsp;\u2013 29 de abril del 2021 a las 5pm \u2013&nbsp;<a href=\"https:\/\/www.eventbrite.com\/e\/finanzas-empresariales-1-como-comenza-qns-42921we-master-resiliencia-tickets-144043854045\" target=\"_blank\" rel=\"noreferrer noopener\">Registro<\/a><\/p>\n\n\n\n<p class=\"wp-block-paragraph\">\u00b7&nbsp;&nbsp;&nbsp;&nbsp; <strong>Taller 5: Finanzas Empresariales 2: Planificar Para Ser Rentable<\/strong>&nbsp;\u2013 6 de mayo del 2021 a las 5pm \u2013&nbsp;<a href=\"https:\/\/www.eventbrite.com\/e\/finanzas-empresariales-2planifica-para-ser-rentablewe-master-resiliencia-tickets-144045888129\" target=\"_blank\" rel=\"noreferrer noopener\">Registro<\/a><\/p>\n\n\n\n<p class=\"wp-block-paragraph\">\u00b7&nbsp;&nbsp;&nbsp;&nbsp; <strong>Taller 6: Finanzas Personales (+ asesor\u00eda personalizada de cr\u00e9dito)<\/strong>&nbsp;\u2013 13 de mayo del 2021 a las 5pm \u2013&nbsp;<a href=\"https:\/\/www.eventbrite.com\/e\/we-nyc-taller-finanzas-personales-we-master-resiliencia-tickets-142985969885\" target=\"_blank\" rel=\"noreferrer noopener\">Registro<\/a><\/p>\n\n\n\n<p class=\"wp-block-paragraph\">\u00b7&nbsp;&nbsp;&nbsp;&nbsp; <strong>Taller 7: Fuentes Alternativas de Financiamiento<\/strong>&nbsp;\u2013 20 de mayo del 2021 a las 5pm \u2013&nbsp;<a href=\"https:\/\/www.eventbrite.com\/e\/142988850501\" target=\"_blank\" rel=\"noreferrer noopener\">Registro<\/a><\/p>\n\n\n\n<p class=\"wp-block-paragraph\">\u00b7&nbsp;&nbsp;&nbsp;&nbsp; <strong>Taller 8: Desarrolla tu Pitch (+ Asesor\u00eda personalizada con un experto que te ayudar\u00e1 a desarrollar tu pitch)<\/strong>&nbsp;\u2013 27 de mayo del 2021 a las 5pm \u2013&nbsp;<a href=\"https:\/\/www.eventbrite.com\/e\/desarrolla-tu-pitch-we-master-resiliencia-tickets-146496297369\" target=\"_blank\" rel=\"noreferrer noopener\">Registro<\/a><\/p>\n\n\n\n<p class=\"wp-block-paragraph\">\u00b7&nbsp;&nbsp;&nbsp;&nbsp; <strong>Taller 9: Mejores Pr\u00e1cticas para Comunicarse Mejor en Ingles y en Espa\u00f1ol<\/strong><strong>&nbsp;<\/strong>\u2013 3 de junio del 2021 a las 5pm \u2013&nbsp;<a href=\"https:\/\/www.eventbrite.com\/e\/mejores-practicas-para-comunicarse-mejor-en-ingles-y-en-espanol-tickets-146497958337\" target=\"_blank\" rel=\"noreferrer noopener\">Registro<\/a><\/p>\n\n\n\n<p class=\"wp-block-paragraph\">\u00b7&nbsp;&nbsp;&nbsp;&nbsp; <strong>Taller 10: Manos a la Obra! Practica tu Pitch (+ recibe consejos y sugerencias de nuestros expertos<\/strong>) \u2013 11 de junio del 2021 a las 5pm \u2013&nbsp;<a href=\"https:\/\/www.eventbrite.com\/e\/142991103239\" target=\"_blank\" rel=\"noreferrer noopener\">Registro<\/a><\/p>\n\n\n\n<p class=\"wp-block-paragraph\">\u00b7\u00a0\u00a0\u00a0\u00a0 \u00a0Para inscribirse los participantes solo tienen que marcar la palabra registro y de inmediato le facilita la opci\u00f3n, expresa una nota informativa del Departamento de Prensa y Comunicaciones del Consulado dominicano.<\/p>\n","protected":false},"excerpt":{"rendered":"<p>NUEVA YORK, EEUU.- El comisionado del Departamento de Servicios a Peque\u00f1as Empresas de Nueva York y los cuatro c\u00f3nsules latinoamericanos destacan la importancia de los talleres de gerencia de negocios al tiempo que instan a sus connacionales a inscribirse, \u00a0participar y aprovechar los beneficios que los mismos ofrecen a la comunidad comercial en esta ciudad [&hellip;]<\/p>\n","protected":false},"author":1,"featured_media":0,"comment_status":"open","ping_status":"open","sticky":false,"template":"","format":"standard","meta":{"_bbp_topic_count":0,"_bbp_reply_count":0,"_bbp_total_topic_count":0,"_bbp_total_reply_count":0,"_bbp_voice_count":0,"_bbp_anonymous_reply_count":0,"_bbp_topic_count_hidden":0,"_bbp_reply_count_hidden":0,"_bbp_forum_subforum_count":0,"footnotes":""},"categories":[35,60],"tags":[],"class_list":["post-342917","post","type-post","status-publish","format-standard","category-economia","category-titulares-del-dia"],"_links":{"self":[{"href":"https:\/\/primermomento.com\/index.php?rest_route=\/wp\/v2\/posts\/342917","targetHints":{"allow":["GET"]}}],"collection":[{"href":"https:\/\/primermomento.com\/index.php?rest_route=\/wp\/v2\/posts"}],"about":[{"href":"https:\/\/primermomento.com\/index.php?rest_route=\/wp\/v2\/types\/post"}],"author":[{"embeddable":true,"href":"https:\/\/primermomento.com\/index.php?rest_route=\/wp\/v2\/users\/1"}],"replies":[{"embeddable":true,"href":"https:\/\/primermomento.com\/index.php?rest_route=%2Fwp%2Fv2%2Fcomments&post=342917"}],"version-history":[{"count":1,"href":"https:\/\/primermomento.com\/index.php?rest_route=\/wp\/v2\/posts\/342917\/revisions"}],"predecessor-version":[{"id":342918,"href":"https:\/\/primermomento.com\/index.php?rest_route=\/wp\/v2\/posts\/342917\/revisions\/342918"}],"wp:attachment":[{"href":"https:\/\/primermomento.com\/index.php?rest_route=%2Fwp%2Fv2%2Fmedia&parent=342917"}],"wp:term":[{"taxonomy":"category","embeddable":true,"href":"https:\/\/primermomento.com\/index.php?rest_route=%2Fwp%2Fv2%2Fcategories&post=342917"},{"taxonomy":"post_tag","embeddable":true,"href":"https:\/\/primermomento.com\/index.php?rest_route=%2Fwp%2Fv2%2Ftags&post=342917"}],"curies":[{"name":"wp","href":"https:\/\/api.w.org\/{rel}","templated":true}]}}