{"id":342968,"date":"2021-04-07T05:24:00","date_gmt":"2021-04-07T09:24:00","guid":{"rendered":"http:\/\/primermomento.com\/?p=342968"},"modified":"2021-04-07T11:29:57","modified_gmt":"2021-04-07T15:29:57","slug":"concluye-con-exito-primera-muestra-microteatro-dominicano-en-comisionado-cultura","status":"publish","type":"post","link":"https:\/\/primermomento.com\/?p=342968","title":{"rendered":"Concluye con \u00e9xito primera muestra \u201cMicroteatro Dominicano\u201d en Comisionado Cultura"},"content":{"rendered":"\n<p>NUEVA YORK, EEUU.- Concluy\u00f3 con \u00e9xito en esta ciudad la primera muestra de \u201cMicroteatro Dominicano\u201d celebrada desde 23 de marzo al 4 de abril del presente a\u00f1o en el Comisionado Dominicano de Cultura en Estados Unidos, ubicado en el Alto Manhattan.<\/p>\n\n\n\n<figure class=\"wp-block-image size-large\"><img loading=\"lazy\" decoding=\"async\" width=\"629\" height=\"388\" src=\"http:\/\/primermomento.com\/wp-content\/uploads\/2021\/04\/Concluye-con-exito-primera-muestra-Microteatro-Dominicano-en-Comisionado-Cultura-EE.-UU..jpg\" alt=\"\" class=\"wp-image-342969\" srcset=\"https:\/\/primermomento.com\/wp-content\/uploads\/2021\/04\/Concluye-con-exito-primera-muestra-Microteatro-Dominicano-en-Comisionado-Cultura-EE.-UU..jpg 629w, https:\/\/primermomento.com\/wp-content\/uploads\/2021\/04\/Concluye-con-exito-primera-muestra-Microteatro-Dominicano-en-Comisionado-Cultura-EE.-UU.-300x185.jpg 300w, https:\/\/primermomento.com\/wp-content\/uploads\/2021\/04\/Concluye-con-exito-primera-muestra-Microteatro-Dominicano-en-Comisionado-Cultura-EE.-UU.-500x308.jpg 500w, https:\/\/primermomento.com\/wp-content\/uploads\/2021\/04\/Concluye-con-exito-primera-muestra-Microteatro-Dominicano-en-Comisionado-Cultura-EE.-UU.-280x173.jpg 280w, https:\/\/primermomento.com\/wp-content\/uploads\/2021\/04\/Concluye-con-exito-primera-muestra-Microteatro-Dominicano-en-Comisionado-Cultura-EE.-UU.-118x73.jpg 118w, https:\/\/primermomento.com\/wp-content\/uploads\/2021\/04\/Concluye-con-exito-primera-muestra-Microteatro-Dominicano-en-Comisionado-Cultura-EE.-UU.-479x295.jpg 479w\" sizes=\"auto, (max-width: 629px) 100vw, 629px\" \/><\/figure>\n\n\n\n<p>La clausura fue realizada en un acto privado en el sal\u00f3n Francisco Andr\u00e9s Requena, rindi\u00e9ndole homenaje p\u00f3stumo a la actriz y abogada Irka Tanya Payan, a quien le fue dedicada la muestra de teatro.<\/p>\n\n\n\n<p>Asimismo, fue presentado el teatro de planta que llevar\u00e1 el nombre de la actriz, en honor a su vida y trayectoria.<\/p>\n\n\n\n<p>En representaci\u00f3n de la Comisionada Lourdes Batista hizo uso de la palabra Providencia Rossi, su asistente, expresando que el arte y la cultura siempre han sido una catarsis para los pueblos en los momentos dif\u00edciles y este es un tiempo dif\u00edcil para la humanidad.<\/p>\n\n\n\n<p>A\u00f1adi\u00f3, \u201custedes en medio de la pandemia han dado un rotundo apoyo a esta iniciativa\u00bb, precis\u00f3 Rossi.<\/p>\n\n\n\n<p>En el acto se hizo entrega de un certificado de reconocimiento a las 17 compa\u00f1\u00edas teatrales participantes.<\/p>\n\n\n\n<p>Hicieron uso de la palabra, la hermana de la fenecida artista y actriz, Mayra Payan, quien expres\u00f3 en nombre de la familia su agradecimiento. Adem\u00e1s, Jos\u00e9 Bonilla, director del departamento de teatro del Comisionado, para destacar la importancia de la actividad.<\/p>\n\n\n\n<p>Durante los 15 d\u00edas que se desarroll\u00f3 el evento, con un margen de asistencia semipresencial, la comunidad latinoamericana residente en la Gran Manzana dijo presente.<\/p>\n\n\n\n<p>Para ver los detalles del evento ingresar a: <a rel=\"noreferrer noopener\" href=\"http:\/\/www.codocul.com\/\" target=\"_blank\">www.codocul.com<\/a> en la sesi\u00f3n Dependencias\/Teatro o ir a la p\u00e1gina oficial de Facebook del Comisionado.<\/p>\n\n\n\n<p class=\"has-text-align-right\"><em>Ram\u00f3n Mercedes<\/em><\/p>\n","protected":false},"excerpt":{"rendered":"<p>NUEVA YORK, EEUU.- Concluy\u00f3 con \u00e9xito en esta ciudad la primera muestra de \u201cMicroteatro Dominicano\u201d celebrada desde 23 de marzo al 4 de abril del presente a\u00f1o en el Comisionado Dominicano de Cultura en Estados Unidos, ubicado en el Alto Manhattan. La clausura fue realizada en un acto privado en el sal\u00f3n Francisco Andr\u00e9s Requena, [&hellip;]<\/p>\n","protected":false},"author":1,"featured_media":0,"comment_status":"open","ping_status":"open","sticky":false,"template":"","format":"standard","meta":{"_bbp_topic_count":0,"_bbp_reply_count":0,"_bbp_total_topic_count":0,"_bbp_total_reply_count":0,"_bbp_voice_count":0,"_bbp_anonymous_reply_count":0,"_bbp_topic_count_hidden":0,"_bbp_reply_count_hidden":0,"_bbp_forum_subforum_count":0,"footnotes":""},"categories":[40,60],"tags":[],"class_list":{"0":"post-342968","1":"post","2":"type-post","3":"status-publish","4":"format-standard","6":"category-comunidad","7":"category-titulares-del-dia"},"_links":{"self":[{"href":"https:\/\/primermomento.com\/index.php?rest_route=\/wp\/v2\/posts\/342968","targetHints":{"allow":["GET"]}}],"collection":[{"href":"https:\/\/primermomento.com\/index.php?rest_route=\/wp\/v2\/posts"}],"about":[{"href":"https:\/\/primermomento.com\/index.php?rest_route=\/wp\/v2\/types\/post"}],"author":[{"embeddable":true,"href":"https:\/\/primermomento.com\/index.php?rest_route=\/wp\/v2\/users\/1"}],"replies":[{"embeddable":true,"href":"https:\/\/primermomento.com\/index.php?rest_route=%2Fwp%2Fv2%2Fcomments&post=342968"}],"version-history":[{"count":1,"href":"https:\/\/primermomento.com\/index.php?rest_route=\/wp\/v2\/posts\/342968\/revisions"}],"predecessor-version":[{"id":342970,"href":"https:\/\/primermomento.com\/index.php?rest_route=\/wp\/v2\/posts\/342968\/revisions\/342970"}],"wp:attachment":[{"href":"https:\/\/primermomento.com\/index.php?rest_route=%2Fwp%2Fv2%2Fmedia&parent=342968"}],"wp:term":[{"taxonomy":"category","embeddable":true,"href":"https:\/\/primermomento.com\/index.php?rest_route=%2Fwp%2Fv2%2Fcategories&post=342968"},{"taxonomy":"post_tag","embeddable":true,"href":"https:\/\/primermomento.com\/index.php?rest_route=%2Fwp%2Fv2%2Ftags&post=342968"}],"curies":[{"name":"wp","href":"https:\/\/api.w.org\/{rel}","templated":true}]}}