{"id":343030,"date":"2021-04-09T07:07:00","date_gmt":"2021-04-09T11:07:00","guid":{"rendered":"http:\/\/primermomento.com\/?p=343030"},"modified":"2021-04-09T15:11:37","modified_gmt":"2021-04-09T19:11:37","slug":"dominicanos-indocumentados-se-beneficiaran-del-presupuesto-estatal","status":"publish","type":"post","link":"https:\/\/primermomento.com\/?p=343030","title":{"rendered":"Dominicanos indocumentados se beneficiar\u00e1n del presupuesto estatal"},"content":{"rendered":"\n<p>NUEVA YORK, EEUU.- Miles de dominicanos indocumentados residentes en este estado, principalmente en la Gran Manzana, se beneficiar\u00e1n de los 2,100 millones de d\u00f3lares aprobados en el presupuesto estatal este martes, destinados a paliar los efectos econ\u00f3micos dejados por el Covid-19 a \u00a0los trabajadores excluidos, o m\u00e1s bien a los indocumentados.<\/p>\n\n\n\n<figure class=\"wp-block-image size-large\"><img loading=\"lazy\" decoding=\"async\" width=\"572\" height=\"321\" src=\"http:\/\/primermomento.com\/wp-content\/uploads\/2019\/10\/Muertes-tr\u00e1gicas-de-dominicanos-en-NY-enl\u00fatese-comunidad.jpg\" alt=\"\" class=\"wp-image-322007\" srcset=\"https:\/\/primermomento.com\/wp-content\/uploads\/2019\/10\/Muertes-tr\u00e1gicas-de-dominicanos-en-NY-enl\u00fatese-comunidad.jpg 572w, https:\/\/primermomento.com\/wp-content\/uploads\/2019\/10\/Muertes-tr\u00e1gicas-de-dominicanos-en-NY-enl\u00fatese-comunidad-300x168.jpg 300w, https:\/\/primermomento.com\/wp-content\/uploads\/2019\/10\/Muertes-tr\u00e1gicas-de-dominicanos-en-NY-enl\u00fatese-comunidad-216x120.jpg 216w, https:\/\/primermomento.com\/wp-content\/uploads\/2019\/10\/Muertes-tr\u00e1gicas-de-dominicanos-en-NY-enl\u00fatese-comunidad-500x281.jpg 500w, https:\/\/primermomento.com\/wp-content\/uploads\/2019\/10\/Muertes-tr\u00e1gicas-de-dominicanos-en-NY-enl\u00fatese-comunidad-280x157.jpg 280w, https:\/\/primermomento.com\/wp-content\/uploads\/2019\/10\/Muertes-tr\u00e1gicas-de-dominicanos-en-NY-enl\u00fatese-comunidad-118x66.jpg 118w, https:\/\/primermomento.com\/wp-content\/uploads\/2019\/10\/Muertes-tr\u00e1gicas-de-dominicanos-en-NY-enl\u00fatese-comunidad-479x269.jpg 479w\" sizes=\"auto, (max-width: 572px) 100vw, 572px\" \/><\/figure>\n\n\n\n<p>Actualmente hay decenas de miles de quisqueyanos con estatus irregular que laboran en diferentes \u00e1reas en el estado de New York.<\/p>\n\n\n\n<p>Los indocumentados impactados por la pandemia no calificaron para recibir los beneficios por desempleo o alguna de las ayudas econ\u00f3micas del gobierno federal.<\/p>\n\n\n\n<p>Con la aprobaci\u00f3n de este \u201cfondo de ayuda\u201d las personas que cumplan el criterio podr\u00edan recibir 15 mil 600 d\u00f3lares (equivalente a 904 mil 800 pesos dominicanos) o $3,200 (equivalente a RD$185 mil 600) en beneficios del Gobierno estatal.<\/p>\n\n\n\n<p>Los trabajadores deben de haber declarado impuestos ante el IRS en los \u00faltimos tres a\u00f1os con un n\u00famero v\u00e1lido de identificaci\u00f3n (ITIN) para recibir la suma mayor, si no tienen esos documentos entonces califican para la suma menor, pero tienen que probar su identidad, residencia y lugar de trabajo, advierten los asamble\u00edstas.<\/p>\n\n\n\n<p>El presupuesto de NY para el a\u00f1o fiscal 2022 ser\u00e1 de 212 mil millones de d\u00f3lares. De eso 29,500 millones ser\u00e1n en ayudas a las escuelas.<\/p>\n\n\n\n<p>Asimismo, 29,000 millones se destinar\u00e1n en inversiones p\u00fablicas y privadas en econom\u00eda verde; 2,400 millones para ayudas al alquiler y a los propietarios de viviendas.<\/p>\n\n\n\n<p>Otros 2,400 millones para el cuidado de los ni\u00f1os; 1,000 millones para la recuperaci\u00f3n de peque\u00f1as empresas; legalizaci\u00f3n de las apuestas deportivas m\u00f3viles; e implementar reformas integrales en las residencias de ancianos.<\/p>\n\n\n\n<p class=\"has-text-align-right\"><em>Ram\u00f3n Mercedes<\/em><\/p>\n","protected":false},"excerpt":{"rendered":"<p>NUEVA YORK, EEUU.- Miles de dominicanos indocumentados residentes en este estado, principalmente en la Gran Manzana, se beneficiar\u00e1n de los 2,100 millones de d\u00f3lares aprobados en el presupuesto estatal este martes, destinados a paliar los efectos econ\u00f3micos dejados por el Covid-19 a \u00a0los trabajadores excluidos, o m\u00e1s bien a los indocumentados. Actualmente hay decenas de [&hellip;]<\/p>\n","protected":false},"author":1,"featured_media":0,"comment_status":"open","ping_status":"open","sticky":false,"template":"","format":"standard","meta":{"_bbp_topic_count":0,"_bbp_reply_count":0,"_bbp_total_topic_count":0,"_bbp_total_reply_count":0,"_bbp_voice_count":0,"_bbp_anonymous_reply_count":0,"_bbp_topic_count_hidden":0,"_bbp_reply_count_hidden":0,"_bbp_forum_subforum_count":0,"footnotes":""},"categories":[40,60],"tags":[],"class_list":{"0":"post-343030","1":"post","2":"type-post","3":"status-publish","4":"format-standard","6":"category-comunidad","7":"category-titulares-del-dia"},"_links":{"self":[{"href":"https:\/\/primermomento.com\/index.php?rest_route=\/wp\/v2\/posts\/343030","targetHints":{"allow":["GET"]}}],"collection":[{"href":"https:\/\/primermomento.com\/index.php?rest_route=\/wp\/v2\/posts"}],"about":[{"href":"https:\/\/primermomento.com\/index.php?rest_route=\/wp\/v2\/types\/post"}],"author":[{"embeddable":true,"href":"https:\/\/primermomento.com\/index.php?rest_route=\/wp\/v2\/users\/1"}],"replies":[{"embeddable":true,"href":"https:\/\/primermomento.com\/index.php?rest_route=%2Fwp%2Fv2%2Fcomments&post=343030"}],"version-history":[{"count":1,"href":"https:\/\/primermomento.com\/index.php?rest_route=\/wp\/v2\/posts\/343030\/revisions"}],"predecessor-version":[{"id":343031,"href":"https:\/\/primermomento.com\/index.php?rest_route=\/wp\/v2\/posts\/343030\/revisions\/343031"}],"wp:attachment":[{"href":"https:\/\/primermomento.com\/index.php?rest_route=%2Fwp%2Fv2%2Fmedia&parent=343030"}],"wp:term":[{"taxonomy":"category","embeddable":true,"href":"https:\/\/primermomento.com\/index.php?rest_route=%2Fwp%2Fv2%2Fcategories&post=343030"},{"taxonomy":"post_tag","embeddable":true,"href":"https:\/\/primermomento.com\/index.php?rest_route=%2Fwp%2Fv2%2Ftags&post=343030"}],"curies":[{"name":"wp","href":"https:\/\/api.w.org\/{rel}","templated":true}]}}