{"id":343116,"date":"2021-04-11T01:21:00","date_gmt":"2021-04-11T05:21:00","guid":{"rendered":"http:\/\/primermomento.com\/?p=343116"},"modified":"2021-04-11T18:32:17","modified_gmt":"2021-04-11T22:32:17","slug":"paliza-pondera-encuentros-comunitarios-del-presidente-abinader","status":"publish","type":"post","link":"https:\/\/primermomento.com\/?p=343116","title":{"rendered":"Paliza pondera encuentros comunitarios del presidente Abinader"},"content":{"rendered":"\n<p>SANTO DOMINGO, Rep\u00fablica Dominicana.- El ministro Administrativo de la Presidencia, Jos\u00e9 Ignacio Paliza, asegur\u00f3 que el presidente de la Rep\u00fablica, Luis Abinader, ha estructurado un modelo de gobierno abierto al di\u00e1logo y dispuesto a escuchar a los l\u00edderes y dirigentes comunitarios.<\/p>\n\n\n\n<figure class=\"wp-block-image size-large\"><img loading=\"lazy\" decoding=\"async\" width=\"1024\" height=\"576\" src=\"http:\/\/primermomento.com\/wp-content\/uploads\/2021\/04\/Paliza-y-comunitarios-1024x576.jpeg\" alt=\"\" class=\"wp-image-343117\" srcset=\"https:\/\/primermomento.com\/wp-content\/uploads\/2021\/04\/Paliza-y-comunitarios-1024x576.jpeg 1024w, https:\/\/primermomento.com\/wp-content\/uploads\/2021\/04\/Paliza-y-comunitarios-300x169.jpeg 300w, https:\/\/primermomento.com\/wp-content\/uploads\/2021\/04\/Paliza-y-comunitarios-768x432.jpeg 768w, https:\/\/primermomento.com\/wp-content\/uploads\/2021\/04\/Paliza-y-comunitarios-478x270.jpeg 478w, https:\/\/primermomento.com\/wp-content\/uploads\/2021\/04\/Paliza-y-comunitarios-500x281.jpeg 500w, https:\/\/primermomento.com\/wp-content\/uploads\/2021\/04\/Paliza-y-comunitarios-280x157.jpeg 280w, https:\/\/primermomento.com\/wp-content\/uploads\/2021\/04\/Paliza-y-comunitarios-638x359.jpeg 638w, https:\/\/primermomento.com\/wp-content\/uploads\/2021\/04\/Paliza-y-comunitarios-118x66.jpeg 118w, https:\/\/primermomento.com\/wp-content\/uploads\/2021\/04\/Paliza-y-comunitarios-479x269.jpeg 479w, https:\/\/primermomento.com\/wp-content\/uploads\/2021\/04\/Paliza-y-comunitarios.jpeg 1300w\" sizes=\"auto, (max-width: 1024px) 100vw, 1024px\" \/><\/figure>\n\n\n\n<p>As\u00ed mismo, el tambi\u00e9n presidente del Partido Revolucionario Moderno (PRM), dijo que es de inter\u00e9s del gobernante buscar soluci\u00f3n, junto a su gabinete, de los principales problemas de las comunidades.<\/p>\n\n\n\n<p>El funcionario se refiri\u00f3 a las reuniones que el jefe del Estado viene celebrando dentro y fuera del Palacio Nacional, con las juntas de vecinos y dem\u00e1s grupos sociales de los barrios y comunidades a nivel nacional; resaltando que el \u00fanico objetivo de estas reuniones es buscar las soluciones m\u00e1s viables a sus demandas.<\/p>\n\n\n\n<p>Precisamente este domingo, el jefe del Estado, acompa\u00f1ado de varios funcionarios, encabez\u00f3 en Villa Mella una reuni\u00f3n con juntas de vecinos del municipio Santo Domingo Norte.<\/p>\n\n\n\n<p>En esta reuni\u00f3n representantes de las juntas de vecinos y de asociaciones comunitarias plantearon las principales necesidades de sus zonas, recibiendo respuestas directas de soluciones por parte del mandatario.<\/p>\n\n\n\n<p>Paliza asegura que con estos encuentros el Gobierno ofrece al pa\u00eds una clara se\u00f1al de su inter\u00e9s en buscar soluciones concertadas y sin imposici\u00f3n a los problemas nacionales, y dijo que m\u00e1s que nadie sus genuinos representantes son los m\u00e1s id\u00f3neos para hacer los reclamos y las gestiones necesarias.<\/p>\n\n\n\n<p>Agreg\u00f3 que a trav\u00e9s de estos encuentros se han identificado decenas de soluciones a problemas peque\u00f1os y grandes que afectaban o limitaban la convivencia pac\u00edfica y condiciones de vida de varias comunidades, entre las que cit\u00f3 San Pedro de Macor\u00eds, La Romana, Santiago, Hig\u00fcey, San Crist\u00f3bal, Puerto Plata y los municipios de la provincia Santo Domingo.<\/p>\n\n\n\n<p>Abinader lleg\u00f3 al polideportivo de Sabana Perdida acompa\u00f1ado de la vicepresidenta de la Rep\u00fablica, Raquel Pe\u00f1a, los ministros Administrativo de la Presidencia, Jos\u00e9 Ignacio Paliza; de Obras P\u00fablicas, Deligne Asenci\u00f3n, el director del Servicio Nacional de Salud, Mario Lama y el director de Impuestos Internos, Luis Valdez, entre otros funcionarios.<\/p>\n","protected":false},"excerpt":{"rendered":"<p>SANTO DOMINGO, Rep\u00fablica Dominicana.- El ministro Administrativo de la Presidencia, Jos\u00e9 Ignacio Paliza, asegur\u00f3 que el presidente de la Rep\u00fablica, Luis Abinader, ha estructurado un modelo de gobierno abierto al di\u00e1logo y dispuesto a escuchar a los l\u00edderes y dirigentes comunitarios. As\u00ed mismo, el tambi\u00e9n presidente del Partido Revolucionario Moderno (PRM), dijo que es de [&hellip;]<\/p>\n","protected":false},"author":1,"featured_media":0,"comment_status":"open","ping_status":"open","sticky":false,"template":"","format":"standard","meta":{"_bbp_topic_count":0,"_bbp_reply_count":0,"_bbp_total_topic_count":0,"_bbp_total_reply_count":0,"_bbp_voice_count":0,"_bbp_anonymous_reply_count":0,"_bbp_topic_count_hidden":0,"_bbp_reply_count_hidden":0,"_bbp_forum_subforum_count":0,"footnotes":""},"categories":[40,60],"tags":[],"class_list":{"0":"post-343116","1":"post","2":"type-post","3":"status-publish","4":"format-standard","6":"category-comunidad","7":"category-titulares-del-dia"},"_links":{"self":[{"href":"https:\/\/primermomento.com\/index.php?rest_route=\/wp\/v2\/posts\/343116","targetHints":{"allow":["GET"]}}],"collection":[{"href":"https:\/\/primermomento.com\/index.php?rest_route=\/wp\/v2\/posts"}],"about":[{"href":"https:\/\/primermomento.com\/index.php?rest_route=\/wp\/v2\/types\/post"}],"author":[{"embeddable":true,"href":"https:\/\/primermomento.com\/index.php?rest_route=\/wp\/v2\/users\/1"}],"replies":[{"embeddable":true,"href":"https:\/\/primermomento.com\/index.php?rest_route=%2Fwp%2Fv2%2Fcomments&post=343116"}],"version-history":[{"count":1,"href":"https:\/\/primermomento.com\/index.php?rest_route=\/wp\/v2\/posts\/343116\/revisions"}],"predecessor-version":[{"id":343118,"href":"https:\/\/primermomento.com\/index.php?rest_route=\/wp\/v2\/posts\/343116\/revisions\/343118"}],"wp:attachment":[{"href":"https:\/\/primermomento.com\/index.php?rest_route=%2Fwp%2Fv2%2Fmedia&parent=343116"}],"wp:term":[{"taxonomy":"category","embeddable":true,"href":"https:\/\/primermomento.com\/index.php?rest_route=%2Fwp%2Fv2%2Fcategories&post=343116"},{"taxonomy":"post_tag","embeddable":true,"href":"https:\/\/primermomento.com\/index.php?rest_route=%2Fwp%2Fv2%2Ftags&post=343116"}],"curies":[{"name":"wp","href":"https:\/\/api.w.org\/{rel}","templated":true}]}}