{"id":343182,"date":"2021-04-13T09:17:00","date_gmt":"2021-04-13T13:17:00","guid":{"rendered":"http:\/\/primermomento.com\/?p=343182"},"modified":"2021-04-13T12:24:03","modified_gmt":"2021-04-13T16:24:03","slug":"cibao-meat-ofrece-gala-a-decenas-periodistas-en-su-dia-en-ny","status":"publish","type":"post","link":"https:\/\/primermomento.com\/?p=343182","title":{"rendered":"Cibao Meat ofrece gala a decenas periodistas en su d\u00eda en NY"},"content":{"rendered":"\n<p>NUEVA YORK, EEUU.- La prestigiosa empresa c\u00e1rnica, de capital dominicano en Estados Unidos, Cibao Meat Products, ofreci\u00f3 el pasado fin de semana su tradicional gala a decenas de periodistas de esta ciudad y Nueva Jersey, con motivo del \u201cD\u00eda del Periodista\u201d.<\/p>\n\n\n\n<figure class=\"wp-block-image size-large\"><img loading=\"lazy\" decoding=\"async\" width=\"654\" height=\"209\" src=\"http:\/\/primermomento.com\/wp-content\/uploads\/2021\/04\/Empresa-RD-en-NY-ofrece-gala-a-decenas-periodistas-durante-su-dia-...jpg\" alt=\"\" class=\"wp-image-343183\" srcset=\"https:\/\/primermomento.com\/wp-content\/uploads\/2021\/04\/Empresa-RD-en-NY-ofrece-gala-a-decenas-periodistas-durante-su-dia-...jpg 654w, https:\/\/primermomento.com\/wp-content\/uploads\/2021\/04\/Empresa-RD-en-NY-ofrece-gala-a-decenas-periodistas-durante-su-dia-..-300x96.jpg 300w, https:\/\/primermomento.com\/wp-content\/uploads\/2021\/04\/Empresa-RD-en-NY-ofrece-gala-a-decenas-periodistas-durante-su-dia-..-500x160.jpg 500w, https:\/\/primermomento.com\/wp-content\/uploads\/2021\/04\/Empresa-RD-en-NY-ofrece-gala-a-decenas-periodistas-durante-su-dia-..-280x89.jpg 280w, https:\/\/primermomento.com\/wp-content\/uploads\/2021\/04\/Empresa-RD-en-NY-ofrece-gala-a-decenas-periodistas-durante-su-dia-..-638x204.jpg 638w, https:\/\/primermomento.com\/wp-content\/uploads\/2021\/04\/Empresa-RD-en-NY-ofrece-gala-a-decenas-periodistas-durante-su-dia-..-118x38.jpg 118w, https:\/\/primermomento.com\/wp-content\/uploads\/2021\/04\/Empresa-RD-en-NY-ofrece-gala-a-decenas-periodistas-durante-su-dia-..-479x153.jpg 479w\" sizes=\"auto, (max-width: 654px) 100vw, 654px\" \/><\/figure>\n\n\n\n<p>La presidenta de la empresa, Lutzi Vieluf Isidor, y el gerente general, Julio Isidor, valoraron el trabajo desarrollado por los hombres y mujeres de los medios de comunicaci\u00f3n, que sin dicha labor la comunidad dominicana en el exterior estuviera desinformada, coincidieron en expresar.<\/p>\n\n\n\n<p>El c\u00f3nsul dominicano, Eligio J\u00e1quez, estuvo como invitado especial en la actividad que se llev\u00f3 a cabo en los exclusivos salones de Beverly Hills Manor, ubicado en el 1700 de la avenida Jerome, en El Bronx.<\/p>\n\n\n\n<p>Este a\u00f1o, los ejecutivos de la compa\u00f1\u00eda entregaron el premio \u201cOrgullo Dominicano\u201d a la periodista Birmania R\u00edos, distinci\u00f3n que otorga anualmente la instituci\u00f3n en reconocimiento a la trayectoria de un comunicador seleccionado.<\/p>\n\n\n\n<p>R\u00edos recibi\u00f3 el premio de manos de la presidenta y el gerente general de la empresa, en presencia de Jaline Horta Isidor, directora de mercadeo, \u00c1ngel Fern\u00e1ndez gerente de ventas y Lissette Montol\u00edo, presidenta de Acroarte-NY.<\/p>\n\n\n\n<p>Durante la actividad se&nbsp;rindi\u00f3 homenaje p\u00f3stumo a los reci\u00e9n fallecidos comunicadores Chino Estrella y Ram\u00f3n An\u00edbal Ramos, encabezando dichos tributos sus esposas, Ana Ramos y Bernarda Estrella.<\/p>\n\n\n\n<p>Asimismo, al artista Jose\u00edto Mateo en su 101 aniversario de su natalicio, presentando en pantalla gigante algunas de las trayectorias de los tres homenajeados.<\/p>\n\n\n\n<p>Como maestro de ceremonia fungi\u00f3 Roberto Ger\u00f3nimo. Los presentes disfrutaron de un suculento bufet, bebidas variadas y la animaci\u00f3n bailable de una orquesta, adem\u00e1s de recibir regalos de parte de la compa\u00f1\u00eda.<\/p>\n\n\n\n<p class=\"has-text-align-right\"><em>Ram\u00f3n Mercedes<\/em><\/p>\n","protected":false},"excerpt":{"rendered":"<p>NUEVA YORK, EEUU.- La prestigiosa empresa c\u00e1rnica, de capital dominicano en Estados Unidos, Cibao Meat Products, ofreci\u00f3 el pasado fin de semana su tradicional gala a decenas de periodistas de esta ciudad y Nueva Jersey, con motivo del \u201cD\u00eda del Periodista\u201d. La presidenta de la empresa, Lutzi Vieluf Isidor, y el gerente general, Julio Isidor, [&hellip;]<\/p>\n","protected":false},"author":1,"featured_media":0,"comment_status":"open","ping_status":"open","sticky":false,"template":"","format":"standard","meta":{"_bbp_topic_count":0,"_bbp_reply_count":0,"_bbp_total_topic_count":0,"_bbp_total_reply_count":0,"_bbp_voice_count":0,"_bbp_anonymous_reply_count":0,"_bbp_topic_count_hidden":0,"_bbp_reply_count_hidden":0,"_bbp_forum_subforum_count":0,"footnotes":""},"categories":[40,60],"tags":[],"class_list":{"0":"post-343182","1":"post","2":"type-post","3":"status-publish","4":"format-standard","6":"category-comunidad","7":"category-titulares-del-dia"},"_links":{"self":[{"href":"https:\/\/primermomento.com\/index.php?rest_route=\/wp\/v2\/posts\/343182","targetHints":{"allow":["GET"]}}],"collection":[{"href":"https:\/\/primermomento.com\/index.php?rest_route=\/wp\/v2\/posts"}],"about":[{"href":"https:\/\/primermomento.com\/index.php?rest_route=\/wp\/v2\/types\/post"}],"author":[{"embeddable":true,"href":"https:\/\/primermomento.com\/index.php?rest_route=\/wp\/v2\/users\/1"}],"replies":[{"embeddable":true,"href":"https:\/\/primermomento.com\/index.php?rest_route=%2Fwp%2Fv2%2Fcomments&post=343182"}],"version-history":[{"count":1,"href":"https:\/\/primermomento.com\/index.php?rest_route=\/wp\/v2\/posts\/343182\/revisions"}],"predecessor-version":[{"id":343184,"href":"https:\/\/primermomento.com\/index.php?rest_route=\/wp\/v2\/posts\/343182\/revisions\/343184"}],"wp:attachment":[{"href":"https:\/\/primermomento.com\/index.php?rest_route=%2Fwp%2Fv2%2Fmedia&parent=343182"}],"wp:term":[{"taxonomy":"category","embeddable":true,"href":"https:\/\/primermomento.com\/index.php?rest_route=%2Fwp%2Fv2%2Fcategories&post=343182"},{"taxonomy":"post_tag","embeddable":true,"href":"https:\/\/primermomento.com\/index.php?rest_route=%2Fwp%2Fv2%2Ftags&post=343182"}],"curies":[{"name":"wp","href":"https:\/\/api.w.org\/{rel}","templated":true}]}}