{"id":343288,"date":"2021-04-15T10:33:02","date_gmt":"2021-04-15T14:33:02","guid":{"rendered":"http:\/\/primermomento.com\/?p=343288"},"modified":"2021-04-15T10:33:03","modified_gmt":"2021-04-15T14:33:03","slug":"espaillat-anuncia-fondos-limitados-del-congreso-a-los-comunitarios","status":"publish","type":"post","link":"https:\/\/primermomento.com\/?p=343288","title":{"rendered":"Espaillat anuncia fondos limitados del Congreso a los comunitarios"},"content":{"rendered":"\n<p>NUEVA YORK, EEUU.- El congresista Adriano Espaillat (NY-13) anunci\u00f3 la disponibilidad limitada de fondos federales a trav\u00e9s del proceso anual de asignaciones federales para proyectos comunitarios locales.<\/p>\n\n\n\n<div class=\"wp-block-image\"><figure class=\"aligncenter size-large\"><img loading=\"lazy\" decoding=\"async\" width=\"703\" height=\"469\" src=\"http:\/\/primermomento.com\/wp-content\/uploads\/2021\/04\/Espaillat-anuncia-fondos-limitados-del-Congreso-para-proyectos-comunitarios-1.jpg\" alt=\"\" class=\"wp-image-343290\" srcset=\"https:\/\/primermomento.com\/wp-content\/uploads\/2021\/04\/Espaillat-anuncia-fondos-limitados-del-Congreso-para-proyectos-comunitarios-1.jpg 703w, https:\/\/primermomento.com\/wp-content\/uploads\/2021\/04\/Espaillat-anuncia-fondos-limitados-del-Congreso-para-proyectos-comunitarios-1-300x200.jpg 300w, https:\/\/primermomento.com\/wp-content\/uploads\/2021\/04\/Espaillat-anuncia-fondos-limitados-del-Congreso-para-proyectos-comunitarios-1-73x50.jpg 73w, https:\/\/primermomento.com\/wp-content\/uploads\/2021\/04\/Espaillat-anuncia-fondos-limitados-del-Congreso-para-proyectos-comunitarios-1-500x334.jpg 500w, https:\/\/primermomento.com\/wp-content\/uploads\/2021\/04\/Espaillat-anuncia-fondos-limitados-del-Congreso-para-proyectos-comunitarios-1-280x187.jpg 280w, https:\/\/primermomento.com\/wp-content\/uploads\/2021\/04\/Espaillat-anuncia-fondos-limitados-del-Congreso-para-proyectos-comunitarios-1-60x40.jpg 60w, https:\/\/primermomento.com\/wp-content\/uploads\/2021\/04\/Espaillat-anuncia-fondos-limitados-del-Congreso-para-proyectos-comunitarios-1-638x426.jpg 638w, https:\/\/primermomento.com\/wp-content\/uploads\/2021\/04\/Espaillat-anuncia-fondos-limitados-del-Congreso-para-proyectos-comunitarios-1-118x79.jpg 118w, https:\/\/primermomento.com\/wp-content\/uploads\/2021\/04\/Espaillat-anuncia-fondos-limitados-del-Congreso-para-proyectos-comunitarios-1-479x320.jpg 479w\" sizes=\"auto, (max-width: 703px) 100vw, 703px\" \/><\/figure><\/div>\n\n\n\n<p>\u201cComo miembro del poderoso Comit\u00e9 de Apropiaciones y representante de nuestra comunidad en el Congreso, lucho arduamente para asegurarme de que obtengamos nuestra parte justa de los fondos federales\u201d, dijo.<\/p>\n\n\n\n<p>\u00abAhora que el Comit\u00e9 de Apropiaciones de la C\u00e1mara aceptar\u00e1 solicitudes limitadas de Financiamiento para Proyectos Comunitarios, espero luchar por recursos m\u00e1s espec\u00edficos para nuestro distrito\u201d.<\/p>\n\n\n\n<p>Asimismo, aliento a los grupos y l\u00edderes comunitarios a trabajar con mi personal para determinar si los proyectos propuestos pueden ser elegibles\u00bb.<\/p>\n\n\n\n<p>El \u201cFinanciamiento de Proyectos Comunitarios\u201d ser\u00e1 m\u00e1s restringido que el Financiamiento Discrecional del Concejo de la Ciudad de NY, o el \u201cMember Item Program\u201d de la Legislatura del Estado de NY, pero brindar\u00e1 a cada miembro del Congreso poder realizar solicitudes para financiar proyectos espec\u00edficos en sus distritos.<\/p>\n\n\n\n<p>Los fondos solo se pueden solicitar para una agencia gubernamental o entidad sin fines de lucro. Las solicitudes deben divulgarse en el sitio web oficial de la C\u00e1mara y no pueden dirigirse a una entidad en la que un miembro del Congreso o un miembro de su familia tenga un inter\u00e9s financiero.<\/p>\n\n\n\n<p>Los miembros pueden presentar hasta 10 solicitudes, aunque solo se pueden satisfacer dos o tres.<\/p>\n\n\n\n<p>Se recomienda a las organizaciones comunitarias, entidades sin fines de lucro y agencias gubernamentales que visiten nuestra Solicitud de Financiamiento de Proyectos Comunitarios espec\u00edficos, y revisen la informaci\u00f3n determinada sobre los tipos de proyectos que se considerar\u00e1n, as\u00ed como las instrucciones para enviar consultas y solicitudes.<\/p>\n\n\n\n<p>Las solicitudes se seleccionar\u00e1n en funci\u00f3n de la elegibilidad establecida en la ley y en los par\u00e1metros determinados por el Comit\u00e9 de Apropiaciones, as\u00ed como en funci\u00f3n de los m\u00e9ritos del proyecto en particular y los beneficios que proporcionar\u00eda a las comunidades en el Distrito Congresual 13 de NY.<\/p>\n\n\n\n<p class=\"has-text-align-right\"><em>Ram\u00f3n Mercedes<\/em><\/p>\n","protected":false},"excerpt":{"rendered":"<p>NUEVA YORK, EEUU.- El congresista Adriano Espaillat (NY-13) anunci\u00f3 la disponibilidad limitada de fondos federales a trav\u00e9s del proceso anual de asignaciones federales para proyectos comunitarios locales. \u201cComo miembro del poderoso Comit\u00e9 de Apropiaciones y representante de nuestra comunidad en el Congreso, lucho arduamente para asegurarme de que obtengamos nuestra parte justa de los fondos [&hellip;]<\/p>\n","protected":false},"author":1,"featured_media":0,"comment_status":"open","ping_status":"open","sticky":false,"template":"","format":"standard","meta":{"_bbp_topic_count":0,"_bbp_reply_count":0,"_bbp_total_topic_count":0,"_bbp_total_reply_count":0,"_bbp_voice_count":0,"_bbp_anonymous_reply_count":0,"_bbp_topic_count_hidden":0,"_bbp_reply_count_hidden":0,"_bbp_forum_subforum_count":0,"footnotes":""},"categories":[40,60],"tags":[],"class_list":{"0":"post-343288","1":"post","2":"type-post","3":"status-publish","4":"format-standard","6":"category-comunidad","7":"category-titulares-del-dia"},"_links":{"self":[{"href":"https:\/\/primermomento.com\/index.php?rest_route=\/wp\/v2\/posts\/343288","targetHints":{"allow":["GET"]}}],"collection":[{"href":"https:\/\/primermomento.com\/index.php?rest_route=\/wp\/v2\/posts"}],"about":[{"href":"https:\/\/primermomento.com\/index.php?rest_route=\/wp\/v2\/types\/post"}],"author":[{"embeddable":true,"href":"https:\/\/primermomento.com\/index.php?rest_route=\/wp\/v2\/users\/1"}],"replies":[{"embeddable":true,"href":"https:\/\/primermomento.com\/index.php?rest_route=%2Fwp%2Fv2%2Fcomments&post=343288"}],"version-history":[{"count":1,"href":"https:\/\/primermomento.com\/index.php?rest_route=\/wp\/v2\/posts\/343288\/revisions"}],"predecessor-version":[{"id":343291,"href":"https:\/\/primermomento.com\/index.php?rest_route=\/wp\/v2\/posts\/343288\/revisions\/343291"}],"wp:attachment":[{"href":"https:\/\/primermomento.com\/index.php?rest_route=%2Fwp%2Fv2%2Fmedia&parent=343288"}],"wp:term":[{"taxonomy":"category","embeddable":true,"href":"https:\/\/primermomento.com\/index.php?rest_route=%2Fwp%2Fv2%2Fcategories&post=343288"},{"taxonomy":"post_tag","embeddable":true,"href":"https:\/\/primermomento.com\/index.php?rest_route=%2Fwp%2Fv2%2Ftags&post=343288"}],"curies":[{"name":"wp","href":"https:\/\/api.w.org\/{rel}","templated":true}]}}