{"id":343405,"date":"2021-04-17T09:11:18","date_gmt":"2021-04-17T13:11:18","guid":{"rendered":"http:\/\/primermomento.com\/?p=343405"},"modified":"2021-04-17T09:11:20","modified_gmt":"2021-04-17T13:11:20","slug":"dominicanos-acuden-a-funeraria-despedir-a-dirigente-del-prm-en-ny","status":"publish","type":"post","link":"https:\/\/primermomento.com\/?p=343405","title":{"rendered":"Dominicanos acuden a funeraria despedir a dirigente del PRM en NY"},"content":{"rendered":"\n<p>NUEVA YORK, EEUU.- M\u00e1s de un centenar de dominicanos de diferentes estratos sociales y residentes en los cinco condados de esta ciudad acudieron este viernes a la funeraria Riverdale, en el Alto Manhattan, para darle el \u00faltimo adi\u00f3s al profesional y alto dirigente del PRM, Rafael Mendoza.<\/p>\n\n\n\n<div class=\"wp-block-image\"><figure class=\"aligncenter size-large\"><img loading=\"lazy\" decoding=\"async\" width=\"760\" height=\"241\" src=\"http:\/\/primermomento.com\/wp-content\/uploads\/2021\/04\/Dominicanos-NYC-acuden-a-funeraria-despedir-a-Rafael-Mendoza.jpg\" alt=\"\" class=\"wp-image-343406\" srcset=\"https:\/\/primermomento.com\/wp-content\/uploads\/2021\/04\/Dominicanos-NYC-acuden-a-funeraria-despedir-a-Rafael-Mendoza.jpg 760w, https:\/\/primermomento.com\/wp-content\/uploads\/2021\/04\/Dominicanos-NYC-acuden-a-funeraria-despedir-a-Rafael-Mendoza-300x95.jpg 300w, https:\/\/primermomento.com\/wp-content\/uploads\/2021\/04\/Dominicanos-NYC-acuden-a-funeraria-despedir-a-Rafael-Mendoza-500x159.jpg 500w, https:\/\/primermomento.com\/wp-content\/uploads\/2021\/04\/Dominicanos-NYC-acuden-a-funeraria-despedir-a-Rafael-Mendoza-280x89.jpg 280w, https:\/\/primermomento.com\/wp-content\/uploads\/2021\/04\/Dominicanos-NYC-acuden-a-funeraria-despedir-a-Rafael-Mendoza-638x202.jpg 638w, https:\/\/primermomento.com\/wp-content\/uploads\/2021\/04\/Dominicanos-NYC-acuden-a-funeraria-despedir-a-Rafael-Mendoza-118x37.jpg 118w, https:\/\/primermomento.com\/wp-content\/uploads\/2021\/04\/Dominicanos-NYC-acuden-a-funeraria-despedir-a-Rafael-Mendoza-479x152.jpg 479w\" sizes=\"auto, (max-width: 760px) 100vw, 760px\" \/><\/figure><\/div>\n\n\n\n<p>Se dieron cita profesionales, pol\u00edticos, comunitarios, periodistas, empresarios, bodegueros, taxistas, y ciudadanos comunes, entre otros, quienes coincid\u00edan en manifestar su pesar por el fallecimiento, ya que era un hombre del pueblo.<\/p>\n\n\n\n<p>Mendoza falleci\u00f3 hace la semana pasada luego que sufriera un aparente ataque cardiaco en su misma residencia y al caer se golpe\u00f3 fuertemente la cabeza, sin lograr recuperarse.<\/p>\n\n\n\n<p>Ser\u00e1 cremado en un acto privado, se inform\u00f3, Le sobreviven su esposa e hijos. \u00a1Paz a su alma!\u00a0<strong>Ver:<\/strong>\u00a0<a rel=\"noreferrer noopener\" href=\"https:\/\/www.youtube.com\/watch?v=JPV-C0lGKVE\" target=\"_blank\">https:\/\/www.youtube.com\/watch?v=JPV-C0lGKVE<\/a><\/p>\n\n\n\n<p class=\"has-text-align-right\"><em>Ram\u00f3n Mercedes<\/em><\/p>\n","protected":false},"excerpt":{"rendered":"<p>NUEVA YORK, EEUU.- M\u00e1s de un centenar de dominicanos de diferentes estratos sociales y residentes en los cinco condados de esta ciudad acudieron este viernes a la funeraria Riverdale, en el Alto Manhattan, para darle el \u00faltimo adi\u00f3s al profesional y alto dirigente del PRM, Rafael Mendoza. Se dieron cita profesionales, pol\u00edticos, comunitarios, periodistas, empresarios, [&hellip;]<\/p>\n","protected":false},"author":1,"featured_media":0,"comment_status":"open","ping_status":"open","sticky":false,"template":"","format":"standard","meta":{"_bbp_topic_count":0,"_bbp_reply_count":0,"_bbp_total_topic_count":0,"_bbp_total_reply_count":0,"_bbp_voice_count":0,"_bbp_anonymous_reply_count":0,"_bbp_topic_count_hidden":0,"_bbp_reply_count_hidden":0,"_bbp_forum_subforum_count":0,"footnotes":""},"categories":[40,60],"tags":[],"class_list":{"0":"post-343405","1":"post","2":"type-post","3":"status-publish","4":"format-standard","6":"category-comunidad","7":"category-titulares-del-dia"},"_links":{"self":[{"href":"https:\/\/primermomento.com\/index.php?rest_route=\/wp\/v2\/posts\/343405","targetHints":{"allow":["GET"]}}],"collection":[{"href":"https:\/\/primermomento.com\/index.php?rest_route=\/wp\/v2\/posts"}],"about":[{"href":"https:\/\/primermomento.com\/index.php?rest_route=\/wp\/v2\/types\/post"}],"author":[{"embeddable":true,"href":"https:\/\/primermomento.com\/index.php?rest_route=\/wp\/v2\/users\/1"}],"replies":[{"embeddable":true,"href":"https:\/\/primermomento.com\/index.php?rest_route=%2Fwp%2Fv2%2Fcomments&post=343405"}],"version-history":[{"count":1,"href":"https:\/\/primermomento.com\/index.php?rest_route=\/wp\/v2\/posts\/343405\/revisions"}],"predecessor-version":[{"id":343407,"href":"https:\/\/primermomento.com\/index.php?rest_route=\/wp\/v2\/posts\/343405\/revisions\/343407"}],"wp:attachment":[{"href":"https:\/\/primermomento.com\/index.php?rest_route=%2Fwp%2Fv2%2Fmedia&parent=343405"}],"wp:term":[{"taxonomy":"category","embeddable":true,"href":"https:\/\/primermomento.com\/index.php?rest_route=%2Fwp%2Fv2%2Fcategories&post=343405"},{"taxonomy":"post_tag","embeddable":true,"href":"https:\/\/primermomento.com\/index.php?rest_route=%2Fwp%2Fv2%2Ftags&post=343405"}],"curies":[{"name":"wp","href":"https:\/\/api.w.org\/{rel}","templated":true}]}}