{"id":343753,"date":"2021-04-26T18:37:58","date_gmt":"2021-04-26T22:37:58","guid":{"rendered":"http:\/\/primermomento.com\/?p=343753"},"modified":"2021-04-26T18:38:00","modified_gmt":"2021-04-26T22:38:00","slug":"exhorta-a-comunidad-dominicana-en-ny-participar-en-encuentro-con-senadores","status":"publish","type":"post","link":"https:\/\/primermomento.com\/?p=343753","title":{"rendered":"Exhorta a comunidad dominicana en NY participar en encuentro con senadores"},"content":{"rendered":"\n<p>\u00a0NUEVA YORK, EEUU.- En vista de que los diputados dominicanos en el exterior no han hecho nada por sus connacionales en el extranjero la entidad \u201cPrensa &amp; Comunidad Hispana (PreCoHis) exhorta a la comunidad quisqueyana en esta ciudad,\u00a0 participar del encuentro que sostendr\u00e1 la comisi\u00f3n de senadores que vendr\u00e1 desde RD en los pr\u00f3ximos d\u00edas.<\/p>\n\n\n\n<div class=\"wp-block-image\"><figure class=\"alignright size-large\"><img loading=\"lazy\" decoding=\"async\" width=\"452\" height=\"386\" src=\"http:\/\/primermomento.com\/wp-content\/uploads\/2021\/04\/Exhorta-comunidad-dominicana-NY-participar-de-encuentro-con-senadores-RD-proximo-sabado.jpg\" alt=\"\" class=\"wp-image-343754\" srcset=\"https:\/\/primermomento.com\/wp-content\/uploads\/2021\/04\/Exhorta-comunidad-dominicana-NY-participar-de-encuentro-con-senadores-RD-proximo-sabado.jpg 452w, https:\/\/primermomento.com\/wp-content\/uploads\/2021\/04\/Exhorta-comunidad-dominicana-NY-participar-de-encuentro-con-senadores-RD-proximo-sabado-300x256.jpg 300w, https:\/\/primermomento.com\/wp-content\/uploads\/2021\/04\/Exhorta-comunidad-dominicana-NY-participar-de-encuentro-con-senadores-RD-proximo-sabado-258x220.jpg 258w, https:\/\/primermomento.com\/wp-content\/uploads\/2021\/04\/Exhorta-comunidad-dominicana-NY-participar-de-encuentro-con-senadores-RD-proximo-sabado-118x101.jpg 118w\" sizes=\"auto, (max-width: 452px) 100vw, 452px\" \/><\/figure><\/div>\n\n\n\n<p>El periodista Ram\u00f3n Mercedes, presidente de PreCoHis y hablando en nombre de los dem\u00e1s directivos, sostiene que \u201clas organizaciones pol\u00edticas, comunitarias, sociales, deportivas, religiosas, y clubes, entre otras, deben acudir con planteamientos enfocados en busca de soluciones a los problemas que afectan nuestros connacionales en el exterior\u201d.<\/p>\n\n\n\n<p>Dicho encuentro, abierto a la comunidad, se realizar\u00e1 el pr\u00f3ximo s\u00e1bado 1 de mayo en el local \u201cSalsa con Fuego\u201d, ubicado en el 2297 de la avenida Cedar en El Bronx, casi esquina Fordham Road, a partir de las 12:00 del mediod\u00eda.<\/p>\n\n\n\n<p>El senador Carlos G\u00f3mez, presidente de la Comisi\u00f3n Permanente de Dominicanos Residentes en el Exterior, expres\u00f3 que la visita tiene como objetivo crear o modificar algunas leyes en favor de la colectividad dominicana.<\/p>\n\n\n\n<p>\u201cQueremos escuchar las diferentes problem\u00e1ticas y ver c\u00f3mo el Congreso, puede crear o modificar algunas leyes en beneficio de nuestros compatriotas\u00bb, asegur\u00f3 el legislador.<\/p>\n\n\n\n<p>Mercedes precis\u00f3 que PreCoHis, con su lema \u201cluchando por el inter\u00e9s colectivo hispano\u201d, ha decidido respaldar esta iniciativa porque la misma favorecer\u00e1 a toda la comunidad dominicana, no solo en Estados Unidos, tambi\u00e9n en el exterior.<\/p>\n\n\n\n<p>Seg\u00fan estimaciones, los criollos en el exterior env\u00edan cerca de 15 mil millones de d\u00f3lares anualmente al pa\u00eds en remesas; env\u00edo de miles de millones directo a trav\u00e9s de terceros (familiares, amigos y relacionados que llevan en sus bolsillos), sostuvo.<\/p>\n\n\n\n<p>Adem\u00e1s, miles de furgones llenos de medicina, ropa, alimentos y \u00fatiles deportivos, entre otras cosas, y ninguno de los gobiernos en RD se han preocupado por su mejor suerte, dice Prensa &amp; Comunidad Hispana, en un comunicado.<\/p>\n\n\n\n<p class=\"has-text-align-right\"><em>Ram\u00f3n Mercedes<\/em><\/p>\n","protected":false},"excerpt":{"rendered":"<p>\u00a0NUEVA YORK, EEUU.- En vista de que los diputados dominicanos en el exterior no han hecho nada por sus connacionales en el extranjero la entidad \u201cPrensa &amp; Comunidad Hispana (PreCoHis) exhorta a la comunidad quisqueyana en esta ciudad,\u00a0 participar del encuentro que sostendr\u00e1 la comisi\u00f3n de senadores que vendr\u00e1 desde RD en los pr\u00f3ximos d\u00edas. [&hellip;]<\/p>\n","protected":false},"author":1,"featured_media":0,"comment_status":"open","ping_status":"open","sticky":false,"template":"","format":"standard","meta":{"_bbp_topic_count":0,"_bbp_reply_count":0,"_bbp_total_topic_count":0,"_bbp_total_reply_count":0,"_bbp_voice_count":0,"_bbp_anonymous_reply_count":0,"_bbp_topic_count_hidden":0,"_bbp_reply_count_hidden":0,"_bbp_forum_subforum_count":0,"footnotes":""},"categories":[40,60],"tags":[],"class_list":{"0":"post-343753","1":"post","2":"type-post","3":"status-publish","4":"format-standard","6":"category-comunidad","7":"category-titulares-del-dia"},"_links":{"self":[{"href":"https:\/\/primermomento.com\/index.php?rest_route=\/wp\/v2\/posts\/343753","targetHints":{"allow":["GET"]}}],"collection":[{"href":"https:\/\/primermomento.com\/index.php?rest_route=\/wp\/v2\/posts"}],"about":[{"href":"https:\/\/primermomento.com\/index.php?rest_route=\/wp\/v2\/types\/post"}],"author":[{"embeddable":true,"href":"https:\/\/primermomento.com\/index.php?rest_route=\/wp\/v2\/users\/1"}],"replies":[{"embeddable":true,"href":"https:\/\/primermomento.com\/index.php?rest_route=%2Fwp%2Fv2%2Fcomments&post=343753"}],"version-history":[{"count":1,"href":"https:\/\/primermomento.com\/index.php?rest_route=\/wp\/v2\/posts\/343753\/revisions"}],"predecessor-version":[{"id":343755,"href":"https:\/\/primermomento.com\/index.php?rest_route=\/wp\/v2\/posts\/343753\/revisions\/343755"}],"wp:attachment":[{"href":"https:\/\/primermomento.com\/index.php?rest_route=%2Fwp%2Fv2%2Fmedia&parent=343753"}],"wp:term":[{"taxonomy":"category","embeddable":true,"href":"https:\/\/primermomento.com\/index.php?rest_route=%2Fwp%2Fv2%2Fcategories&post=343753"},{"taxonomy":"post_tag","embeddable":true,"href":"https:\/\/primermomento.com\/index.php?rest_route=%2Fwp%2Fv2%2Ftags&post=343753"}],"curies":[{"name":"wp","href":"https:\/\/api.w.org\/{rel}","templated":true}]}}