{"id":343759,"date":"2021-04-26T18:45:41","date_gmt":"2021-04-26T22:45:41","guid":{"rendered":"http:\/\/primermomento.com\/?p=343759"},"modified":"2021-04-26T18:45:42","modified_gmt":"2021-04-26T22:45:42","slug":"ponen-nombre-de-winston-arnaud-guzman-a-la-seccional-del-prm-en-nueva-york","status":"publish","type":"post","link":"https:\/\/primermomento.com\/?p=343759","title":{"rendered":"Ponen nombre de Winston Arnaud Guzm\u00e1n a la seccional del PRM en Nueva York"},"content":{"rendered":"\n<p>NUEVA YORK, EEUU.- El Partido Revolucionario Moderno (PRM) de esta ciudad design\u00f3 con el nombre de Winston Arnaud Guzm\u00e1n la seccional de\u00a0 Nueva York durante un acto donde asistieron los familiares del ex secretario general\u00a0 del Partido Revolucionario Dominicano (PRD).<\/p>\n\n\n\n<figure class=\"wp-block-image size-large\"><img loading=\"lazy\" decoding=\"async\" width=\"989\" height=\"488\" src=\"http:\/\/primermomento.com\/wp-content\/uploads\/2021\/04\/acto-PRM-en-NY1.jpg\" alt=\"\" class=\"wp-image-343760\" srcset=\"https:\/\/primermomento.com\/wp-content\/uploads\/2021\/04\/acto-PRM-en-NY1.jpg 989w, https:\/\/primermomento.com\/wp-content\/uploads\/2021\/04\/acto-PRM-en-NY1-300x148.jpg 300w, https:\/\/primermomento.com\/wp-content\/uploads\/2021\/04\/acto-PRM-en-NY1-768x379.jpg 768w, https:\/\/primermomento.com\/wp-content\/uploads\/2021\/04\/acto-PRM-en-NY1-500x247.jpg 500w, https:\/\/primermomento.com\/wp-content\/uploads\/2021\/04\/acto-PRM-en-NY1-280x138.jpg 280w, https:\/\/primermomento.com\/wp-content\/uploads\/2021\/04\/acto-PRM-en-NY1-638x315.jpg 638w, https:\/\/primermomento.com\/wp-content\/uploads\/2021\/04\/acto-PRM-en-NY1-118x58.jpg 118w, https:\/\/primermomento.com\/wp-content\/uploads\/2021\/04\/acto-PRM-en-NY1-479x236.jpg 479w\" sizes=\"auto, (max-width: 989px) 100vw, 989px\" \/><\/figure>\n\n\n\n<p>Durante la actividad fue develada una fotograf\u00eda del desaparecido ex diputado, oriundo de la provincia Espaillat (Moca), luego que la dirigente del PRM Susana Fr\u00edas leyera la biograf\u00eda de Winston Arnaud.<\/p>\n\n\n\n<p>El reconocimiento al ex dirigente del partido que lider\u00f3 el doctor Jos\u00e9 Francisco Pe\u00f1a G\u00f3mez fue precedido de un acto para recordar la Revoluci\u00f3n de Abril del 1965, el cual tuvo como orador principal el profesor Manuel F\u00e9lix (Manny), quien destac\u00f3 la participaci\u00f3n de los integrantes del Partido Revolucionario Dominicano (PRD), as\u00ed como de personas comunes del pueblo quienes enfrentaron la invasi\u00f3n de Estados Unidos el 28 de Abril del mismo a\u00f1o de la Revuelta C\u00edvica.<\/p>\n\n\n\n<p>Tras develar la foto de Arnaud Guzm\u00e1n, hicieron uso de la palabra su hijo, Wellington Arnaud Bison\u00f3, quien vino desde Rep\u00fablica Dominicana en compa\u00f1\u00eda de su madre la se\u00f1ora Bison\u00f3 y otros familiares.<\/p>\n\n\n\n<p>Tanto su hijo, Wellington Arnaud como el C\u00f3nsul de Rep\u00fablica Dominicana, en esta ciudad,&nbsp; ingeniero Eligio J\u00e1quez, quienes&nbsp;resaltaron los m\u00e9ritos personales y pol\u00edticos del dirigente Winston Arnaud Guzm\u00e1n, as\u00ed como sus luchas a favor del pueblo dominicano&nbsp; siempre al lado del l\u00edder de la Internacional Socialista y del Partido Revolucionario Dominicano, el doctor Jos\u00e9 Francisco Pe\u00f1a G\u00f3mez.<\/p>\n\n\n\n<p>&nbsp;El gestor cultural Frank Adolfo present\u00f3 dos poemas en alusi\u00f3n a la Revoluci\u00f3n de Abril, los cuales arrancaron largos aplausos de los asistentes. La invocaci\u00f3n religiosa fue realizada por la reverendo Elena Familia de Castillo.<\/p>\n\n\n\n<p>Al acto pol\u00edtico asistieron, adem\u00e1s del vicepresidente nacional del PRM, Eligio J\u00e1quez, Wellington Arnaud Bison\u00f3, director del Instituto Nacional de Agua Potable (INAPA), Nelson Arroyo, director de INDOTEl, Neftal\u00ed Fuerte, presidente de la seccional del PRM de Nueva York, Juanita Mart\u00ednez, vicepresidenta del PRM en New York, Manny F\u00e9lix, secretario de Organizaci\u00f3n y los presidentes de las regiones Manhattan, Bronx, Queens y Brooklyn, Dulce Collado, David Williams, V\u00edctor Guaba y Rafael Salazar, respectivamente. Asimismo asistieron los dirigentes de la comisi\u00f3n ejecutiva, Alejandro Rodriguez (Tonton), Ing. Antonio J\u00e1quez, Erasmo Chalas Tejeda, Eustaquia S\u00e1nchez, Ing. Alberto F\u00e9lix, John S\u00e1nchez, secretario general del PRM , William Aquino, entre otros activistas.<\/p>\n\n\n\n<p>La informaci\u00f3n fue ofrecida por el departamento de Prensa y Comunicaciones de la seccional del Partido Revolucionario Moderno (PRM). La maestr\u00eda de ceremonia fue realizada por&nbsp; David Williams y Ramona Almonte (Mon\u00edn).<\/p>\n\n\n\n<p><\/p>\n\n\n\n<p><\/p>\n","protected":false},"excerpt":{"rendered":"<p>NUEVA YORK, EEUU.- El Partido Revolucionario Moderno (PRM) de esta ciudad design\u00f3 con el nombre de Winston Arnaud Guzm\u00e1n la seccional de\u00a0 Nueva York durante un acto donde asistieron los familiares del ex secretario general\u00a0 del Partido Revolucionario Dominicano (PRD). Durante la actividad fue develada una fotograf\u00eda del desaparecido ex diputado, oriundo de la provincia [&hellip;]<\/p>\n","protected":false},"author":1,"featured_media":0,"comment_status":"open","ping_status":"open","sticky":false,"template":"","format":"standard","meta":{"_bbp_topic_count":0,"_bbp_reply_count":0,"_bbp_total_topic_count":0,"_bbp_total_reply_count":0,"_bbp_voice_count":0,"_bbp_anonymous_reply_count":0,"_bbp_topic_count_hidden":0,"_bbp_reply_count_hidden":0,"_bbp_forum_subforum_count":0,"footnotes":""},"categories":[60,31],"tags":[],"class_list":{"0":"post-343759","1":"post","2":"type-post","3":"status-publish","4":"format-standard","6":"category-titulares-del-dia","7":"category-estados-unidos"},"_links":{"self":[{"href":"https:\/\/primermomento.com\/index.php?rest_route=\/wp\/v2\/posts\/343759","targetHints":{"allow":["GET"]}}],"collection":[{"href":"https:\/\/primermomento.com\/index.php?rest_route=\/wp\/v2\/posts"}],"about":[{"href":"https:\/\/primermomento.com\/index.php?rest_route=\/wp\/v2\/types\/post"}],"author":[{"embeddable":true,"href":"https:\/\/primermomento.com\/index.php?rest_route=\/wp\/v2\/users\/1"}],"replies":[{"embeddable":true,"href":"https:\/\/primermomento.com\/index.php?rest_route=%2Fwp%2Fv2%2Fcomments&post=343759"}],"version-history":[{"count":1,"href":"https:\/\/primermomento.com\/index.php?rest_route=\/wp\/v2\/posts\/343759\/revisions"}],"predecessor-version":[{"id":343761,"href":"https:\/\/primermomento.com\/index.php?rest_route=\/wp\/v2\/posts\/343759\/revisions\/343761"}],"wp:attachment":[{"href":"https:\/\/primermomento.com\/index.php?rest_route=%2Fwp%2Fv2%2Fmedia&parent=343759"}],"wp:term":[{"taxonomy":"category","embeddable":true,"href":"https:\/\/primermomento.com\/index.php?rest_route=%2Fwp%2Fv2%2Fcategories&post=343759"},{"taxonomy":"post_tag","embeddable":true,"href":"https:\/\/primermomento.com\/index.php?rest_route=%2Fwp%2Fv2%2Ftags&post=343759"}],"curies":[{"name":"wp","href":"https:\/\/api.w.org\/{rel}","templated":true}]}}