{"id":343765,"date":"2021-04-26T18:54:09","date_gmt":"2021-04-26T22:54:09","guid":{"rendered":"http:\/\/primermomento.com\/?p=343765"},"modified":"2021-04-26T18:55:07","modified_gmt":"2021-04-26T22:55:07","slug":"intrant-reafirma-su-compromiso-con-la-movilidad-electrica","status":"publish","type":"post","link":"https:\/\/primermomento.com\/?p=343765","title":{"rendered":"INTRANT reafirma su compromiso con la movilidad el\u00e9ctrica"},"content":{"rendered":"\n<p>SANTO DOMINGO, Rep\u00fablica Dominicana.- Con el compromiso de promover formas de desplazamiento no contaminantes para el medio ambiente y contribuir en la construcci\u00f3n de h\u00e1bitos saludables en las formas en que se movilizan los ciudadanos en el Gran Santo Domingo, el Instituto Nacional de Tr\u00e1nsito y Transporte Terrestre (INTRANT), particip\u00f3 junto a Zero Emisi\u00f3n RD, en un d\u00eda dedicado a la movilidad el\u00e9ctrica.<\/p>\n\n\n\n<figure class=\"wp-block-image size-large\"><img loading=\"lazy\" decoding=\"async\" width=\"856\" height=\"571\" src=\"http:\/\/primermomento.com\/wp-content\/uploads\/2021\/04\/Intrant-y-Movilidad-electrica.jpg\" alt=\"\" class=\"wp-image-343766\" srcset=\"https:\/\/primermomento.com\/wp-content\/uploads\/2021\/04\/Intrant-y-Movilidad-electrica.jpg 856w, https:\/\/primermomento.com\/wp-content\/uploads\/2021\/04\/Intrant-y-Movilidad-electrica-300x200.jpg 300w, https:\/\/primermomento.com\/wp-content\/uploads\/2021\/04\/Intrant-y-Movilidad-electrica-768x512.jpg 768w, https:\/\/primermomento.com\/wp-content\/uploads\/2021\/04\/Intrant-y-Movilidad-electrica-73x50.jpg 73w, https:\/\/primermomento.com\/wp-content\/uploads\/2021\/04\/Intrant-y-Movilidad-electrica-500x334.jpg 500w, https:\/\/primermomento.com\/wp-content\/uploads\/2021\/04\/Intrant-y-Movilidad-electrica-280x187.jpg 280w, https:\/\/primermomento.com\/wp-content\/uploads\/2021\/04\/Intrant-y-Movilidad-electrica-60x40.jpg 60w, https:\/\/primermomento.com\/wp-content\/uploads\/2021\/04\/Intrant-y-Movilidad-electrica-638x426.jpg 638w, https:\/\/primermomento.com\/wp-content\/uploads\/2021\/04\/Intrant-y-Movilidad-electrica-118x79.jpg 118w, https:\/\/primermomento.com\/wp-content\/uploads\/2021\/04\/Intrant-y-Movilidad-electrica-479x320.jpg 479w\" sizes=\"auto, (max-width: 856px) 100vw, 856px\" \/><\/figure>\n\n\n\n<p>En la actividad eco amigable realizada en el Jard\u00edn Bot\u00e1nico Nacional, el director ejecutivo del INTRANT, Rafael Arias, expres\u00f3 que \u201ccomo instituci\u00f3n somos responsables de contribuir al compromiso pa\u00eds, asumido en el Acuerdo de Par\u00eds de reducir en un 25% las emisiones de Gases de Efecto Invernadero al 2030, as\u00ed como tambi\u00e9n, promover acciones de ciudades sostenibles frente al cambio clim\u00e1tico.<\/p>\n\n\n\n<p>Asimismo, Arias valor\u00f3 el inter\u00e9s de Zero Emisiones para el desarrollo de esa iniciativa en el pa\u00eds, en la persona de su director Charles S\u00e1nchez, al tiempo de saludar a los panelistas que participaron en el abordaje del tema \u201cTrayectoria de la Movilidad El\u00e9ctrica en RD, conformados por las citadas organizaciones, adem\u00e1s de ASOMOEDO, EVERGO y expertos del \u00e1rea automotriz\u201d.<\/p>\n\n\n\n<p>\u201cEl INTRANT como \u00f3rgano rector de la movilidad, el transporte terrestre, el tr\u00e1nsito, y la seguridad vial acorde a lo establecido en la ley 63-17, est\u00e1 comprometido con impulsar e incentivar el uso de energ\u00eda alternativa en el transporte, baja en emisiones, as\u00ed como tambi\u00e9n desarrollar pol\u00edticas p\u00fablicas necesarias para esta migraci\u00f3n, por todo lo que representa el desarrollo de este tema en la movilidad sostenible y en el cuidado al medio ambiente\u201d, sostuvo el director del INTRANT.<\/p>\n\n\n\n<p>\u201cPara este proceso de transformaci\u00f3n contamos con organismos internacionales como la Agencia Francesa de Desarrollo (AFD) y el Banco Interamericano de Desarrollo (BID), que establecen como marco de referencia las buenas pr\u00e1cticas que est\u00e1n ocurriendo actualmente en Am\u00e9rica Latina, Brasil, Chile, Colombia y M\u00e9xico, donde se han adelantado proyectos de adquisici\u00f3n de flotas de buses el\u00e9ctricos, en ciudades que han padecido serios problemas de calidad del aire\u201d, manifest\u00f3 Arias.<\/p>\n\n\n\n<p>El titular del INTRANT explic\u00f3 que, \u201cen el caso de Bogot\u00e1, Colombia, por ejemplo, se establecieron diversas medidas que permitieron la implementaci\u00f3n de la flota de buses el\u00e9ctricos m\u00e1s grande de Am\u00e9rica Latina, es as\u00ed como ya en la actualidad operan 259 buses y han sido adquiridos un total de 1,485 que operar\u00e1n en el a\u00f1o 2021, adem\u00e1s, se han adecuado tres patios de abastecimiento de carga para estos veh\u00edculos y cuentan con la mayor red de ciclov\u00edas de latinoam\u00e9rica de m\u00e1s de 500 km.<\/p>\n\n\n\n<p>El funcionario de transporte destac\u00f3 que en cumplimiento del Plan de Movilidad Urbana Sostenible, el INTRANT est\u00e1 incentivando al uso de energ\u00eda alternativa para las unidades de transporte p\u00fablico de pasajeros y que en esa perspectiva&nbsp;a trav\u00e9s de un acuerdo con el Consejo Nacional de Promoci\u00f3n y Apoyo a la Micro, Peque\u00f1a y Mediana Empresa (PROMIPYME), se realiza un plan piloto para la sustituci\u00f3n de motocicletas de gasolina por motocicletas el\u00e9ctricas.<\/p>\n\n\n\n<p>Como parte esencial del Plan Estrat\u00e9gico Nacional de Movilidad El\u00e9ctrica el INTRANT tiene el compromiso de seguir impulsando la movilidad sostenible baja en emisiones en nuestro pa\u00eds, de la mano del sector p\u00fablico y privado para contribuir a mitigar los efectos del cambio clim\u00e1tico, mejorar la calidad de aire y de esta manera garantizar la calidad de vida actual y futura de los ciudadanos, enfatiz\u00f3 Rafael Arias.<\/p>\n\n\n\n<p><\/p>\n","protected":false},"excerpt":{"rendered":"<p>SANTO DOMINGO, Rep\u00fablica Dominicana.- Con el compromiso de promover formas de desplazamiento no contaminantes para el medio ambiente y contribuir en la construcci\u00f3n de h\u00e1bitos saludables en las formas en que se movilizan los ciudadanos en el Gran Santo Domingo, el Instituto Nacional de Tr\u00e1nsito y Transporte Terrestre (INTRANT), particip\u00f3 junto a Zero Emisi\u00f3n RD, [&hellip;]<\/p>\n","protected":false},"author":1,"featured_media":0,"comment_status":"open","ping_status":"open","sticky":false,"template":"","format":"standard","meta":{"_bbp_topic_count":0,"_bbp_reply_count":0,"_bbp_total_topic_count":0,"_bbp_total_reply_count":0,"_bbp_voice_count":0,"_bbp_anonymous_reply_count":0,"_bbp_topic_count_hidden":0,"_bbp_reply_count_hidden":0,"_bbp_forum_subforum_count":0,"footnotes":""},"categories":[60,32],"tags":[],"class_list":{"0":"post-343765","1":"post","2":"type-post","3":"status-publish","4":"format-standard","6":"category-titulares-del-dia","7":"category-lo-ultimo"},"_links":{"self":[{"href":"https:\/\/primermomento.com\/index.php?rest_route=\/wp\/v2\/posts\/343765","targetHints":{"allow":["GET"]}}],"collection":[{"href":"https:\/\/primermomento.com\/index.php?rest_route=\/wp\/v2\/posts"}],"about":[{"href":"https:\/\/primermomento.com\/index.php?rest_route=\/wp\/v2\/types\/post"}],"author":[{"embeddable":true,"href":"https:\/\/primermomento.com\/index.php?rest_route=\/wp\/v2\/users\/1"}],"replies":[{"embeddable":true,"href":"https:\/\/primermomento.com\/index.php?rest_route=%2Fwp%2Fv2%2Fcomments&post=343765"}],"version-history":[{"count":1,"href":"https:\/\/primermomento.com\/index.php?rest_route=\/wp\/v2\/posts\/343765\/revisions"}],"predecessor-version":[{"id":343767,"href":"https:\/\/primermomento.com\/index.php?rest_route=\/wp\/v2\/posts\/343765\/revisions\/343767"}],"wp:attachment":[{"href":"https:\/\/primermomento.com\/index.php?rest_route=%2Fwp%2Fv2%2Fmedia&parent=343765"}],"wp:term":[{"taxonomy":"category","embeddable":true,"href":"https:\/\/primermomento.com\/index.php?rest_route=%2Fwp%2Fv2%2Fcategories&post=343765"},{"taxonomy":"post_tag","embeddable":true,"href":"https:\/\/primermomento.com\/index.php?rest_route=%2Fwp%2Fv2%2Ftags&post=343765"}],"curies":[{"name":"wp","href":"https:\/\/api.w.org\/{rel}","templated":true}]}}